{"id":72320,"date":"2024-10-29T11:15:00","date_gmt":"2024-10-29T10:15:00","guid":{"rendered":"https:\/\/miradordeatarfe.es\/?p=72320"},"modified":"2024-10-28T15:46:49","modified_gmt":"2024-10-28T14:46:49","slug":"atarfe-fiesta-de-halloween-2024","status":"publish","type":"post","link":"https:\/\/miradordeatarfe.es\/?p=72320","title":{"rendered":"ATARFE: \u00abFiesta de Halloween 2024\u00bb"},"content":{"rendered":"\n<p class=\"has-medium-font-size\"><strong>Prep\u00e1rate para una noche llena de terror, diversi\u00f3n y muchas sorpresas. Te esperamos el pr\u00f3ximo jueves 31 de octubre para celebrar Halloween como nunca. \u00a1Ven disfrazado y disfruta de todas las actividades que hemos preparado!<\/strong><\/p>\n\n\n\n<p>Halloween es una festividad que <strong>marca el d\u00eda anterior a la festividad cristiana occidental de Todos los Santos, o All Hallows, y que da inicio a la temporada de Allhallowtide<\/strong> . En gran parte de Europa y Am\u00e9rica del Norte, la celebraci\u00f3n de Halloween es en gran medida no religiosa.<\/p>\n\n\n\n<p>La concejal\u00eda de Fiestas, Juventud y Cultura del Excmo. Ayuntamiento de Atarfe TE INVITA A PARTICIPAR EN ESTA FIESTA DE HALLOWEEN<\/p>\n\n\n\n<p><strong>Programaci\u00f3n:<\/strong><\/p>\n\n\n\n<p><strong>&#x1f538; 18:00 &#8211; Pasacalles<\/strong><\/p>\n\n\n\n<p>Partimos desde el Centro Cultural Medina Elvira y recorreremos las calles de Atarfe hasta llegar al Parque Ram\u00f3n Gard\u00f3n. Las personas participantes deber\u00e1n concentrarse en la puerta del Centro Cultural Medina Elvira el d\u00eda 31 de octubre a las 17.45 horas, desde donde el desfile iniciar\u00e1 su recorrido a las 18 horas.<\/p>\n\n\n\n<p> Recorrido:<\/p>\n\n\n\n<figure class=\"wp-block-image size-large\"><img data-recalc-dims=\"1\" loading=\"lazy\" decoding=\"async\" width=\"640\" height=\"345\" src=\"https:\/\/i0.wp.com\/miradordeatarfe.es\/wp-content\/uploads\/2024\/10\/Screenshot-2024-10-28-at-15-23-08-recorrido-pasacalles-halloween-2024.pdf.png?resize=640%2C345&#038;ssl=1\" alt=\"\" class=\"wp-image-72321\" srcset=\"https:\/\/i0.wp.com\/miradordeatarfe.es\/wp-content\/uploads\/2024\/10\/Screenshot-2024-10-28-at-15-23-08-recorrido-pasacalles-halloween-2024.pdf.png?resize=1024%2C552&amp;ssl=1 1024w, https:\/\/i0.wp.com\/miradordeatarfe.es\/wp-content\/uploads\/2024\/10\/Screenshot-2024-10-28-at-15-23-08-recorrido-pasacalles-halloween-2024.pdf.png?resize=300%2C162&amp;ssl=1 300w, https:\/\/i0.wp.com\/miradordeatarfe.es\/wp-content\/uploads\/2024\/10\/Screenshot-2024-10-28-at-15-23-08-recorrido-pasacalles-halloween-2024.pdf.png?resize=768%2C414&amp;ssl=1 768w, https:\/\/i0.wp.com\/miradordeatarfe.es\/wp-content\/uploads\/2024\/10\/Screenshot-2024-10-28-at-15-23-08-recorrido-pasacalles-halloween-2024.pdf.png?resize=1536%2C828&amp;ssl=1 1536w, https:\/\/i0.wp.com\/miradordeatarfe.es\/wp-content\/uploads\/2024\/10\/Screenshot-2024-10-28-at-15-23-08-recorrido-pasacalles-halloween-2024.pdf.png?resize=1320%2C711&amp;ssl=1 1320w, https:\/\/i0.wp.com\/miradordeatarfe.es\/wp-content\/uploads\/2024\/10\/Screenshot-2024-10-28-at-15-23-08-recorrido-pasacalles-halloween-2024.pdf.png?w=1553&amp;ssl=1 1553w\" sizes=\"auto, (max-width: 640px) 100vw, 640px\" \/><\/figure>\n\n\n\n<p>&#x1f538;<strong> 19:00h &#8211; Actividades en el Parque Ram\u00f3n Gard\u00f3n<\/strong><\/p>\n\n\n\n<ul class=\"wp-block-list\">\n<li>Talleres terror\u00edficos<\/li>\n\n\n\n<li>Scape Room infantil<\/li>\n\n\n\n<li>Gymkana Frankenstein<\/li>\n<\/ul>\n\n\n\n<p><strong>&#x1f538; 20:00h &#8211; Concurso de disfraces<\/strong><\/p>\n\n\n\n<p>La concejal\u00eda de Fiestas, Juventud y Cultura del Excmo. Ayuntamiento de Atarfe organiza y convoca \u201cel concurso de disfraces\u201d con motivo de la celebraci\u00f3n de Halloween 2024, con la finalidad de promover la<br \/>participaci\u00f3n de la poblaci\u00f3n de Atarfe.<\/p>\n\n\n\n<p>Podr\u00e1n participar en el concurso en la modalidad de individual infantil, pareja\/trio o grupo, todas las personas o colectivos mayores de 13 a\u00f1os, o menores acompa\u00f1ados de un adulto, que se hayan inscrito previamente para su participaci\u00f3n en dicho concurso, cumplir con los requisitos que se indican.<\/p>\n\n\n\n<p>Modalidades:Inscripci\u00f3n individual: infantil hasta 13 a\u00f1os.Inscripci\u00f3n parejas o tr\u00edos: se entender\u00e1 cuando se elabore un disfraz con la misma tem\u00e1tica para sus componentes.Inscripci\u00f3n grupo: se entender\u00e1 por grupo, aquellos colectivos con m\u00ednimo 4 personas que elaboren un disfraz con la misma tem\u00e1tica para todos sus componentes.Ser\u00e1 requisito indispensable realizar el recorrido completo del desfile de Halloween. Para que se celebre la actividad deber\u00e1 haber m\u00ednimo 5inscripciones por modalidad.<\/p>\n\n\n\n<p>TE RECOMENDAMOS VEAS LAS BASES Y LA SOLICITUDES EN EL SIGUIENTE ENLACE:<\/p>\n\n\n\n<p><a href=\"https:\/\/drive.google.com\/file\/d\/1XXkm5GQibWon6pwf2BnCYlRS4DLU9bHt\/view?usp=sharing\">https:\/\/drive.google.com\/file\/d\/1XXkm5GQibWon6pwf2BnCYlRS4DLU9bHt\/view?usp=sharing<\/a><\/p>\n\n\n\n<p>Adem\u00e1s,nos invita a  disfruta de puestos de casta\u00f1as y churros en el parque Ram\u00f3n Gard\u00f3n<\/p>\n\n\n\n<p>\u00a1No faltes a esta fiesta monstruosa y llena de diversi\u00f3n! <\/p>\n\n\n\n<figure class=\"wp-block-image size-full\"><img data-recalc-dims=\"1\" loading=\"lazy\" decoding=\"async\" width=\"600\" height=\"849\" src=\"https:\/\/i0.wp.com\/miradordeatarfe.es\/wp-content\/uploads\/2024\/10\/Imagen-de-WhatsApp-2024-10-28-a-las-14.14.31_27fc3f20.jpg?resize=600%2C849&#038;ssl=1\" alt=\"\" class=\"wp-image-72322\" srcset=\"https:\/\/i0.wp.com\/miradordeatarfe.es\/wp-content\/uploads\/2024\/10\/Imagen-de-WhatsApp-2024-10-28-a-las-14.14.31_27fc3f20.jpg?w=600&amp;ssl=1 600w, https:\/\/i0.wp.com\/miradordeatarfe.es\/wp-content\/uploads\/2024\/10\/Imagen-de-WhatsApp-2024-10-28-a-las-14.14.31_27fc3f20.jpg?resize=212%2C300&amp;ssl=1 212w\" sizes=\"auto, (max-width: 600px) 100vw, 600px\" \/><\/figure>\n\n\n\n\n","protected":false},"excerpt":{"rendered":"<p>Prep\u00e1rate para una noche llena de terror, diversi\u00f3n y muchas sorpresas. Te esperamos el pr\u00f3ximo&#8230;<\/p>\n","protected":false},"author":1,"featured_media":72323,"comment_status":"closed","ping_status":"closed","sticky":false,"template":"","format":"standard","meta":{"_coblocks_attr":"","_coblocks_dimensions":"","_coblocks_responsive_height":"","_coblocks_accordion_ie_support":"","jetpack_post_was_ever_published":false,"_jetpack_newsletter_access":"","_jetpack_dont_email_post_to_subs":false,"_jetpack_newsletter_tier_id":0,"_jetpack_memberships_contains_paywalled_content":false,"_jetpack_memberships_contains_paid_content":false,"footnotes":"","jetpack_publicize_message":"","jetpack_publicize_feature_enabled":true,"jetpack_social_post_already_shared":true,"jetpack_social_options":{"image_generator_settings":{"template":"highway","default_image_id":0,"enabled":false},"version":2}},"categories":[2,1161,186,44],"tags":[],"class_list":["post-72320","post","type-post","status-publish","format-standard","has-post-thumbnail","hentry","category-atarfe","category-ciudadania","category-instituciones","category-noticias-de-hoy"],"jetpack_publicize_connections":[],"jetpack_featured_media_url":"https:\/\/i0.wp.com\/miradordeatarfe.es\/wp-content\/uploads\/2024\/10\/Imagen-de-WhatsApp-2024-10-28-a-las-14.14.31_27fc3f20-1.jpg?fit=600%2C272&ssl=1","jetpack_likes_enabled":true,"jetpack_sharing_enabled":true,"_links":{"self":[{"href":"https:\/\/miradordeatarfe.es\/index.php?rest_route=\/wp\/v2\/posts\/72320","targetHints":{"allow":["GET"]}}],"collection":[{"href":"https:\/\/miradordeatarfe.es\/index.php?rest_route=\/wp\/v2\/posts"}],"about":[{"href":"https:\/\/miradordeatarfe.es\/index.php?rest_route=\/wp\/v2\/types\/post"}],"author":[{"embeddable":true,"href":"https:\/\/miradordeatarfe.es\/index.php?rest_route=\/wp\/v2\/users\/1"}],"replies":[{"embeddable":true,"href":"https:\/\/miradordeatarfe.es\/index.php?rest_route=%2Fwp%2Fv2%2Fcomments&post=72320"}],"version-history":[{"count":1,"href":"https:\/\/miradordeatarfe.es\/index.php?rest_route=\/wp\/v2\/posts\/72320\/revisions"}],"predecessor-version":[{"id":72324,"href":"https:\/\/miradordeatarfe.es\/index.php?rest_route=\/wp\/v2\/posts\/72320\/revisions\/72324"}],"wp:featuredmedia":[{"embeddable":true,"href":"https:\/\/miradordeatarfe.es\/index.php?rest_route=\/wp\/v2\/media\/72323"}],"wp:attachment":[{"href":"https:\/\/miradordeatarfe.es\/index.php?rest_route=%2Fwp%2Fv2%2Fmedia&parent=72320"}],"wp:term":[{"taxonomy":"category","embeddable":true,"href":"https:\/\/miradordeatarfe.es\/index.php?rest_route=%2Fwp%2Fv2%2Fcategories&post=72320"},{"taxonomy":"post_tag","embeddable":true,"href":"https:\/\/miradordeatarfe.es\/index.php?rest_route=%2Fwp%2Fv2%2Ftags&post=72320"}],"curies":[{"name":"wp","href":"https:\/\/api.w.org\/{rel}","templated":true}]}}