{"id":72336,"date":"2024-10-30T11:00:08","date_gmt":"2024-10-30T10:00:08","guid":{"rendered":"https:\/\/miradordeatarfe.es\/?p=72336"},"modified":"2024-10-30T10:49:28","modified_gmt":"2024-10-30T09:49:28","slug":"atarfe-hoy-presentacion-del-libro-plazas-de-los-lobos-1968-1977","status":"publish","type":"post","link":"https:\/\/miradordeatarfe.es\/?p=72336","title":{"rendered":"ATARFE: Hoy presentaci\u00f3n del libro : \u00abPlazas de los Lobos 1968-1977"},"content":{"rendered":"\n<p class=\"has-medium-font-size\">N<strong>uestros vecinos Roque Hidalgo y Carmen Morente intervienen en la presentaci\u00f3n de este libro hoy a las 19h en el Centro<\/strong> <strong>Cultural Medina Elvira MEMORIAS DE ESTUDIANTES ANTIFRANQUISTAS DE LA UNIVERSIDAD DE GRANADA<\/strong><\/p>\n\n\n\n<p>Este libro re\u00fane trece art\u00edculos. Han sido escritos por quienes estudiaron en la Universidad de Granada entre la segunda mitad de los a\u00f1os 60 y la primera mitad de los 70 del siglo XX. Las autoras y autores tienen en com\u00fan haber pasado por las manos de la polic\u00eda pol\u00edtica de la dictadura franquista, la Brigada Pol\u00edtico Social (BPS), y por la Jefatura Superior de Polic\u00eda de la Regi\u00f3n de Andaluc\u00eda Oriental. El edificio en el que se alojaba en aquellos a\u00f1os, hoy propiedad de la Universidad de Granada, daba a la calle Duquesa y a la peque\u00f1a calle Jard\u00edn Bot\u00e1nico. All\u00ed fueron llevados, tras su detenci\u00f3n, a trav\u00e9s de la plaza de los Lobos. All\u00ed fueron encerrados en mugrientas celdas. All\u00ed fueron interrogados y torturados. Su delito: la lucha, obligatoriamente clandestina, por la libertad y los derechos humanos. Una placa lo recuerda hoy.<br \/>En estos art\u00edculos afloran los fragmentos de memoria que cada autora o autor ha decidido hacer p\u00fablicos en esta ocasi\u00f3n. Su lectura permite un interesante paseo por aquella Universidad de Granada, que seguro que ayud\u00f3 a construir la actual. Adem\u00e1s, creemos que ser\u00e1 instrumento para que estudiantes, actuales y futuros, valoren y defiendan una sociedad con derechos.<\/p>\n\n\n\n<p>Nuestra vecina<strong> Carmen Morente<\/strong>, resistente nata, narra su maltrato y encierro en el centro psiqui\u00e1trico. Pormenoriza el ambiente s\u00f3rdido, rodeada de otras mujeres v\u00edctimas de la incomprensi\u00f3n y enloquecidas de soledad. Doblemente vigilada, encontr\u00f3 en su madre el apoyo preciso. Fue ella quien tuvo la idea de la placa conmemorativa colocada en el edificio de la antigua Jefatura Superior de Polic\u00eda de Andaluc\u00eda Oriental, \u201cplaca\u201d que es el leitmotiv de este libro.<\/p>\n\n\n\n<figure class=\"wp-block-image size-full is-resized\"><img data-recalc-dims=\"1\" loading=\"lazy\" decoding=\"async\" width=\"546\" height=\"333\" src=\"https:\/\/i0.wp.com\/miradordeatarfe.es\/wp-content\/uploads\/2024\/10\/Imagen-de-WhatsApp-2024-10-30-a-las-09.05.16_d94a4070.jpg?resize=546%2C333&#038;ssl=1\" alt=\"\" class=\"wp-image-72337\" style=\"width:643px;height:auto\" srcset=\"https:\/\/i0.wp.com\/miradordeatarfe.es\/wp-content\/uploads\/2024\/10\/Imagen-de-WhatsApp-2024-10-30-a-las-09.05.16_d94a4070.jpg?w=546&amp;ssl=1 546w, https:\/\/i0.wp.com\/miradordeatarfe.es\/wp-content\/uploads\/2024\/10\/Imagen-de-WhatsApp-2024-10-30-a-las-09.05.16_d94a4070.jpg?resize=300%2C183&amp;ssl=1 300w\" sizes=\"auto, (max-width: 546px) 100vw, 546px\" \/><\/figure>\n\n\n\n\n","protected":false},"excerpt":{"rendered":"<p>Nuestros vecinos Roque Hidalgo y Carmen Morente intervienen en la presentaci\u00f3n de este libro hoy&#8230;<\/p>\n","protected":false},"author":1,"featured_media":72338,"comment_status":"closed","ping_status":"closed","sticky":false,"template":"","format":"standard","meta":{"_coblocks_attr":"","_coblocks_dimensions":"","_coblocks_responsive_height":"","_coblocks_accordion_ie_support":"","jetpack_post_was_ever_published":false,"_jetpack_newsletter_access":"","_jetpack_dont_email_post_to_subs":false,"_jetpack_newsletter_tier_id":0,"_jetpack_memberships_contains_paywalled_content":false,"_jetpack_memberships_contains_paid_content":false,"footnotes":"","jetpack_publicize_message":"","jetpack_publicize_feature_enabled":true,"jetpack_social_post_already_shared":true,"jetpack_social_options":{"image_generator_settings":{"template":"highway","default_image_id":0,"enabled":false},"version":2}},"categories":[2,186,7721,44],"tags":[],"class_list":["post-72336","post","type-post","status-publish","format-standard","has-post-thumbnail","hentry","category-atarfe","category-instituciones","category-mujeres-que-cambiaron-la-historia","category-noticias-de-hoy"],"jetpack_publicize_connections":[],"jetpack_featured_media_url":"https:\/\/i0.wp.com\/miradordeatarfe.es\/wp-content\/uploads\/2024\/10\/66e1470b003d8.r_d.348-398-17751.jpeg?fit=1200%2C630&ssl=1","jetpack_likes_enabled":true,"jetpack_sharing_enabled":true,"_links":{"self":[{"href":"https:\/\/miradordeatarfe.es\/index.php?rest_route=\/wp\/v2\/posts\/72336","targetHints":{"allow":["GET"]}}],"collection":[{"href":"https:\/\/miradordeatarfe.es\/index.php?rest_route=\/wp\/v2\/posts"}],"about":[{"href":"https:\/\/miradordeatarfe.es\/index.php?rest_route=\/wp\/v2\/types\/post"}],"author":[{"embeddable":true,"href":"https:\/\/miradordeatarfe.es\/index.php?rest_route=\/wp\/v2\/users\/1"}],"replies":[{"embeddable":true,"href":"https:\/\/miradordeatarfe.es\/index.php?rest_route=%2Fwp%2Fv2%2Fcomments&post=72336"}],"version-history":[{"count":1,"href":"https:\/\/miradordeatarfe.es\/index.php?rest_route=\/wp\/v2\/posts\/72336\/revisions"}],"predecessor-version":[{"id":72339,"href":"https:\/\/miradordeatarfe.es\/index.php?rest_route=\/wp\/v2\/posts\/72336\/revisions\/72339"}],"wp:featuredmedia":[{"embeddable":true,"href":"https:\/\/miradordeatarfe.es\/index.php?rest_route=\/wp\/v2\/media\/72338"}],"wp:attachment":[{"href":"https:\/\/miradordeatarfe.es\/index.php?rest_route=%2Fwp%2Fv2%2Fmedia&parent=72336"}],"wp:term":[{"taxonomy":"category","embeddable":true,"href":"https:\/\/miradordeatarfe.es\/index.php?rest_route=%2Fwp%2Fv2%2Fcategories&post=72336"},{"taxonomy":"post_tag","embeddable":true,"href":"https:\/\/miradordeatarfe.es\/index.php?rest_route=%2Fwp%2Fv2%2Ftags&post=72336"}],"curies":[{"name":"wp","href":"https:\/\/api.w.org\/{rel}","templated":true}]}}