{"id":72341,"date":"2024-11-01T08:17:00","date_gmt":"2024-11-01T07:17:00","guid":{"rendered":"https:\/\/miradordeatarfe.es\/?p=72341"},"modified":"2024-10-30T12:51:38","modified_gmt":"2024-10-30T11:51:38","slug":"ramon-martinez-el-poeta-de-fuente-vaqueros-premio-internacional-a-la-excelencia-cultural-y-al-desempeno-social-citta-del-galateo-antonio-de-ferraris","status":"publish","type":"post","link":"https:\/\/miradordeatarfe.es\/?p=72341","title":{"rendered":"Premio internacional a LA EXCELENCIA CULTURAL Y AL DESEMPE\u00d1O SOCIAL"},"content":{"rendered":"\n<p class=\"has-medium-font-size\">\u201d<strong>RAM\u00d3N MART\u00cdNEZ, EL POETA DE FUENTE VAQUEROS, PREMIO INTERNACIONAL A LA EXCELENCIA CULTURAL Y AL DESEMPE\u00d1O SOCIAL \u201cCITT\u00c1 DEL GALATEO-ANTONIO DE FERRARIS\u201d.<\/strong><\/p>\n\n\n\n<p>El poeta fuenterino se alza con un nuevo premio internacional. Esta vez, ha sido en Mil\u00e1n, y concretamente la Asociaci\u00f3n VerbumlandiArt, presidida por Regina Resta, quien ha concedido uno de los galardones m\u00e1s prestigiosos del panorama cultural al poeta y profesor, Ram\u00f3n Mart\u00ednez.<\/p>\n\n\n\n<p>El autor de Manual de supervivencia y La eternidad ten\u00eda la forma de sus labios-poemarios editados por Valpara\u00edso Ediciones- recib\u00eda as\u00ed en la ciudad italiana un premio en reconocimiento a su buen hacer literario y a su preocupaci\u00f3n social.<\/p>\n\n\n\n<p>La poes\u00eda del granadino sigue abriendo fronteras gracias a la dif\u00edcil sencillez que desprenden unos versos que, a veces, parecen composiciones musicales o cuadros pintados con palabras, como se ha llegado a decir de su \u00faltimo poemario, \u00abCuando la lluvia no moje nuestros cuerpos\u00bb , publicado recientemente por Valpara\u00edso.<\/p>\n\n\n\n<p><em>Los buenos poemas, igual que las buenas canciones, ponen palabras a lo que sentimos cuando nos reconocemos. Somos iguales y en la intimidad de otros nos vemos a nosotros mismos. Pero hay que estar muy atentos. No es f\u00e1cil captarlo. Es un juego de espejos. El poeta se mira, y nos ense\u00f1a lo que ve, y nosotros lo miramos y, si hay suerte, nos vemos. Lo importante es el principio y el \ufb01nal. Si el poeta no se ve al mirarse, nosotros tampoco nos veremos al mirarlo. Ram\u00f3n Mart\u00ednez sabe mirarse y por eso podemos vernos. Conoce este juego y lo domina. No es un juego trivial, le va la vida en ello. No es un juego nuevo, pero nos gusta jugarlo. Y, adem\u00e1s, le da otra vuelta de tuerca. En su mecanismo de espejos las canciones-poema que lo inspiraron traen nuevos poemas-canciones que invitan al lector a quedarse con \u00e9l en instantes que quiz\u00e1s no hab\u00edamos visto, o no quer\u00edamos, o no sab\u00edamos ver. El autor viaja por sus noches de insomnio, teme m\u00e1s a sus dudas que a casi nada, se hunde en la carne de los cuerpos enredados, se cuestiona el tiempo y pasea por el \ufb01lo de lo que le duele. Y en tiempos de urgencias y de super\ufb01cie es de agradecer que Ram\u00f3n decida mirarse de frente, lejos de la prisa, por donde anda el silencio, como \u00e9l nos dice. Ah\u00ed es donde mejor resuenan las buenas\u00a0\u00a0 canciones y, sobre todo, los buenos poemas en los que al verlo, nos vemos.<\/em><\/p>\n\n\n\n<p>JUAN ALBERTO MART\u00cdNEZ, CANTANTE DE \u201cNI\u00d1OS MUTANTES\u201d<\/p>\n","protected":false},"excerpt":{"rendered":"<p>\u201dRAM\u00d3N MART\u00cdNEZ, EL POETA DE FUENTE VAQUEROS, PREMIO INTERNACIONAL A LA EXCELENCIA CULTURAL Y AL&#8230;<\/p>\n","protected":false},"author":1,"featured_media":72342,"comment_status":"closed","ping_status":"closed","sticky":false,"template":"","format":"standard","meta":{"_coblocks_attr":"","_coblocks_dimensions":"","_coblocks_responsive_height":"","_coblocks_accordion_ie_support":"","jetpack_post_was_ever_published":false,"_jetpack_newsletter_access":"","_jetpack_dont_email_post_to_subs":false,"_jetpack_newsletter_tier_id":0,"_jetpack_memberships_contains_paywalled_content":false,"_jetpack_memberships_contains_paid_content":false,"footnotes":"","jetpack_publicize_message":"","jetpack_publicize_feature_enabled":true,"jetpack_social_post_already_shared":true,"jetpack_social_options":{"image_generator_settings":{"template":"highway","default_image_id":0,"enabled":false},"version":2}},"categories":[1161,44,6937],"tags":[],"class_list":["post-72341","post","type-post","status-publish","format-standard","has-post-thumbnail","hentry","category-ciudadania","category-noticias-de-hoy","category-sociedad"],"jetpack_publicize_connections":[],"jetpack_featured_media_url":"https:\/\/i0.wp.com\/miradordeatarfe.es\/wp-content\/uploads\/2024\/10\/Screenshot-2024-10-30-at-11-19-54-Nota-prensa-Premio-Antonio-Ferraris.pdf.png?fit=594%2C397&ssl=1","jetpack_likes_enabled":true,"jetpack_sharing_enabled":true,"_links":{"self":[{"href":"https:\/\/miradordeatarfe.es\/index.php?rest_route=\/wp\/v2\/posts\/72341","targetHints":{"allow":["GET"]}}],"collection":[{"href":"https:\/\/miradordeatarfe.es\/index.php?rest_route=\/wp\/v2\/posts"}],"about":[{"href":"https:\/\/miradordeatarfe.es\/index.php?rest_route=\/wp\/v2\/types\/post"}],"author":[{"embeddable":true,"href":"https:\/\/miradordeatarfe.es\/index.php?rest_route=\/wp\/v2\/users\/1"}],"replies":[{"embeddable":true,"href":"https:\/\/miradordeatarfe.es\/index.php?rest_route=%2Fwp%2Fv2%2Fcomments&post=72341"}],"version-history":[{"count":4,"href":"https:\/\/miradordeatarfe.es\/index.php?rest_route=\/wp\/v2\/posts\/72341\/revisions"}],"predecessor-version":[{"id":72365,"href":"https:\/\/miradordeatarfe.es\/index.php?rest_route=\/wp\/v2\/posts\/72341\/revisions\/72365"}],"wp:featuredmedia":[{"embeddable":true,"href":"https:\/\/miradordeatarfe.es\/index.php?rest_route=\/wp\/v2\/media\/72342"}],"wp:attachment":[{"href":"https:\/\/miradordeatarfe.es\/index.php?rest_route=%2Fwp%2Fv2%2Fmedia&parent=72341"}],"wp:term":[{"taxonomy":"category","embeddable":true,"href":"https:\/\/miradordeatarfe.es\/index.php?rest_route=%2Fwp%2Fv2%2Fcategories&post=72341"},{"taxonomy":"post_tag","embeddable":true,"href":"https:\/\/miradordeatarfe.es\/index.php?rest_route=%2Fwp%2Fv2%2Ftags&post=72341"}],"curies":[{"name":"wp","href":"https:\/\/api.w.org\/{rel}","templated":true}]}}