{"id":72355,"date":"2024-11-03T10:32:00","date_gmt":"2024-11-03T09:32:00","guid":{"rendered":"https:\/\/miradordeatarfe.es\/?p=72355"},"modified":"2024-10-30T12:39:41","modified_gmt":"2024-10-30T11:39:41","slug":"ningun-cancer-es-rosa-el-de-las-mujeres-tampoco","status":"publish","type":"post","link":"https:\/\/miradordeatarfe.es\/?p=72355","title":{"rendered":"Ning\u00fan c\u00e1ncer es rosa, el de las mujeres tampoco"},"content":{"rendered":"\n<p class=\"has-medium-font-size\"><strong>La investigaci\u00f3n e innovaci\u00f3n en oncolog\u00eda debe ser una inversi\u00f3n p\u00fablica, sanitaria, social y econ\u00f3mica. No puede depender de intereses empresariales y campa\u00f1as de marketing que edulcoran la crudeza de una enfermedad como esta<\/strong><\/p>\n\n\n\n<p>El <a href=\"https:\/\/elpais.com\/noticias\/cancer-mama\/\" target=\"_blank\" rel=\"noreferrer noopener\">c\u00e1ncer de mama<\/a> es el tipo de tumor m\u00e1s frecuente entre las mujeres y la primera causa por la que mueren en Espa\u00f1a cuando hay un diagn\u00f3stico de c\u00e1ncer: 6.677 en 2023, casi 100.000 en la \u00faltima d\u00e9cada y media. Ser mujer es el principal factor de riesgo para tener un c\u00e1ncer de mama y morir de \u00e9l; en hombres, el porcentaje de casos es del 1,5% del total. Y la tasa de supervivencia ha aumentado, s\u00ed, una excelente noticia; aunque tambi\u00e9n es importante saber que esa tasa de supervivencia se mide a cinco a\u00f1os, que es el tiempo que duran los tratamientos de mantenimiento, normalmente la hormonoterapia. Pasado ese tiempo, cuando ya no hay tratamientos de mantenimiento, la mortalidad de aquellas que han pasado un c\u00e1ncer de mama aumenta. Tanto, que la comunidad m\u00e9dica empieza a alargarlos hasta los siete, los 10 a\u00f1os, para evitar las reca\u00eddas, las recidivas, las met\u00e1stasis en otros \u00f3rganos de nuestro cuerpo: cerebro, pulm\u00f3n, huesos e h\u00edgado son los puntos m\u00e1s frecuentes. El c\u00e1ncer metast\u00e1sico es incurable y es esa met\u00e1stasis lo que mata a las mujeres enfermas y esa met\u00e1stasis llega a producirse en hasta el 30% de los c\u00e1nceres de mama. Yo puedo estar libre de enfermedad en este momento, pero nadie me asegura que esto vaya a ser as\u00ed para siempre. Ego\u00edstas, inmortales y viajeras, as\u00ed son las c\u00e9lulas de c\u00e1ncer (lean el libro del mismo nombre escrito por Carlos L\u00f3pez-Ot\u00edn)<\/p>\n\n\n\n<p>El c\u00e1ncer duele f\u00edsica y emocionalmente. Morir a causa de un c\u00e1ncer, sea de mama, de p\u00e1ncreas, cerebro o pulm\u00f3n es una de las experiencias m\u00e1s dolorosas y duras por las que puede pasar una persona y su gente querida. Quiz\u00e1 por eso hay tanto miedo a nombrar la palabra c\u00e1ncer, por eso y por el estigma de que igual hay algo de culpa personal en ese diagn\u00f3stico, de lo que ha hecho o ha dejado de hacer. Qu\u00e9 f\u00e1cil es reducir lo complejo a la culpa. Miedo, culpa y tambi\u00e9n desconocimiento; mejor dicho, ignorancia. Qu\u00e9 poca informaci\u00f3n clara y asequible tenemos las mujeres diagnosticadas de c\u00e1ncer de mama. Esta no se ofrece, hay que buscarla, porque existir, existe, y es muy \u00fatil para hacer frente a los tratamientos, sus efectos secundarios, el p\u00e1nico, las cicatrices y otras huellas que deja la enfermedad pasada la quimio, la radioterapia y las cirug\u00edas. Desconocimiento al que contribuyen las campa\u00f1as rosas que romantizan estos procesos oncol\u00f3gicos y maquillan la realidad hasta convertirla en un cuento de princesas que van a ser salvadas por la marca de turno que donar\u00e1 una irrisoria cantidad de sus ventas a la investigaci\u00f3n.<\/p>\n\n\n\n<p>Pocas cosas se me ocurren m\u00e1s antag\u00f3nicas que el color rosa y el c\u00e1ncer, ni de mama ni de cualquier otro tipo. Mientras que para nosotras y nuestra gente un diagn\u00f3stico de c\u00e1ncer de mama significa que \u201cel mundo se detiene\u201d (otro libro recomendable, el de Juan Fueyo), para las marcas esta enfermedad \u2015y solo pasa con el c\u00e1ncer de mama\u2015 abre un mundo de oportunidades de negocio. Para concienciar sobre el c\u00e1ncer de mama no hace falta <a href=\"https:\/\/elpais.com\/sociedad\/2023-10-18\/las-mujeres-del-lazo-rosa-bocabajo-el-cancer-de-mama-es-todo-el-ano-no-solo-octubre.html\" target=\"_blank\" rel=\"noreferrer noopener\">te\u00f1ir octubre de rosa<\/a> y que nos entreguemos al consumismo. \u00bfQui\u00e9n no tiene un caso de c\u00e1ncer de mama o simplemente c\u00e1ncer cerca de s\u00ed?<\/p>\n\n\n\n<p><strong>Abran los ojos, estamos aqu\u00ed.<\/strong><\/p>\n\n\n\n<p>Nuestras historias individuales no son caso aislados, son un relato colectivo. No somos las y los consumidores lo que tenemos que asumir una responsabilidad que corresponde a los poderes p\u00fablicos, a los presupuestos p\u00fablicos del Estado, de las autonom\u00edas y de los ayuntamientos. Si es de alg\u00fan color es el marr\u00f3n. Preg\u00fanteselo a cualquiera de las mujeres que han pasado por esta enfermedad o que est\u00e1n pasando ella. De esto va la \u00faltima campa\u00f1a de Teta&amp;Teta, una producci\u00f3n de Canad\u00e1 dirigida por Irene Baque y protagonizada por las propias pacientes y enfermas de c\u00e1ncer de mama.<\/p>\n\n\n\n<p>Falta mucha informaci\u00f3n precisa sobre cu\u00e1les son las causas del c\u00e1ncer de mama. Informaci\u00f3n necesaria para prevenir, detectar y personalizar cada vez m\u00e1s los tratamientos. <a href=\"https:\/\/elpais.com\/salud-y-bienestar\/2024-09-16\/la-inmunoterapia-logra-supervivencias-insolitas-en-un-punado-de-tumores.html\" target=\"_blank\" rel=\"noreferrer noopener\">Hay avances<\/a>, muchos avances, pero las comunidades cient\u00edfica y m\u00e9dica son incapaces de tener una explicaci\u00f3n a por qu\u00e9 los diagn\u00f3sticos de c\u00e1ncer de mama crecen por encima del 12% desde el cambio de siglo y se han disparado desde 2016. Se sabe que el c\u00e1ncer de mama surge de una combinaci\u00f3n de causas ambientales (f\u00edsicas, psicol\u00f3gicas y qu\u00edmicas), y tambi\u00e9n gen\u00e9ticas. Pero tambi\u00e9n se sabe que la mitad de las mujeres que padecen c\u00e1ncer de mama no presentan ninguno de los factores de riesgo que habitualmente se mencionan, muchos de ellos asociados al estilo de vida de las propias mujeres.<\/p>\n\n\n\n<p>A pesar de saberlo, <em>cada vez son m\u00e1s frecuentes las campa\u00f1as que ponen el peso de la prevenci\u00f3n del c\u00e1ncer solo en ese estilo de vida como si<\/em> (y subrayo la palabra solo)<em> solo comer sano y hacer ejercicio f\u00edsico fueran suficientes para evitar tener c\u00e1ncer o para que este no vuelva<\/em>. En cambio, <em>apenas se habla de la importancia de la existencia de regulaciones que controlen los factores ambientales a los que estamos expuestas involuntariamente todos los d\u00edas y frenen la comercializaci\u00f3n de productos que contienen sustancias cancer\u00edgenas, productos que est\u00e1n en las estanter\u00edas de todos los supermercados.<\/em><\/p>\n\n\n\n<p><em><strong>Mientras haya campa\u00f1as rosas que nos hagan sentir bien con nuestra compra solidaria que salva mujeres enfermas (pero valientes) ser\u00e1 muy dif\u00edcil poder hablar de la necesidad de que el Presupuesto del Estado destine m\u00e1s dinero a la investigaci\u00f3n p\u00fablica, a los ensayos y tratamientos innovadores y que se doten a los centros especializados p\u00fablicos de m\u00e1s recursos con un enfoque integrativo. Tampoco habr\u00e1 posibilidad de hablar en medio del frenes\u00ed y la fiesta rosa por el c\u00e1ncer de mama de la importancia de formular pol\u00edticas p\u00fablicas orientadas a prevenir el c\u00e1ncer de mama y que act\u00faen sobre la base de lo que ya se sabe acerca de las sustancias qu\u00edmicas o agentes f\u00edsicos y biol\u00f3gicos sospechosos de causar c\u00e1ncer o que aumentan el riesgo de esta enfermedad.<\/strong><\/em><\/p>\n\n\n\n<p><strong>La investigaci\u00f3n e innovaci\u00f3n en oncolog\u00eda debe ser una inversi\u00f3n p\u00fablica, sanitaria, social y econ\u00f3mica.<\/strong> No puede depender de intereses empresariales y campa\u00f1as de <em>marketing <\/em>que edulcoran la crudeza de una enfermedad como el c\u00e1ncer y nos ponen a las mujeres con c\u00e1ncer de mama a bailar y a saltar para que no decaiga la fiesta del lazo rosa. Como dice Anne Boyer, autora del libro <em>Desmorir<\/em>, \u201ces tan importante investigar los genes como el agua que bebemos para buscar las causas del c\u00e1ncer\u201d. Quiz\u00e1 ha llegado el momento de otro relato del c\u00e1ncer de mama, uno colectivo que cuente que esta enfermedad no es culpa de quienes la sufrimos sino de una sociedad capitalista, sexista y belicista que permite que enfermemos y se lucra con nuestros tratamientos. Quiz\u00e1 ha llegado el momento de colectivizar esta maldita enfermedad, de hablar de pandemia. La del c\u00e1ncer, no solo de mama.<\/p>\n\n\n\n<p><strong>Violeta Assiego<\/strong> es abogada, exdirectora general de derechos de la infancia y de la adolescencia del Ministerio de Derechos Sociales y Agenda 2030, activista por los Derechos Humanos e investigadora en temas de pobreza y discriminaci\u00f3n.<\/p>\n\n\n\n<p>FOTO: Marcha contra el c\u00e1ncer de mama en Bilbao, el 6 de octubre.Javier Zorrilla (EFE)<\/p>\n\n\n\n<p><a href=\"https:\/\/elpais.com\/sociedad\/2024-10-20\/ningun-cancer-es-rosa-el-de-las-mujeres-tampoco.html\">https:\/\/elpais.com\/sociedad\/2024-10-20\/ningun-cancer-es-rosa-el-de-las-mujeres-tampoco.html<\/a><\/p>\n\n\n\n\n","protected":false},"excerpt":{"rendered":"<p>La investigaci\u00f3n e innovaci\u00f3n en oncolog\u00eda debe ser una inversi\u00f3n p\u00fablica, sanitaria, social y econ\u00f3mica&#8230;.<\/p>\n","protected":false},"author":1,"featured_media":72356,"comment_status":"closed","ping_status":"closed","sticky":false,"template":"","format":"standard","meta":{"_coblocks_attr":"","_coblocks_dimensions":"","_coblocks_responsive_height":"","_coblocks_accordion_ie_support":"","jetpack_post_was_ever_published":false,"_jetpack_newsletter_access":"","_jetpack_dont_email_post_to_subs":false,"_jetpack_newsletter_tier_id":0,"_jetpack_memberships_contains_paywalled_content":false,"_jetpack_memberships_contains_paid_content":false,"footnotes":"","jetpack_publicize_message":"","jetpack_publicize_feature_enabled":true,"jetpack_social_post_already_shared":true,"jetpack_social_options":{"image_generator_settings":{"template":"highway","default_image_id":0,"enabled":false},"version":2}},"categories":[186,44,6937,10],"tags":[],"class_list":["post-72355","post","type-post","status-publish","format-standard","has-post-thumbnail","hentry","category-instituciones","category-noticias-de-hoy","category-sociedad","category-salud"],"jetpack_publicize_connections":[],"jetpack_featured_media_url":"https:\/\/i0.wp.com\/miradordeatarfe.es\/wp-content\/uploads\/2024\/10\/Screenshot-2024-10-30-at-12-37-29-Ningun-cancer-es-rosa-el-de-las-mujeres-tampoco-Sociedad-EL-PAIS.png?fit=412%2C295&ssl=1","jetpack_likes_enabled":true,"jetpack_sharing_enabled":true,"_links":{"self":[{"href":"https:\/\/miradordeatarfe.es\/index.php?rest_route=\/wp\/v2\/posts\/72355","targetHints":{"allow":["GET"]}}],"collection":[{"href":"https:\/\/miradordeatarfe.es\/index.php?rest_route=\/wp\/v2\/posts"}],"about":[{"href":"https:\/\/miradordeatarfe.es\/index.php?rest_route=\/wp\/v2\/types\/post"}],"author":[{"embeddable":true,"href":"https:\/\/miradordeatarfe.es\/index.php?rest_route=\/wp\/v2\/users\/1"}],"replies":[{"embeddable":true,"href":"https:\/\/miradordeatarfe.es\/index.php?rest_route=%2Fwp%2Fv2%2Fcomments&post=72355"}],"version-history":[{"count":1,"href":"https:\/\/miradordeatarfe.es\/index.php?rest_route=\/wp\/v2\/posts\/72355\/revisions"}],"predecessor-version":[{"id":72357,"href":"https:\/\/miradordeatarfe.es\/index.php?rest_route=\/wp\/v2\/posts\/72355\/revisions\/72357"}],"wp:featuredmedia":[{"embeddable":true,"href":"https:\/\/miradordeatarfe.es\/index.php?rest_route=\/wp\/v2\/media\/72356"}],"wp:attachment":[{"href":"https:\/\/miradordeatarfe.es\/index.php?rest_route=%2Fwp%2Fv2%2Fmedia&parent=72355"}],"wp:term":[{"taxonomy":"category","embeddable":true,"href":"https:\/\/miradordeatarfe.es\/index.php?rest_route=%2Fwp%2Fv2%2Fcategories&post=72355"},{"taxonomy":"post_tag","embeddable":true,"href":"https:\/\/miradordeatarfe.es\/index.php?rest_route=%2Fwp%2Fv2%2Ftags&post=72355"}],"curies":[{"name":"wp","href":"https:\/\/api.w.org\/{rel}","templated":true}]}}