{"id":72366,"date":"2024-10-31T09:00:00","date_gmt":"2024-10-31T08:00:00","guid":{"rendered":"https:\/\/miradordeatarfe.es\/?p=72366"},"modified":"2024-10-30T13:51:26","modified_gmt":"2024-10-30T12:51:26","slug":"la-ciencia-detras-de-la-gota-fria-que-ha-arrasado-valencia-y-el-este-de-espana","status":"publish","type":"post","link":"https:\/\/miradordeatarfe.es\/?p=72366","title":{"rendered":"La ciencia detr\u00e1s de la gota fr\u00eda que ha arrasado Valencia y el este de Espa\u00f1a"},"content":{"rendered":"\n<p class=\"has-medium-font-size\"><strong>La gota fr\u00eda que ha azotado a Valencia no es un fen\u00f3meno aislado, sino el resultado de un conjunto de factores meteorol\u00f3gicos que interact\u00faan<\/strong><\/p>\n\n\n\n<p>Valencia ha sido testigo, una vez m\u00e1s, de uno de los fen\u00f3menos meteorol\u00f3gicos m\u00e1s temidos en la regi\u00f3n mediterr\u00e1nea: la <strong>gota fr\u00eda<\/strong>. Este evento atmosf\u00e9rico, que ha descargado lluvias torrenciales, acompa\u00f1ado de rel\u00e1mpagos y granizo, ha dejado su grave huella en la comunidad valenciana.<\/p>\n\n\n\n<p>Sin embargo, aunque a menudo se percibe como un evento repentino e inevitable, la formaci\u00f3n de la gota fr\u00eda sigue un proceso atmosf\u00e9rico complejo que depende de <strong>condiciones clim\u00e1ticas muy espec\u00edficas<\/strong>. Aqu\u00ed desglosamos c\u00f3mo se ha formado esta \u00faltima gota fr\u00eda y los factores cient\u00edficos detr\u00e1s del fen\u00f3meno.<\/p>\n\n\n\n<figure class=\"wp-block-image size-full\"><img data-recalc-dims=\"1\" loading=\"lazy\" decoding=\"async\" width=\"640\" height=\"596\" src=\"https:\/\/i0.wp.com\/miradordeatarfe.es\/wp-content\/uploads\/2024\/10\/Screenshot-2024-10-30-at-13-45-56-La-ciencia-detras-de-la-gota-fria-que-ha-arrasado-Valencia-y-el-este-de-Espana.png?resize=640%2C596&#038;ssl=1\" alt=\"\" class=\"wp-image-72367\" srcset=\"https:\/\/i0.wp.com\/miradordeatarfe.es\/wp-content\/uploads\/2024\/10\/Screenshot-2024-10-30-at-13-45-56-La-ciencia-detras-de-la-gota-fria-que-ha-arrasado-Valencia-y-el-este-de-Espana.png?w=809&amp;ssl=1 809w, https:\/\/i0.wp.com\/miradordeatarfe.es\/wp-content\/uploads\/2024\/10\/Screenshot-2024-10-30-at-13-45-56-La-ciencia-detras-de-la-gota-fria-que-ha-arrasado-Valencia-y-el-este-de-Espana.png?resize=300%2C279&amp;ssl=1 300w, https:\/\/i0.wp.com\/miradordeatarfe.es\/wp-content\/uploads\/2024\/10\/Screenshot-2024-10-30-at-13-45-56-La-ciencia-detras-de-la-gota-fria-que-ha-arrasado-Valencia-y-el-este-de-Espana.png?resize=768%2C715&amp;ssl=1 768w\" sizes=\"auto, (max-width: 640px) 100vw, 640px\" \/><\/figure>\n\n\n\n<h2 class=\"wp-block-heading\">El papel del mar Mediterr\u00e1neo: un motor de humedad y energ\u00eda<\/h2>\n\n\n\n<p>La gota fr\u00eda no ser\u00eda posible sin el <strong>papel protagonista<\/strong> del Mediterr\u00e1neo. Durante los meses de septiembre y octubre, cuando las temperaturas del agua a\u00fan est\u00e1n elevadas tras el verano, el mar act\u00faa como una especie de \u00abcaldera\u00bb de vapor de agua.<\/p>\n\n\n\n<p>Con temperaturas que rondan entre los 21 y 22 grados cent\u00edgrados, el Mediterr\u00e1neo desprende gran <strong>cantidad de humedad<\/strong>, llenando la atm\u00f3sfera de vapor de agua. Este vapor asciende a la atm\u00f3sfera y se convierte en la primera pieza fundamental para el desarrollo de una posible gota fr\u00eda.<\/p>\n\n\n\n<p>La acumulaci\u00f3n de esta humedad es clave, ya que proporcionar\u00e1 el combustible para el tipo de lluvias torrenciales que caracterizan a este fen\u00f3meno. Cuanto m\u00e1s c\u00e1lido est\u00e9 el mar, <strong>mayor es la cantidad de vapor<\/strong> que se emite. Este aumento en las temperaturas superficiales del Mediterr\u00e1neo debido al cambio clim\u00e1tico es una de las razones por las que las gotas fr\u00edas son cada vez m\u00e1s intensas y dif\u00edciles de predecir.<\/p>\n\n\n\n<h2 class=\"wp-block-heading\">La llegada de una borrasca: el disparador de la gota fr\u00eda<\/h2>\n\n\n\n<p>El siguiente paso en la formaci\u00f3n de la gota fr\u00eda ocurre cuando una<strong> una borrasca<\/strong> &#8211; un sistema de bajas presiones &#8211; se desplaza hacia el este. En este caso, la borrasca <strong>fue empujada hacia Valencia<\/strong> por vientos de esa direcci\u00f3n, creando un ambiente propicio para el desarrollo del fen\u00f3meno.<\/p>\n\n\n\n<p>Las borrascas suelen traer consigo <strong>aire fr\u00edo en altura<\/strong>, y cuando este aire fr\u00edo entra en contacto con el vapor de agua c\u00e1lido y h\u00famedo proveniente del mar, se forma una zona de inestabilidad en la atm\u00f3sfera.<\/p>\n\n\n\n<p>Esta interacci\u00f3n entre el aire fr\u00edo en altura y el aire c\u00e1lido y h\u00famedo en las capas bajas es lo que origina el fen\u00f3meno de la gota fr\u00eda<strong>, tambi\u00e9n conocido como DANA <\/strong>(Depresi\u00f3n Aislada en Niveles Altos).<\/p>\n\n\n\n<p>La DANA es el elemento clave en la g\u00e9nesis de lluvias torrenciales y tormentas el\u00e9ctricas intensas en la cuenca mediterr\u00e1nea. La presencia de una bolsa de aire fr\u00edo en altura <strong>genera inestabilidad<\/strong> en la atm\u00f3sfera, favoreciendo la formaci\u00f3n de nubes de desarrollo vertical, que son las precursoras de las tormentas.<\/p>\n\n\n\n<h2 class=\"wp-block-heading\">Condensaci\u00f3n del vapor: formaci\u00f3n de nubes cargadas de energ\u00eda<\/h2>\n\n\n\n<p>A medida que el aire cargado de vapor de agua asciende y se encuentra con el aire fr\u00edo de la borrasca, <strong>comienza a condensarse<\/strong>. Este proceso de condensaci\u00f3n libera calor latente, lo que aumenta a\u00fan m\u00e1s la energ\u00eda disponible para el sistema. Como resultado, se forma una nube, pero no una nube cualquiera: es una nube de <strong>gran desarrollo vertical<\/strong>, que puede alcanzar varios kil\u00f3metros de altura y que contiene grandes cantidades de humedad condensada.<\/p>\n\n\n\n<p>Estas nubes de desarrollo vertical son las responsables de <strong>generar fuertes lluvias<\/strong> y, a menudo, descargas el\u00e9ctricas y granizo. Al alcanzar grandes altitudes, el agua en el interior de la nube se congela, y el movimiento ascendente y descendente en el interior de la nube genera fricci\u00f3n entre las part\u00edculas de hielo, lo que provoca <strong>cargas el\u00e9ctricas<\/strong> y da lugar a rel\u00e1mpagos y truenos.<\/p>\n\n\n\n<h2 class=\"wp-block-heading\">Formaci\u00f3n de frentes tormentosos: la lluvia torrencial<\/h2>\n\n\n\n<p>Una vez que se ha formado esta nube de desarrollo vertical, el sistema crece r\u00e1pidamente. En cuesti\u00f3n de horas, esta nube puede transformarse en <strong>grandes frentes tormentosos<\/strong>, que abarcan extensas \u00e1reas y descargan lluvia de manera torrencial.<\/p>\n\n\n\n<p>Este tipo de lluvias, conocidas como precipitaciones convectivas, son muy intensas y pueden producir en pocas horas una cantidad de agua equivalente a <strong>lo que normalmente cae en un mes<\/strong>.<\/p>\n\n\n\n<p>Adem\u00e1s, estas tormentas suelen ir acompa\u00f1adas de rel\u00e1mpagos y granizo, que a\u00f1aden <strong>otro nivel de peligrosidad<\/strong> al fen\u00f3meno. En zonas urbanas como Valencia, la infraestructura no siempre est\u00e1 preparada para soportar la intensidad de estas lluvias, lo que lleva a inundaciones en calles y avenidas. El sistema de drenaje urbano, aunque dise\u00f1ado para manejar lluvias fuertes,<strong> no puede contener<\/strong> el enorme volumen de agua que una gota fr\u00eda descarga en tan poco tiempo.<\/p>\n\n\n\n<h2 class=\"wp-block-heading\">Efectos del cambio clim\u00e1tico en la intensidad de las gotas fr\u00edas<\/h2>\n\n\n\n<p>El cambio clim\u00e1tico tiene un impacto directo en la intensidad y frecuencia de las gotas fr\u00edas. Con el aumento de las temperaturas globales, el mar Mediterr\u00e1neo se calienta m\u00e1s de lo habitual en verano, <strong>acumulando m\u00e1s energ\u00eda<\/strong> en forma de calor.<\/p>\n\n\n\n<p>Este incremento de la temperatura del agua potencia el proceso de evaporaci\u00f3n, creando condiciones de humedad a\u00fan m\u00e1s favorables para la formaci\u00f3n de gotas fr\u00edas m\u00e1s violentas. Seg\u00fan los expertos, este <strong>calentamiento del mar <\/strong>podr\u00eda estar detr\u00e1s de las gotas fr\u00edas m\u00e1s intensas que se han experimentado en los \u00faltimos a\u00f1os.<\/p>\n\n\n\n<p>Adem\u00e1s, el cambio clim\u00e1tico tambi\u00e9n est\u00e1 alterando los <strong>patrones de circulaci\u00f3n atmosf\u00e9rica<\/strong>, lo que hace que las borrascas y otros sistemas de baja presi\u00f3n se comporten de manera diferente. Esto, a su vez, aumenta la imprevisibilidad de estos fen\u00f3menos y <strong>dificulta el trabajo<\/strong> de los meteor\u00f3logos para predecir cu\u00e1ndo y d\u00f3nde se producir\u00e1n las gotas fr\u00edas.<\/p>\n\n\n\n<h2 class=\"wp-block-heading\">Consecuencias y medidas de precauci\u00f3n<\/h2>\n\n\n\n<p>La gota fr\u00eda que ha afectado a Valencia ha puesto en evidencia la <strong>vulnerabilidad de las ciudades costeras<\/strong> ante este tipo de fen\u00f3menos extremos. Las lluvias torrenciales han causado inundaciones en varias zonas, paralizando el tr\u00e1fico y afectando a cientos de viviendas y comercios. Este tipo de fen\u00f3menos, cada vez m\u00e1s frecuentes, subraya la necesidad de <strong>adaptar la infraestructura urbana<\/strong> para soportar lluvias intensas y evitar da\u00f1os mayores.<\/p>\n\n\n\n<p>En respuesta, las autoridades recomiendan a los ciudadanos que tomen medidas de precauci\u00f3n durante las temporadas de mayor riesgo de gotas fr\u00edas, que generalmente <strong>coinciden con el inicio del oto\u00f1o<\/strong>. Estas recomendaciones incluyen evitar el uso de veh\u00edculos en \u00e1reas propensas a inundaciones, no acercarse a r\u00edos y canales que pueden desbordarse, y mantenerse informado a trav\u00e9s de los boletines meteorol\u00f3gicos.<\/p>\n\n\n\n<p>La gota fr\u00eda es un fen\u00f3meno meteorol\u00f3gico que <strong>desaf\u00eda constantemente a los meteor\u00f3logos<\/strong>. A pesar de los avances tecnol\u00f3gicos, predecir la intensidad y localizaci\u00f3n exacta de una gota fr\u00eda sigue siendo complicado, especialmente debido a la rapidez con la que se desarrolla el fen\u00f3meno y su dependencia de m\u00faltiples factores atmosf\u00e9ricos.<\/p>\n\n\n\n<p>M.H.<\/p>\n\n\n\n<p>FOTO: Desolaci\u00f3n y destrucci\u00f3n tras el paso de la DANA por Valencia \/ EFE<\/p>\n\n\n\n<p><a href=\"https:\/\/www.diariodesevilla.es\/sociedad\/ciencia-detras-gota-fria-arrasado_0_2002686779.html\">https:\/\/www.diariodesevilla.es\/sociedad\/ciencia-detras-gota-fria-arrasado_0_2002686779.html<\/a><\/p>\n","protected":false},"excerpt":{"rendered":"<p>La gota fr\u00eda que ha azotado a Valencia no es un fen\u00f3meno aislado, sino el&#8230;<\/p>\n","protected":false},"author":1,"featured_media":72368,"comment_status":"closed","ping_status":"closed","sticky":false,"template":"","format":"standard","meta":{"_coblocks_attr":"","_coblocks_dimensions":"","_coblocks_responsive_height":"","_coblocks_accordion_ie_support":"","jetpack_post_was_ever_published":false,"_jetpack_newsletter_access":"","_jetpack_dont_email_post_to_subs":false,"_jetpack_newsletter_tier_id":0,"_jetpack_memberships_contains_paywalled_content":false,"_jetpack_memberships_contains_paid_content":false,"footnotes":"","jetpack_publicize_message":"","jetpack_publicize_feature_enabled":true,"jetpack_social_post_already_shared":true,"jetpack_social_options":{"image_generator_settings":{"template":"highway","default_image_id":0,"enabled":false},"version":2}},"categories":[10797,44,6937],"tags":[],"class_list":["post-72366","post","type-post","status-publish","format-standard","has-post-thumbnail","hentry","category-ciencia","category-noticias-de-hoy","category-sociedad"],"jetpack_publicize_connections":[],"jetpack_featured_media_url":"https:\/\/i0.wp.com\/miradordeatarfe.es\/wp-content\/uploads\/2024\/10\/Imagen-de-WhatsApp-2024-10-30-a-las-11.31.01_57ffbb44.jpg?fit=857%2C502&ssl=1","jetpack_likes_enabled":true,"jetpack_sharing_enabled":true,"_links":{"self":[{"href":"https:\/\/miradordeatarfe.es\/index.php?rest_route=\/wp\/v2\/posts\/72366","targetHints":{"allow":["GET"]}}],"collection":[{"href":"https:\/\/miradordeatarfe.es\/index.php?rest_route=\/wp\/v2\/posts"}],"about":[{"href":"https:\/\/miradordeatarfe.es\/index.php?rest_route=\/wp\/v2\/types\/post"}],"author":[{"embeddable":true,"href":"https:\/\/miradordeatarfe.es\/index.php?rest_route=\/wp\/v2\/users\/1"}],"replies":[{"embeddable":true,"href":"https:\/\/miradordeatarfe.es\/index.php?rest_route=%2Fwp%2Fv2%2Fcomments&post=72366"}],"version-history":[{"count":1,"href":"https:\/\/miradordeatarfe.es\/index.php?rest_route=\/wp\/v2\/posts\/72366\/revisions"}],"predecessor-version":[{"id":72369,"href":"https:\/\/miradordeatarfe.es\/index.php?rest_route=\/wp\/v2\/posts\/72366\/revisions\/72369"}],"wp:featuredmedia":[{"embeddable":true,"href":"https:\/\/miradordeatarfe.es\/index.php?rest_route=\/wp\/v2\/media\/72368"}],"wp:attachment":[{"href":"https:\/\/miradordeatarfe.es\/index.php?rest_route=%2Fwp%2Fv2%2Fmedia&parent=72366"}],"wp:term":[{"taxonomy":"category","embeddable":true,"href":"https:\/\/miradordeatarfe.es\/index.php?rest_route=%2Fwp%2Fv2%2Fcategories&post=72366"},{"taxonomy":"post_tag","embeddable":true,"href":"https:\/\/miradordeatarfe.es\/index.php?rest_route=%2Fwp%2Fv2%2Ftags&post=72366"}],"curies":[{"name":"wp","href":"https:\/\/api.w.org\/{rel}","templated":true}]}}