{"id":72378,"date":"2024-10-31T11:14:47","date_gmt":"2024-10-31T10:14:47","guid":{"rendered":"https:\/\/miradordeatarfe.es\/?p=72378"},"modified":"2024-10-31T13:23:36","modified_gmt":"2024-10-31T12:23:36","slug":"atarfe-se-solidariza-con-los-damnificados-de-la-dana","status":"publish","type":"post","link":"https:\/\/miradordeatarfe.es\/?p=72378","title":{"rendered":"ATARFE SE SOLIDARIZA CON LOS DAMNIFICADOS DE LA DANA"},"content":{"rendered":"\n<p class=\"has-medium-font-size\"><strong>Ayer el Ayuntamiento de Atarfe hizo publica una nota informativa en todas las redes en la que expresa que Atarfe se solidarizaba  con las v\u00edctimas y familias afectadas por las graves inundaciones de Valencia, Albacete y M\u00e1laga.<\/strong><\/p>\n\n\n\n<p>\u00abNos unimos en el dolor y mostramos nuestra solidaridad con todas las personas afectadas por esta inmensa tragedia que ya ha dejado m\u00e1s de 90 fallecidos y numerosos desaparecidos. En estos momentos tan dif\u00edciles, Atarfe quiere expresar su apoyo y cercan\u00eda.<\/p>\n\n\n\n<p>Al mismo tiempo nos convoc\u00f3 a todos los Atarfe\u00f1os y Atarfe\u00f1as a sumarnos a la concentraci\u00f3n de duelo que ha tenido lugar <strong>hoy, Jueves 31 de Octubre, a las 12:00 en la Plaza del Ayuntamiento.<\/strong><\/p>\n\n\n\n<p>La nota continuaba <em>\u00abEn se\u00f1al de respeto por las v\u00edctimas, hemos decidido suspender las actividades programadas para la celebraci\u00f3n de Halloween. Estamos seguros de contar con vuestra comprensi\u00f3n y apoyo en esta decisi\u00f3n. Enviamos nuestras m\u00e1s sinceras condolencias a las familias de las personas fallecidas y desaparecidas.\u00bb<\/em><\/p>\n\n\n\n<figure class=\"wp-block-image size-full is-resized\"><img data-recalc-dims=\"1\" loading=\"lazy\" decoding=\"async\" width=\"600\" height=\"849\" src=\"https:\/\/i0.wp.com\/miradordeatarfe.es\/wp-content\/uploads\/2024\/10\/Imagen-de-WhatsApp-2024-10-28-a-las-14.14.30_eea44285.jpg?resize=600%2C849&#038;ssl=1\" alt=\"\" class=\"wp-image-72391\" style=\"width:470px;height:auto\" srcset=\"https:\/\/i0.wp.com\/miradordeatarfe.es\/wp-content\/uploads\/2024\/10\/Imagen-de-WhatsApp-2024-10-28-a-las-14.14.30_eea44285.jpg?w=600&amp;ssl=1 600w, https:\/\/i0.wp.com\/miradordeatarfe.es\/wp-content\/uploads\/2024\/10\/Imagen-de-WhatsApp-2024-10-28-a-las-14.14.30_eea44285.jpg?resize=212%2C300&amp;ssl=1 212w\" sizes=\"auto, (max-width: 600px) 100vw, 600px\" \/><\/figure>\n\n\n\n<p>El Ayuntamiento de Atarfe se ha sumado este mediod\u00eda al minuto de silencio convocado por la Federaci\u00f3n Espa\u00f1ola de Municipios y Provincias (FEMP) en recuerdo de los fallecidos y afectados por el temporal en Valencia y Castilla-La Mancha. En la concentraci\u00f3n realizada en la Plaza del Ayuntameinto han trasladado este mi\u00e9rcoles su solidaridad con las v\u00edctimas y los afectados por la DANA que deja decenas de fallecidos y que ha afectado especialmente a la Comunidad valenciana. As\u00ed, se han guardado minutos de silencio<\/p>\n\n\n\n<p>La Alcaldesa Yolanda Fern\u00e1ndez, , se ha dirigido esta ma\u00f1ana a los vecinos presentes para mostrar el apoyo de nuestro pueblo en se\u00f1al de duelo por los fallecidos a consecuencia del temporal de lluvias que ha afectado de manera especialmente tr\u00e1gica a las provincias de Albacete y de la Comunidad Valenciana.<\/p>\n\n\n\n<p>En una intervenci\u00f3n p\u00fablica realizada esta ma\u00f1ana la Alcaldesa ley\u00f3 : <\/p>\n\n\n\n<p>\u00ab<em>En estos momentos tan dif\u00edciles, Atarfe quiere expresar su apoyo y cercan\u00eda con las v\u00edctimas y familias afectadas por las graves inundaciones que en estos dias han golpeado diversas comunidades de nuestro pa\u00eds. En medio de esta tragedia , hemos sido testigos de la devastaci\u00f3n que ha causado p\u00e9rdidas irreparables para muchas familias, destruyendo hogares, medios de vida y dejando una  huella imborrable en el coraz\u00f3n de todos nosotros\/as. Nos unimos en el dolor y mostramos nuestra solidaridad con todas las personas afectadas, sum\u00e1ndonos a su duelo con un minuto de silencio.<\/em>\u00ab<\/p>\n\n\n\n<p> <\/p>\n\n\n\n<figure class=\"wp-block-image size-large\"><img data-recalc-dims=\"1\" loading=\"lazy\" decoding=\"async\" width=\"640\" height=\"482\" src=\"https:\/\/i0.wp.com\/miradordeatarfe.es\/wp-content\/uploads\/2024\/10\/Imagen-de-WhatsApp-2024-10-31-a-las-13.08.54_dac43c18.jpg?resize=640%2C482&#038;ssl=1\" alt=\"\" class=\"wp-image-72395\" srcset=\"https:\/\/i0.wp.com\/miradordeatarfe.es\/wp-content\/uploads\/2024\/10\/Imagen-de-WhatsApp-2024-10-31-a-las-13.08.54_dac43c18.jpg?resize=1024%2C771&amp;ssl=1 1024w, https:\/\/i0.wp.com\/miradordeatarfe.es\/wp-content\/uploads\/2024\/10\/Imagen-de-WhatsApp-2024-10-31-a-las-13.08.54_dac43c18.jpg?resize=300%2C226&amp;ssl=1 300w, https:\/\/i0.wp.com\/miradordeatarfe.es\/wp-content\/uploads\/2024\/10\/Imagen-de-WhatsApp-2024-10-31-a-las-13.08.54_dac43c18.jpg?resize=768%2C578&amp;ssl=1 768w, https:\/\/i0.wp.com\/miradordeatarfe.es\/wp-content\/uploads\/2024\/10\/Imagen-de-WhatsApp-2024-10-31-a-las-13.08.54_dac43c18.jpg?resize=1536%2C1157&amp;ssl=1 1536w, https:\/\/i0.wp.com\/miradordeatarfe.es\/wp-content\/uploads\/2024\/10\/Imagen-de-WhatsApp-2024-10-31-a-las-13.08.54_dac43c18.jpg?resize=1320%2C994&amp;ssl=1 1320w, https:\/\/i0.wp.com\/miradordeatarfe.es\/wp-content\/uploads\/2024\/10\/Imagen-de-WhatsApp-2024-10-31-a-las-13.08.54_dac43c18.jpg?w=2040&amp;ssl=1 2040w, https:\/\/i0.wp.com\/miradordeatarfe.es\/wp-content\/uploads\/2024\/10\/Imagen-de-WhatsApp-2024-10-31-a-las-13.08.54_dac43c18.jpg?w=1920&amp;ssl=1 1920w\" sizes=\"auto, (max-width: 640px) 100vw, 640px\" \/><\/figure>\n\n\n\n\n","protected":false},"excerpt":{"rendered":"<p>Ayer el Ayuntamiento de Atarfe hizo publica una nota informativa en todas las redes en&#8230;<\/p>\n","protected":false},"author":1,"featured_media":72394,"comment_status":"closed","ping_status":"closed","sticky":false,"template":"","format":"standard","meta":{"_coblocks_attr":"","_coblocks_dimensions":"","_coblocks_responsive_height":"","_coblocks_accordion_ie_support":"","jetpack_post_was_ever_published":false,"_jetpack_newsletter_access":"","_jetpack_dont_email_post_to_subs":false,"_jetpack_newsletter_tier_id":0,"_jetpack_memberships_contains_paywalled_content":false,"_jetpack_memberships_contains_paid_content":false,"footnotes":"","jetpack_publicize_message":"","jetpack_publicize_feature_enabled":false,"jetpack_social_post_already_shared":true,"jetpack_social_options":{"image_generator_settings":{"template":"highway","enabled":false},"version":2}},"categories":[6916,1161,44,1],"tags":[],"class_list":["post-72378","post","type-post","status-publish","format-standard","has-post-thumbnail","hentry","category-ayuntamiento-de-atarfe","category-ciudadania","category-noticias-de-hoy","category-uncategorized"],"jetpack_publicize_connections":[],"jetpack_featured_media_url":"https:\/\/i0.wp.com\/miradordeatarfe.es\/wp-content\/uploads\/2024\/10\/Imagen-de-WhatsApp-2024-10-31-a-las-13.08.54_923c25b1.jpg?fit=2040%2C1536&ssl=1","jetpack_likes_enabled":true,"jetpack_sharing_enabled":true,"_links":{"self":[{"href":"https:\/\/miradordeatarfe.es\/index.php?rest_route=\/wp\/v2\/posts\/72378","targetHints":{"allow":["GET"]}}],"collection":[{"href":"https:\/\/miradordeatarfe.es\/index.php?rest_route=\/wp\/v2\/posts"}],"about":[{"href":"https:\/\/miradordeatarfe.es\/index.php?rest_route=\/wp\/v2\/types\/post"}],"author":[{"embeddable":true,"href":"https:\/\/miradordeatarfe.es\/index.php?rest_route=\/wp\/v2\/users\/1"}],"replies":[{"embeddable":true,"href":"https:\/\/miradordeatarfe.es\/index.php?rest_route=%2Fwp%2Fv2%2Fcomments&post=72378"}],"version-history":[{"count":3,"href":"https:\/\/miradordeatarfe.es\/index.php?rest_route=\/wp\/v2\/posts\/72378\/revisions"}],"predecessor-version":[{"id":72396,"href":"https:\/\/miradordeatarfe.es\/index.php?rest_route=\/wp\/v2\/posts\/72378\/revisions\/72396"}],"wp:featuredmedia":[{"embeddable":true,"href":"https:\/\/miradordeatarfe.es\/index.php?rest_route=\/wp\/v2\/media\/72394"}],"wp:attachment":[{"href":"https:\/\/miradordeatarfe.es\/index.php?rest_route=%2Fwp%2Fv2%2Fmedia&parent=72378"}],"wp:term":[{"taxonomy":"category","embeddable":true,"href":"https:\/\/miradordeatarfe.es\/index.php?rest_route=%2Fwp%2Fv2%2Fcategories&post=72378"},{"taxonomy":"post_tag","embeddable":true,"href":"https:\/\/miradordeatarfe.es\/index.php?rest_route=%2Fwp%2Fv2%2Ftags&post=72378"}],"curies":[{"name":"wp","href":"https:\/\/api.w.org\/{rel}","templated":true}]}}