{"id":72380,"date":"2024-11-02T11:00:00","date_gmt":"2024-11-02T10:00:00","guid":{"rendered":"https:\/\/miradordeatarfe.es\/?p=72380"},"modified":"2024-11-10T11:27:30","modified_gmt":"2024-11-10T10:27:30","slug":"personajetes-por-juan-de-dios-villanueva-roa","status":"publish","type":"post","link":"https:\/\/miradordeatarfe.es\/?p=72380","title":{"rendered":"\u00abPERSONAJETES\u00bb por Juan de Dios Villanueva Roa"},"content":{"rendered":"\n<p class=\"has-medium-font-size\"><strong>Personajetes, machos y hembras, subidos al Olimpo que se dejan babear por quienes los sostienen<\/strong><\/p>\n\n\n\n<p>Hay personajetes de Espa\u00f1a que funcionan como si la patria tambi\u00e9n la tuvieran escriturada a su nombre, que cuando llegan a ocupar un cargo o un carguete, que igual me da, se creen ungidos por el derecho a que ya lo merecen todo, que les abran puertas, cierren ventanas, lleven caf\u00e9, trasladen de ac\u00e1 para all\u00e1 en coches que no son suyos, que les paguen cervezas y comidas de eventos que los dem\u00e1s s\u00ed pagamos de nuestro bolsillo\u2026 Personajetes, machos y hembras, subidos al Olimpo que se dejan babear por quienes los sostienen. <\/p>\n\n\n\n<p>Una vez all\u00ed aposentados no hay dios que los baje, porque lo dioses son ellos, o eso creen, hasta que llega<br \/>uno m\u00e1s potente y les corta la cabeza (perd\u00f3n, les quita el asiento). No me hable de ideolog\u00edas, que no estoy en ello, me refiero a la esencia de estos personajetes, que se creen, como dir\u00eda Guardiola, los putos amos del corral que guardan, o del pasillo, o del centro o del grup\u00fasculo, o de lo que debiera ser una responsabilidad a la que echar m\u00e1s horas y su m\u00e1ximo empe\u00f1o en conseguir alcanzar los objetivos para la sociedad que les paga esos salarios tan poco ganados.<\/p>\n\n\n\n<p>Y me da igual que est\u00e9n en un gobierno o en su oposici\u00f3n. En lugar de trabajar cada d\u00eda desde el lugar que se les ha asignado, se dedican a medrar, escupir, mentir, ir de gorra, a hacer cuanto sea necesario para continuar en su Olimpo. O ampliarlo para quedarse con los caf\u00e9s por la cara de toda la cordillera de Olimpos de la patria de la que maman desde que nacieron. <\/p>\n\n\n\n<p>El d\u00eda de los difuntos est\u00e1 ah\u00ed, entonces todos casi iguales.<\/p>\n\n\n\n<p>FOTO:Relieve de un poeta con m\u00e1scaras del teatro cl\u00e1sico \/ Wikipedia<\/p>\n","protected":false},"excerpt":{"rendered":"<p>Personajetes, machos y hembras, subidos al Olimpo que se dejan babear por quienes los sostienen&#8230;<\/p>\n","protected":false},"author":1,"featured_media":72414,"comment_status":"closed","ping_status":"closed","sticky":false,"template":"","format":"standard","meta":{"_coblocks_attr":"","_coblocks_dimensions":"","_coblocks_responsive_height":"","_coblocks_accordion_ie_support":"","jetpack_post_was_ever_published":false,"_jetpack_newsletter_access":"","_jetpack_dont_email_post_to_subs":false,"_jetpack_newsletter_tier_id":0,"_jetpack_memberships_contains_paywalled_content":false,"_jetpack_memberships_contains_paid_content":false,"footnotes":"","jetpack_publicize_message":"","jetpack_publicize_feature_enabled":true,"jetpack_social_post_already_shared":true,"jetpack_social_options":{"image_generator_settings":{"template":"highway","default_image_id":0,"enabled":false},"version":2}},"categories":[1161,9772,44,7671],"tags":[],"class_list":["post-72380","post","type-post","status-publish","format-standard","has-post-thumbnail","hentry","category-ciudadania","category-opinion-de-juan-de-dios-villanueva","category-noticias-de-hoy","category-politica"],"jetpack_publicize_connections":[],"jetpack_featured_media_url":"https:\/\/i0.wp.com\/miradordeatarfe.es\/wp-content\/uploads\/2024\/11\/mascaras-teatro-clasico.jpg?fit=1024%2C858&ssl=1","jetpack_likes_enabled":true,"jetpack_sharing_enabled":true,"_links":{"self":[{"href":"https:\/\/miradordeatarfe.es\/index.php?rest_route=\/wp\/v2\/posts\/72380","targetHints":{"allow":["GET"]}}],"collection":[{"href":"https:\/\/miradordeatarfe.es\/index.php?rest_route=\/wp\/v2\/posts"}],"about":[{"href":"https:\/\/miradordeatarfe.es\/index.php?rest_route=\/wp\/v2\/types\/post"}],"author":[{"embeddable":true,"href":"https:\/\/miradordeatarfe.es\/index.php?rest_route=\/wp\/v2\/users\/1"}],"replies":[{"embeddable":true,"href":"https:\/\/miradordeatarfe.es\/index.php?rest_route=%2Fwp%2Fv2%2Fcomments&post=72380"}],"version-history":[{"count":2,"href":"https:\/\/miradordeatarfe.es\/index.php?rest_route=\/wp\/v2\/posts\/72380\/revisions"}],"predecessor-version":[{"id":72415,"href":"https:\/\/miradordeatarfe.es\/index.php?rest_route=\/wp\/v2\/posts\/72380\/revisions\/72415"}],"wp:featuredmedia":[{"embeddable":true,"href":"https:\/\/miradordeatarfe.es\/index.php?rest_route=\/wp\/v2\/media\/72414"}],"wp:attachment":[{"href":"https:\/\/miradordeatarfe.es\/index.php?rest_route=%2Fwp%2Fv2%2Fmedia&parent=72380"}],"wp:term":[{"taxonomy":"category","embeddable":true,"href":"https:\/\/miradordeatarfe.es\/index.php?rest_route=%2Fwp%2Fv2%2Fcategories&post=72380"},{"taxonomy":"post_tag","embeddable":true,"href":"https:\/\/miradordeatarfe.es\/index.php?rest_route=%2Fwp%2Fv2%2Ftags&post=72380"}],"curies":[{"name":"wp","href":"https:\/\/api.w.org\/{rel}","templated":true}]}}