{"id":72385,"date":"2024-11-03T10:29:00","date_gmt":"2024-11-03T09:29:00","guid":{"rendered":"https:\/\/miradordeatarfe.es\/?p=72385"},"modified":"2024-10-31T10:53:47","modified_gmt":"2024-10-31T09:53:47","slug":"repensar-el-urbanismo-para-resistir-futuras-danas","status":"publish","type":"post","link":"https:\/\/miradordeatarfe.es\/?p=72385","title":{"rendered":"Repensar el urbanismo para resistir futuras danas"},"content":{"rendered":"\n<p class=\"has-medium-font-size\"><strong>La mort\u00edfera gota fr\u00eda que ha asolado parte del Pa\u00eds Valenci\u00e0 hace urgente preparar el territorio para unos fen\u00f3menos extremos que ir\u00e1n a m\u00e1s y liberar el espacio para que el agua circule provocando el m\u00ednimo de da\u00f1os.<\/strong><\/p>\n\n\n\n<p id=\"m382-381-383\"><a href=\"https:\/\/www.publico.es\/sociedad\/dana-provocado-desastre-climatico-costa-mediterranea.html#analytics-noticia:contenido-enlace\">El enorme balance de da\u00f1os del paso de la DANA <\/a>por varias partes de la <strong>Pen\u00ednsula Ib\u00e9rica<\/strong> \u2013con especial virulencia en el <strong>Pa\u00eds Valenci\u00e0<\/strong>, <a href=\"https:\/\/www.publico.es\/sociedad\/directo-ultima-hora-inundaciones-dana-valencia.html#analytics-noticia:contenido-enlace\">donde el temporal ha provocado decenas de muertos<\/a>\u2013&nbsp;ha vuelto a poner encima de la mesa la necesidad de c\u00f3mo prepararse para afrontar episodios de este tipo. Y es que a pesar de que las tormentas que generan inundaciones importantes son relativamente comunes en el clima mediterr\u00e1neo, todas <strong>las evidencias cient\u00edficas se\u00f1alan que a consecuencia del cambio clim\u00e1tico ir\u00e1n cada vez a m\u00e1s y ganar\u00e1n intensidad<\/strong>.<\/p>\n\n\n\n<p id=\"m387-1-388\">En este sentido, los cient\u00edficos consultados tienen claro que el camino tendr\u00eda que pasar por planificar y ejecutar pol\u00edticas de \u00abadaptaci\u00f3n\u00bb a la emergencia clim\u00e1tica. Entre otras cuestiones, estas tendr\u00edan que provocar cambios profundos en la planificaci\u00f3n urban\u00edstica y, en determinados casos, suponer el traslado de l\u00edneas ferroviarias, la reforma de paseos mar\u00edtimos e, incluso, demoler edificios en las zonas de mayor riesgo de inundaci\u00f3n d\u00f3nde, de entrada, no se tendr\u00eda que haber construido nunca.<\/p>\n\n\n\n<p id=\"m392-2-393\">La DANA de esta semana solo es el \u00faltimo ejemplo de un debate que se abre paso cuando hay una tormenta que provoca da\u00f1os profundos, como pas\u00f3 tambi\u00e9n a ra\u00edz de casos afortunadamente menos mort\u00edferos <a href=\"https:\/\/www.publico.es\/public\/les-fortes-pluges-obliguen-confinar-alcanar-i-tallar-l-ap-7-i-l-n-340-per-inundacions.html#analytics-noticia:contenido-enlace\">como la gota fr\u00eda que golpe\u00f3 las Terres de l&#8217;Ebre en septiembre del a\u00f1o pasado<\/a>, el <strong>temporal Gl\u00f2ria <\/strong>de 2020 o la <strong>borrasca Filomena <\/strong>de 2021.<\/p>\n\n\n\n<ul class=\"wp-block-list\"><\/ul>\n\n\n\n<p id=\"m397-3-398\">Pero hasta ahora no se va m\u00e1s all\u00e1 de una \u00abdin\u00e1mica de ir reaccionando ante los acontecimientos [meteorol\u00f3gicos], sin que haya variado la planificaci\u00f3n por parte de las administraciones\u00bb, apunta <strong>Carles Ib\u00e1\u00f1ez<\/strong>, director cient\u00edfico del <a href=\"https:\/\/centreenresilienciaclimatica.org\/\">Centre en Resiliencia Clim\u00e0tica<\/a> (<strong>CRC<\/strong>), un espacio dedicado a impulsar la investigaci\u00f3n y la innovaci\u00f3n en la adaptaci\u00f3n a la emergencia clim\u00e1tica.<\/p>\n\n\n\n<h2 class=\"wp-block-heading\" id=\"m402-4-403\">Dejar espacio al agua<\/h2>\n\n\n\n<p id=\"m407-5-408\">Para Ib\u00e1\u00f1ez hay que repensar la costa, que puede verse afectada tanto por las inundaciones procedentes del continente, como por las levantadas o temporales de mar que llegan de la costa y por un crecimiento del nivel del mar que se acelera. Pero tambi\u00e9n \u00ablos espacios de r\u00edos y rieras, porque tienen poco espacio para evacuar el agua\u00bb cuando, a causa de un temporal, experimentan crecimientos repentinos.<\/p>\n\n\n\n<p id=\"m412-6-413\">\u00ab<strong>Tenemos que repensar el territorio y aplicar la perspectiva del horizonte del cambio clim\u00e1tico, que acent\u00faa los fen\u00f3menos extremos<\/strong>\u00ab, a\u00f1ade el directivo del CRC, un proyecto impulsado por el centro tecnol\u00f3gico <strong>Eurecat<\/strong>, junto con la <strong>Universitat Rovira i Virgili<\/strong> (URV) de <strong>Tarragona<\/strong> y el <strong>Ayuntamiento de Amposta<\/strong>, donde se ubica.<\/p>\n\n\n\n<ul class=\"wp-block-list\"><\/ul>\n\n\n\n<p id=\"m417-7-418\">En este sentido, el cient\u00edfico ve imprescindible que<strong> las administraciones \u00abasuman como objetivo transversal de alto nivel intentar anticipar parte de estos da\u00f1os\u00bb<\/strong> provocados por fen\u00f3menos meteorol\u00f3gicos extremos, lo que implica \u00abplanificar medidas a corto, medio y largo plazo\u00bb. Unos da\u00f1os que se acent\u00faan en aquellos territorios donde se ha urbanizado zonas inundables o han proliferado campos de conreo que, a la pr\u00e1ctica, dejan a r\u00edos, rieras o torrentes sin un espacio natural que recuperan con fuerza cuando hay inundaciones. Determinadas canalizaciones o gran parte de los paseos mar\u00edtimos tambi\u00e9n limitan el espacio de crecida del agua, ya sea de un r\u00edo o del mar en el caso de una levantada.<\/p>\n\n\n\n<p id=\"m422-8-423\">El director cient\u00edfico del CRC subraya que <strong>hacen falta \u00abpol\u00edticas de adaptaci\u00f3n al cambio clim\u00e1tico\u00bb<\/strong>, pero puntualiza que tiene que ser una \u00abadaptaci\u00f3n muy local\u00bb, puesto que \u00ablo que sirve a un municipio no sirve a otro\u00bb. \u00abDebe de haber unos principios generales y a partir de aqu\u00ed un conocimiento muy detallado del terreno para hacer la adaptaci\u00f3n de manera efectiva y no hacer una mala adaptaci\u00f3n, que lo complica todav\u00eda m\u00e1s\u00bb, relata. As\u00ed, por ejemplo, \u00abnos encontraremos con lugares donde ser\u00e1 inevitable derrocar edificios, otros en los que habr\u00e1 que hacer recular los paseos mar\u00edtimos para que puedan ser sostenibles o trasladar infraestructuras\u00bb.<\/p>\n\n\n\n<p id=\"m427-9-428\">\u00bfY qu\u00e9 es una mala adaptaci\u00f3n? Pues cuando \u00ablo \u00fanico que hacemos es reconstruir las infraestructuras que se ha llevado un temporal, si quieres de manera m\u00e1s reforzada, porque as\u00ed cronificamos el problema\u00bb. Por eso ve imprescindible hacer un an\u00e1lisis previo para identificar los \u00abpuntos cr\u00edticos y pensar en el redise\u00f1o del urbanismo y las infraestructuras para adaptarse a la nueva situaci\u00f3n\u00bb.<\/p>\n\n\n\n<ul class=\"wp-block-list\"><\/ul>\n\n\n\n<p id=\"m432-10-433\">\u00ab<strong>La clave est\u00e1 en ganar espacio de acomodaci\u00f3n tanto en la costa como en la red de r\u00edos y rieras, para que el agua y los sedimentos puedan fluir<\/strong>\u00bb sin provocar grandes da\u00f1os, continua. Iba\u00f1ez pone el foco en que es imperativo \u00abredise\u00f1ar los usos del territorio para que sean m\u00e1s compatibles\u00bb con unos fen\u00f3menos que van a m\u00e1s y, por lo tanto, \u00abanticipar lo que pasar\u00e1 igualmente\u00bb.<\/p>\n\n\n\n<p id=\"m437-11-438\">\u00abPor ejemplo, tenemos que dejar espacio al mar, porque crecer\u00e1 igualmente\u00bb, apunta, lo que conlleva ensanchar las playas. Sobre esto incide tambi\u00e9n <strong>David Pino<\/strong>, profesor del departamento de F\u00edsica de la <strong>Universitat Polit\u00e8cnica de Catalunya<\/strong> (UPC), que reitera como \u00abuna playa de mayor amplitud tiene m\u00e1s capacidad de disipar la energ\u00eda de las olas y la subida del nivel del mar, puesto que act\u00faa como un mecanismo natural de defensa de la costa\u00bb.<\/p>\n\n\n\n<p id=\"m442-12-443\">Pino tambi\u00e9n es coordinador del<a href=\"https:\/\/eetac.upc.edu\/ca\/noticies\/el-proyecto-mediflood-coordinado-por-david-pino-eetac-crea-el-catalogo-mas-completo-de-inundaciones-en-el-mediterraneo-peninsular\"> proyecto MEDIFLOOD<\/a>, un cat\u00e1logo que recoge <strong>14.500 casos<\/strong> de inundaci\u00f3n pluvial y fluvial en la costa mediterr\u00e1nea peninsular durante un milenio y que permite ver los efectos del urbanismo ante fen\u00f3menos naturales para poderlos prevenir con mayores garant\u00edas.<\/p>\n\n\n\n<ul class=\"wp-block-list\"><\/ul>\n\n\n\n<h2 class=\"wp-block-heading\" id=\"m447-13-448\">Urbanismo en zonas inundables<\/h2>\n\n\n\n<p id=\"m452-14-453\">En el caso concreto de Catalunya, el 15% de la superficie urbanizada se encuentra en zona inundable, ya sea fluvial o mar\u00edtima, seg\u00fan el informe RiskCat, que se encarga de evaluar los riesgos de los fen\u00f3menos naturales. El <strong>Baix Ebre<\/strong> y el <strong>Montsi\u00e0<\/strong> \u2013las dos comarcas donde se ubica el Delta de l&#8217;Ebre\u2013, partes del litoral del Maresme y la Selva \u2013sobre todo el tramo final del <strong>r\u00edo Tordera<\/strong>, entre Malgrat de Mar y Blanes\u2013, las zonas m\u00e1s pr\u00f3ximas en el<strong> Llobregat<\/strong> \u2013especialmente al Delta\u2013 y al Bes\u00f2s del \u00e1rea metropolitana de <strong>Barcelona<\/strong>, puntos del Alt Empord\u00e0 (<strong>Girona<\/strong>) y zonas de la ciudad de <strong>Lleida<\/strong> o <strong>Girona<\/strong> est\u00e1n entre las de mayor riesgo de inundaci\u00f3n, en parte tambi\u00e9n porque la mayor\u00eda tienen un elevado nivel de urbanizaci\u00f3n.<\/p>\n\n\n\n<p id=\"m457-15-458\">Seg\u00fan Carles Ib\u00e1\u00f1ez, esto \u00ab<strong>es una hipoteca que arrastramos de las pasadas d\u00e9cadas, cuando se construy\u00f3 en zonas donde no se tendr\u00eda que haber hecho<\/strong>\u00bb y, por lo tanto, ahora tocar\u00eda \u00abrepensar la planificaci\u00f3n\u00bb en las zonas de mayor riesgo y \u00abrehacer infraestructuras a medida que haya oportunidades\u00bb.<\/p>\n\n\n\n<p id=\"m462-16-463\"><a href=\"https:\/\/www.publico.es\/sociedad\/catalunya-necesita-repensar-costa-adaptarse-impactos-cambio-climatico.html#analytics-noticia:contenido-enlace\">En una entrevista previa con este diario<\/a>, David Pino argumentaba que \u00absabemos que estos fen\u00f3menos [extremos] continuar\u00e1n pasando y, por lo tanto, nos tenemos que hacer la pregunta de qu\u00e9 queremos hacer\u00bb.<\/p>\n\n\n\n<p id=\"m467-17-468\">\u00bfContinuar haciendo una inversi\u00f3n para intentar paliar puntualmente los efectos de una inundaci\u00f3n y volver a la situaci\u00f3n anterior? \u00bfO hacer una inversi\u00f3n mucho m\u00e1s grande y ver en qu\u00e9 zonas nos podemos ahorrar que cuando haya inundaciones afecte a la poblaci\u00f3n? Porque si no vive nadie, el impacto es mucho m\u00e1s peque\u00f1o\u00bb. Una reflexi\u00f3n plenamente vigente estos d\u00edas.<\/p>\n\n\n\n<p id=\"m472-18-473\">Con todo, Carles Ib\u00e1\u00f1ez se\u00f1ala que \u00ablos propios actores econ\u00f3micos tendr\u00edan que ver que esto es una oportunidad para hacer una <strong>planificaci\u00f3n urban\u00edstica m\u00e1s humana, habitable y bien dise\u00f1ada<\/strong>, que deje atr\u00e1s la que se hizo de manera ca\u00f3tica y muy desordenada durante los a\u00f1os 60 y 70&#8243; del siglo pasado.Carles Ib\u00e1\u00f1ez: \u00abNo estamos dirigiendo recursos hacia estas cuestiones, que son prioritarias, y cuanto m\u00e1s tardamos peor ser\u00e1\u00bb<\/p>\n\n\n\n<p id=\"m482-20-483\">O, incluso, d\u00e9cadas antes, como es el caso de la l\u00ednea R1 de <strong>Rodalies<\/strong>, que pasa por la primera l\u00ednea de costa de la comarca del <strong>Maresme<\/strong> (Barcelona) con unas playas que han ido perdiendo amplitud y que, seg\u00fan \u00e9l, se tendr\u00eda que \u00abtrasladar hacia el interior\u00bb. \u00abTodo el mundo sabe que hay que hacerlo, pero no se prioriza como inversi\u00f3n. No estamos dirigiendo recursos hacia estas cuestiones, que son prioritarias, y cuanto m\u00e1s tardamos peor ser\u00e1\u00bb. Como apunte final, el director cient\u00edfico del CRC concluye que \u00absi no nos anticipamos a los problemas <strong>lo acabaremos pagando m\u00e1s caro en costes econ\u00f3micos y de infraestructuras, pero tambi\u00e9n en vidas humanas<\/strong>\u00ab. Como, desgraciadamente, se ha visto en el Pa\u00eds Valenci\u00e0.<\/p>\n\n\n\n<p><a href=\"https:\/\/www.publico.es\/author\/marc-font#analytics-noticia:autor\"><strong>Marc Font<\/strong><\/a><\/p>\n\n\n\n<p>FOTO: Coches destrozados tras el paso del la Dana. A 30 de octubre de 2024, en M\u00e1laga, Andaluc\u00eda (Espa\u00f1a). \u2014 \u00c1lex Zea \/ Europa Press<\/p>\n\n\n\n<p><a href=\"https:\/\/www.publico.es\/sociedad\/repensar-urbanismo-adaptarlo-cambio-climatico-estrategia-clave-afrontar-futuras-danas.html#md=modulo-portada-bloque:2col-t4;mm=mobile-medium\">https:\/\/www.publico.es\/sociedad\/repensar-urbanismo-adaptarlo-cambio-climatico-estrategia-clave-afrontar-futuras-danas.html#md=modulo-portada-bloque:2col-t4;mm=mobile-medium<\/a><\/p>\n\n\n\n<p id=\"m95-94-96\"><a href=\"https:\/\/www.publico.es\/author\/marc-font#analytics-noticia:autor\"><\/a><\/p>\n\n\n\n\n","protected":false},"excerpt":{"rendered":"<p>La mort\u00edfera gota fr\u00eda que ha asolado parte del Pa\u00eds Valenci\u00e0 hace urgente preparar el&#8230;<\/p>\n","protected":false},"author":1,"featured_media":72386,"comment_status":"closed","ping_status":"closed","sticky":false,"template":"","format":"standard","meta":{"_coblocks_attr":"","_coblocks_dimensions":"","_coblocks_responsive_height":"","_coblocks_accordion_ie_support":"","jetpack_post_was_ever_published":false,"_jetpack_newsletter_access":"","_jetpack_dont_email_post_to_subs":false,"_jetpack_newsletter_tier_id":0,"_jetpack_memberships_contains_paywalled_content":false,"_jetpack_memberships_contains_paid_content":false,"footnotes":"","jetpack_publicize_message":"","jetpack_publicize_feature_enabled":true,"jetpack_social_post_already_shared":true,"jetpack_social_options":{"image_generator_settings":{"template":"highway","default_image_id":0,"enabled":false},"version":2}},"categories":[10797,1161,186,44],"tags":[],"class_list":["post-72385","post","type-post","status-publish","format-standard","has-post-thumbnail","hentry","category-ciencia","category-ciudadania","category-instituciones","category-noticias-de-hoy"],"jetpack_publicize_connections":[],"jetpack_featured_media_url":"https:\/\/i0.wp.com\/miradordeatarfe.es\/wp-content\/uploads\/2024\/10\/6722643e2845e.webp?fit=990%2C660&ssl=1","jetpack_likes_enabled":true,"jetpack_sharing_enabled":true,"_links":{"self":[{"href":"https:\/\/miradordeatarfe.es\/index.php?rest_route=\/wp\/v2\/posts\/72385","targetHints":{"allow":["GET"]}}],"collection":[{"href":"https:\/\/miradordeatarfe.es\/index.php?rest_route=\/wp\/v2\/posts"}],"about":[{"href":"https:\/\/miradordeatarfe.es\/index.php?rest_route=\/wp\/v2\/types\/post"}],"author":[{"embeddable":true,"href":"https:\/\/miradordeatarfe.es\/index.php?rest_route=\/wp\/v2\/users\/1"}],"replies":[{"embeddable":true,"href":"https:\/\/miradordeatarfe.es\/index.php?rest_route=%2Fwp%2Fv2%2Fcomments&post=72385"}],"version-history":[{"count":1,"href":"https:\/\/miradordeatarfe.es\/index.php?rest_route=\/wp\/v2\/posts\/72385\/revisions"}],"predecessor-version":[{"id":72387,"href":"https:\/\/miradordeatarfe.es\/index.php?rest_route=\/wp\/v2\/posts\/72385\/revisions\/72387"}],"wp:featuredmedia":[{"embeddable":true,"href":"https:\/\/miradordeatarfe.es\/index.php?rest_route=\/wp\/v2\/media\/72386"}],"wp:attachment":[{"href":"https:\/\/miradordeatarfe.es\/index.php?rest_route=%2Fwp%2Fv2%2Fmedia&parent=72385"}],"wp:term":[{"taxonomy":"category","embeddable":true,"href":"https:\/\/miradordeatarfe.es\/index.php?rest_route=%2Fwp%2Fv2%2Fcategories&post=72385"},{"taxonomy":"post_tag","embeddable":true,"href":"https:\/\/miradordeatarfe.es\/index.php?rest_route=%2Fwp%2Fv2%2Ftags&post=72385"}],"curies":[{"name":"wp","href":"https:\/\/api.w.org\/{rel}","templated":true}]}}