{"id":72388,"date":"2024-11-03T10:58:00","date_gmt":"2024-11-03T09:58:00","guid":{"rendered":"https:\/\/miradordeatarfe.es\/?p=72388"},"modified":"2024-10-31T11:03:05","modified_gmt":"2024-10-31T10:03:05","slug":"andalucia-de-record-en-record","status":"publish","type":"post","link":"https:\/\/miradordeatarfe.es\/?p=72388","title":{"rendered":"Andaluc\u00eda, de r\u00e9cord en r\u00e9cord"},"content":{"rendered":"\n<p><a href=\"https:\/\/blogs.publico.es\/david-bollero\/author\/david-bollero\/\"><\/a><\/p>\n\n\n\n<p>La consejera andaluza de Econom\u00eda, Hacienda y Fondos Europeos, Carolina Espa\u00f1a, ha desgranado esta semana los que volver\u00e1n a ser <strong>\u00ab<\/strong><a href=\"https:\/\/www.publico.es\/politica\/moreno-bonilla-vende-presupuesto-multimillonario-2025-faltan-ejecutar-17000-millones-2024.html#analytics-buscador:listado\"><strong>unos presupuestos r\u00e9cord\u00bb en Andaluc\u00eda<\/strong><\/a><strong>: 48.836 millones de euros<\/strong>. Con id\u00e9ntico aire triunfante con que el presidente Juan Manuel Moreno Bonilla vendi\u00f3 las cuentas de 2024, promociona ahora las del a\u00f1o que viene. <strong>El problema es que los resultados no acompa\u00f1an<\/strong>, lo que evidencia un serio problema de gesti\u00f3n. No por gastar m\u00e1s se alcanza la excelencia.Desconf\u00eden de cualquier gobierno, sea de izquierda o de derecha, que adose la coletilla \u00ablos m\u00e1s sociales de la historia\u00bb al anuncio de sus presupuestos. Especialmente si es un gobierno que ya gestionaba el a\u00f1o anterior; en cierto modo y de manera impl\u00edcita, evidencia que las cuentas previas eran insuficientes y que, por tanto, no se presupuest\u00f3 adecuadamente.<\/p>\n\n\n\n<p>Pongamos letra a la m\u00fasica o, por ser m\u00e1s precisos, n\u00fameros a una de las \u00e1reas que objetivamente hablando peor est\u00e1 en Andaluc\u00eda. <strong>Las cuentas andaluzas para 2025 aumentan su partida para Sanidad en 986,4 millones de euros<\/strong>, haciendo un total de 15.247 millones, un tercio del total presupuestado. Seg\u00fan los datos de la propia consejera, <strong>la partida ha aumentado un 6,9% respecto a la de este a\u00f1o, frente al 4,4% que ha aumentado el presupuesto total<\/strong>. Primer s\u00edntoma de que algo no va bien.<\/p>\n\n\n\n<p>Segundo s\u00edntoma: el mismo Moreno Bonilla, cada vez m\u00e1s acorralado por la propia Intervenci\u00f3n de la Junta con acusaciones de <a href=\"https:\/\/www.publico.es\/politica\/justicia-abre-investigacion-al-gobierno-moreno-adjudicar-243-millones-clinicas-privadas.html#analytics-noticia:contenido-enlace\">fraude de ley por sus contratos a dedo a la Sanidad privada<\/a>, reconoce que <strong>este aumento es necesario para <\/strong>\u00ab<strong>reformar aquello<\/strong> <strong>que no funciona como quisi\u00e9ramos\u00bb.<\/strong> Las cifras de lista de espera son demoledoras y no descienden pese a las derivaciones millonarias que se han realizado a la Sanidad privada.<\/p>\n\n\n\n<p>Este es el quid de la cuesti\u00f3n: no importa tanto la cantidad que se gaste en Sanidad como el modo en que se gaste. <strong>\u00bfDe qu\u00e9 sirve incrementar los presupuestos para Sanidad si, en lugar de que ese dinero refuerce la p\u00fablica, va a lucrar a la privada?<\/strong> Adem\u00e1s y para mayor desprop\u00f3sito, sin obtener mejor\u00eda asistencial.<\/p>\n\n\n\n<p>El tercer s\u00edntoma que delata que el gobierno de Moreno Bonilla presenta un cuadro agudo de deficiente gesti\u00f3n es su incapacidad para ejecutar el dinero disponible. La consejera Espa\u00f1a se hace trampas al solitario y calcula lo ejecutado en base a lo inicialmente presupuestado para 2024, es decir, 46.753,2 millones. La realidad, sin embargo, es que como recuerda la portavoz del grupo parlamentario Por Andaluc\u00eda, Inma Nieto (IU), <strong>la capacidad real que determinan los cr\u00e9ditos de gasto ascendieron este a\u00f1o a 49.600 millones, cifra inferior al presupuesto r\u00e9cord que ahora vende Moreno Bonilla para 2025<\/strong>.<\/p>\n\n\n\n<p>El cuarto s\u00edntoma, que hace temer lo peor, es que con estas cifras no parece que el grado de ejecuci\u00f3n del presupuesto sea el que afirma Espa\u00f1a. De hecho, Por Andaluc\u00eda advierte que en el tercer trimestre del a\u00f1o a\u00fan quedaban 17.883 millones de euros sin ejecutar, lo que sugiere que <strong>para final de a\u00f1o podr\u00edan quedarse 5.000 millones sin gastar <\/strong>en una regi\u00f3n con a la cola de la Sanidad y la <a href=\"https:\/\/www.publico.es\/politica\/lucha-dependencia-nuevo-frente-politicas-privatizadoras-moreno-bonilla.html#analytics-buscador:listado\">Dependencia<\/a> y <a href=\"https:\/\/www.publico.es\/sociedad\/profundidad-pobreza-exclusion-social-andalucia-dato-dato.html#analytics-noticia:relacionada\">l\u00edder en pobreza<\/a>. El PSOE maneja cifras similares, hablando de 4.700 millones de euros guardados en un caj\u00f3n. Esta semana, sin ir m\u00e1s lejos, hemos recibido otra bofetada de realidad: <strong>12 de los 15 municipios m\u00e1s pobres de toda Espa\u00f1a son andaluces. <\/strong>Localidades en las que, a buen seguro, Moreno Bonilla no tiene el coraje de dejarse caer para promocionar su Presupuesto 2025.<\/p>\n\n\n\n<p>El quinto s\u00edntoma es la contradicci\u00f3n de que Carolina Espa\u00f1a se jacta de que <strong>6 de cada 10 euros del presupuesto de Andaluc\u00eda ir\u00e1 destinado a las pol\u00edticas sociales<\/strong>, pero obvia explicar que <strong>7 de cada 10 euros del total llegar\u00e1 del Gobierno de Espa\u00f1a<\/strong>, seg\u00fan la oposici\u00f3n. Admitir tal cosa ser\u00eda minar el discurso lastimero de Moreno Bonilla que, aun teniendo raz\u00f3n en reclamar una mejora de la financiaci\u00f3n estatal, no puede escudarse en ello para justificar su p\u00e9sima gesti\u00f3n. Para cuando termine este a\u00f1o, seg\u00fan fuentes del ministerio de Hacienda, <strong>Andaluc\u00eda habr\u00e1 recibido 27.937 millones de euros, el 60% del gasto que inicialmente presupuest\u00f3 el gobierno andaluz.<\/strong><\/p>\n\n\n\n<p>En materia de Sanidad, que es donde m\u00e1s evidente resulta, Moreno Bonilla est\u00e1 aplicando la vieja estrategia de la derecha para privatizar servicios p\u00fablicos. A nivel municipal esta t\u00e1ctica es m\u00e1s visible en \u00e1reas como la limpieza: se deja caer la calidad del servicio a m\u00ednimos hist\u00f3ricos sosteniendo que no hay medios para sostenerlo y, despu\u00e9s, se externaliza la gesti\u00f3n a los amiguetes de la privada. En el caso de la Sanidad, el presidente andaluz aplica este catecismo privatizador con un doble objetivo: por un lado, lucrar con contratos de dudosa legalidad a empresas de la Sanidad privada y, por otro, acusar al Gobierno de Espa\u00f1a de no proporcionar suficiente financiaci\u00f3n mientras contin\u00faan los regalos fiscales a los m\u00e1s ricos.<\/p>\n\n\n\n<p>Llegados a este punto, comienza a ser m\u00e1s complicado nublarle la vista al ciudadano y ciudadana de a pie con una lluvia de cifras y tecnicismos contables. Lo que ve n\u00edtidamente, lo que sufre en sus propias carnes es que <strong>nunca antes hab\u00eda tenido que guardar cola desde las seis de la ma\u00f1ana para intentar \u2013que no es lo mismo que obtener- cita para su m\u00e9dico de Atenci\u00f3n Privada<\/strong>. Ahora s\u00ed. Y ese s\u00ed que es un r\u00e9cord que se puede apuntar Moreno Bonilla, como el de <a href=\"https:\/\/blogs.publico.es\/david-bollero\/2024\/10\/17\/los-nadie-para-el-gobierno-andaluz-se-cifran-en-32-millones\/?doing_wp_cron=1730222617.3209779262542724609375#analytics-buscador:listado\">pobreza<\/a> o dependencia.<\/p>\n\n\n\n<p><a href=\"https:\/\/blogs.publico.es\/david-bollero\/author\/david-bollero\/\"><strong>David Bollero<\/strong><\/a><\/p>\n\n\n\n<p>FOTO: La consejera andaluza de Econom\u00eda, Hacienda y Fondos Europeos, Carolina Espa\u00f1a.-Junta de Andaluc\u00eda<\/p>\n\n\n\n<p><a href=\"https:\/\/blogs.publico.es\/david-bollero\/2024\/10\/31\/andalucia-de-record-en-record\">https:\/\/blogs.publico.es\/david-bollero\/2024\/10\/31\/andalucia-de-record-en-record<\/a><\/p>\n\n\n\n\n","protected":false},"excerpt":{"rendered":"<p>La consejera andaluza de Econom\u00eda, Hacienda y Fondos Europeos, Carolina Espa\u00f1a, ha desgranado esta semana&#8230;<\/p>\n","protected":false},"author":1,"featured_media":72389,"comment_status":"closed","ping_status":"closed","sticky":false,"template":"","format":"standard","meta":{"_coblocks_attr":"","_coblocks_dimensions":"","_coblocks_responsive_height":"","_coblocks_accordion_ie_support":"","jetpack_post_was_ever_published":false,"_jetpack_newsletter_access":"","_jetpack_dont_email_post_to_subs":false,"_jetpack_newsletter_tier_id":0,"_jetpack_memberships_contains_paywalled_content":false,"_jetpack_memberships_contains_paid_content":false,"footnotes":"","jetpack_publicize_message":"","jetpack_publicize_feature_enabled":true,"jetpack_social_post_already_shared":true,"jetpack_social_options":{"image_generator_settings":{"template":"highway","default_image_id":0,"enabled":false},"version":2}},"categories":[10791,1161,186,44],"tags":[],"class_list":["post-72388","post","type-post","status-publish","format-standard","has-post-thumbnail","hentry","category-andalucia","category-ciudadania","category-instituciones","category-noticias-de-hoy"],"jetpack_publicize_connections":[],"jetpack_featured_media_url":"https:\/\/i0.wp.com\/miradordeatarfe.es\/wp-content\/uploads\/2024\/10\/PososAnarquia_CarolinaEspana-buena.jpg?fit=756%2C504&ssl=1","jetpack_likes_enabled":true,"jetpack_sharing_enabled":true,"_links":{"self":[{"href":"https:\/\/miradordeatarfe.es\/index.php?rest_route=\/wp\/v2\/posts\/72388","targetHints":{"allow":["GET"]}}],"collection":[{"href":"https:\/\/miradordeatarfe.es\/index.php?rest_route=\/wp\/v2\/posts"}],"about":[{"href":"https:\/\/miradordeatarfe.es\/index.php?rest_route=\/wp\/v2\/types\/post"}],"author":[{"embeddable":true,"href":"https:\/\/miradordeatarfe.es\/index.php?rest_route=\/wp\/v2\/users\/1"}],"replies":[{"embeddable":true,"href":"https:\/\/miradordeatarfe.es\/index.php?rest_route=%2Fwp%2Fv2%2Fcomments&post=72388"}],"version-history":[{"count":1,"href":"https:\/\/miradordeatarfe.es\/index.php?rest_route=\/wp\/v2\/posts\/72388\/revisions"}],"predecessor-version":[{"id":72390,"href":"https:\/\/miradordeatarfe.es\/index.php?rest_route=\/wp\/v2\/posts\/72388\/revisions\/72390"}],"wp:featuredmedia":[{"embeddable":true,"href":"https:\/\/miradordeatarfe.es\/index.php?rest_route=\/wp\/v2\/media\/72389"}],"wp:attachment":[{"href":"https:\/\/miradordeatarfe.es\/index.php?rest_route=%2Fwp%2Fv2%2Fmedia&parent=72388"}],"wp:term":[{"taxonomy":"category","embeddable":true,"href":"https:\/\/miradordeatarfe.es\/index.php?rest_route=%2Fwp%2Fv2%2Fcategories&post=72388"},{"taxonomy":"post_tag","embeddable":true,"href":"https:\/\/miradordeatarfe.es\/index.php?rest_route=%2Fwp%2Fv2%2Ftags&post=72388"}],"curies":[{"name":"wp","href":"https:\/\/api.w.org\/{rel}","templated":true}]}}