{"id":72397,"date":"2024-11-01T11:25:00","date_gmt":"2024-11-01T10:25:00","guid":{"rendered":"https:\/\/miradordeatarfe.es\/?p=72397"},"modified":"2024-10-31T13:49:55","modified_gmt":"2024-10-31T12:49:55","slug":"atarfe-homenaje-a-enrique-morente-el-14-de-noviembre","status":"publish","type":"post","link":"https:\/\/miradordeatarfe.es\/?p=72397","title":{"rendered":"ATARFE: HOMENAJE A ENRIQUE MORENTE EL 14 DE NOVIEMBRE"},"content":{"rendered":"\n<p class=\"has-medium-font-size\"><strong>En el marco del D\u00eda Internacional del Flamenco, os invitamos a un evento \u00fanico en honor al maestro Enrique Morente. Una oportunidad para descubrir su legado a trav\u00e9s de dos actividades muy especiales:<\/strong><\/p>\n\n\n\n<p class=\"has-large-font-size\"><strong> Charla-Coloquio<\/strong><br \/><\/p>\n\n\n\n<p class=\"has-medium-font-size\">Con la participaci\u00f3n de<strong> Aurora Carbonell y Sole\u00e1 Morente<\/strong>, (familiares de Enrique), junto a <strong>Cristina Cruces<\/strong>, antrop\u00f3loga especializada en flamenco. Entre las tres desgranar\u00e1n la figura de Enrique Morente, su influencia en el flamenco actual y la importancia del disco \u00abOmega\u00bb para la historia del flamenco.<\/p>\n\n\n\n<p class=\"has-medium-font-size\"><strong>AURORA CARBONELL<\/strong> viuda de Enrique Morente, es hija del guitarrista &#8216;Montoyita&#8217; y <strong>tiene 3 hermanos, entre ellos Antonio Carbonell, que fue a Eurovis\u00ed\u00f3n en 1996 Durante a\u00f1os bail\u00f3 en los tablaos con su hermana Victoria<\/strong> y ahora expresa su talento con los pinceles<\/p>\n\n\n\n<p class=\"has-medium-font-size\"><strong>SOLE\u00c1 MORENTE<\/strong> <strong>Mar\u00eda Soledad Morente Carbonell<\/strong>, conocida art\u00edsticamente como <strong>Sole\u00e1 Morente<\/strong> (Madrid,\u200b 9 de abril de 1985), es una cantante de flamenco y pop rock, as\u00ed como actriz espa\u00f1ola. No se considera cantaora, pero s\u00ed flamenca, combinando la herencia de la cultura flamenca de la familia Morente con influencias de pop rock o incluso de rock alternativo.<\/p>\n\n\n\n<p class=\"has-medium-font-size\"><strong>CRISTINA CRUCES<\/strong> Es catedr\u00e1tica de Antropolog\u00eda Social de la Universidad de Sevilla. Investigadora principal en el proyecto I+D \u201cMujeres flamencas: etnicidad, educaci\u00f3n y empleo ante los nuevos retos profesionales\u201d, ha participado entre otros en los proyectos \u201cCOFLA, an\u00e1lisis computacional de la m\u00fasica flamenca\u201d y \u201cDanza durante la guerra civil y el franquismo\u201d.<\/p>\n\n\n\n<p class=\"has-large-font-size\"><strong>Proyecci\u00f3n del documental \u00abOMEGA\u00bb<\/strong><br \/><\/p>\n\n\n\n<p>Obra nominada al Goya en 2017, que nos muestra la creaci\u00f3n del disco que fusion\u00f3 el flamenco y el rock, con la poes\u00eda de Lorca y la m\u00fasica de Leonard Cohen.<\/p>\n\n\n\n<p>Documental sobre el revolucionario disco de <strong>flamenco-rock \u00abOmega\u00bb<\/strong>, compuesto por el maestro <strong>Enrique Morente <\/strong>y el grupo granadino <strong>Lagartija Nick<\/strong> en 1996. Un disco rompedor y de gran impacto en el panorama musical nacional e internacional en el que Morente adapt\u00f3 temas del cantautor canadiense Leonard Cohen y puso m\u00fasica a poemas de Federico Garc\u00eda-Lorca. (FILMAFFINITY)<\/p>\n\n\n\n<p>Todo empez\u00f3 por una idea del poeta, periodista y escritor <strong>Alberto Manzano,<\/strong> que es adem\u00e1s bi\u00f3grafo y traductor de Leonard Cohen en Espa\u00f1a. Manzano quer\u00eda hacerle al m\u00fasico canadiense un regalo especial por su 60 cumplea\u00f1os, y le propuso a Morente grabar algunas de sus canciones.<\/p>\n\n\n\n<p>La pel\u00edcula incluye archivo sonoro y audiovisual de la \u00e9poca, im\u00e1genes in\u00e9ditas de los primeros ensayos, y la participaci\u00f3n de figuras como<strong> Laura Garc\u00eda Lorca<\/strong>, que acudi\u00f3 al primer concierto de presentaci\u00f3n del disco, o <strong>Estrella Morente,<\/strong> que hizo algunos coros<\/p>\n\n\n\n<p><strong>Jueves, 14 de Noviembre<br \/>17:00h.<br \/>Centro Cultural Medina Elvira<\/strong><br \/><\/p>\n\n\n\n<p>Invitaciones en el Centro Cultural Medina Elvira o en <a href=\"https:\/\/www.giglon.com\/todos?idEvent=homenaje-a-enrique-morente\">https:\/\/www.giglon.com\/todos?idEvent=homenaje-a-enrique-morente<\/a><\/p>\n\n\n\n<p>Organiza la Concejal\u00eda de Participaci\u00f3n Ciudadana en colaboraci\u00f3n con la Fundaci\u00f3n de Enrique Morente y el PICGA.<\/p>\n\n\n\n<figure class=\"wp-block-image size-large\"><img data-recalc-dims=\"1\" loading=\"lazy\" decoding=\"async\" width=\"640\" height=\"905\" src=\"https:\/\/i0.wp.com\/miradordeatarfe.es\/wp-content\/uploads\/2024\/10\/Imagen-de-WhatsApp-2024-10-31-a-las-12.18.56_ce57aaf4.jpg?resize=640%2C905&#038;ssl=1\" alt=\"\" class=\"wp-image-72398\" srcset=\"https:\/\/i0.wp.com\/miradordeatarfe.es\/wp-content\/uploads\/2024\/10\/Imagen-de-WhatsApp-2024-10-31-a-las-12.18.56_ce57aaf4.jpg?resize=724%2C1024&amp;ssl=1 724w, https:\/\/i0.wp.com\/miradordeatarfe.es\/wp-content\/uploads\/2024\/10\/Imagen-de-WhatsApp-2024-10-31-a-las-12.18.56_ce57aaf4.jpg?resize=212%2C300&amp;ssl=1 212w, https:\/\/i0.wp.com\/miradordeatarfe.es\/wp-content\/uploads\/2024\/10\/Imagen-de-WhatsApp-2024-10-31-a-las-12.18.56_ce57aaf4.jpg?resize=768%2C1086&amp;ssl=1 768w, https:\/\/i0.wp.com\/miradordeatarfe.es\/wp-content\/uploads\/2024\/10\/Imagen-de-WhatsApp-2024-10-31-a-las-12.18.56_ce57aaf4.jpg?resize=1086%2C1536&amp;ssl=1 1086w, https:\/\/i0.wp.com\/miradordeatarfe.es\/wp-content\/uploads\/2024\/10\/Imagen-de-WhatsApp-2024-10-31-a-las-12.18.56_ce57aaf4.jpg?resize=1024%2C1449&amp;ssl=1 1024w, https:\/\/i0.wp.com\/miradordeatarfe.es\/wp-content\/uploads\/2024\/10\/Imagen-de-WhatsApp-2024-10-31-a-las-12.18.56_ce57aaf4.jpg?w=1131&amp;ssl=1 1131w\" sizes=\"auto, (max-width: 640px) 100vw, 640px\" \/><\/figure>\n\n\n\n<p>FOTO: <a href=\"https:\/\/flamencocasaana.com\/familia-morente-dinastia-flamenco-en-granada\/\">https:\/\/flamencocasaana.com\/familia-morente-dinastia-flamenco-en-granada\/<\/a><\/p>\n","protected":false},"excerpt":{"rendered":"<p>En el marco del D\u00eda Internacional del Flamenco, os invitamos a un evento \u00fanico en&#8230;<\/p>\n","protected":false},"author":1,"featured_media":72400,"comment_status":"closed","ping_status":"closed","sticky":false,"template":"","format":"standard","meta":{"_coblocks_attr":"","_coblocks_dimensions":"","_coblocks_responsive_height":"","_coblocks_accordion_ie_support":"","jetpack_post_was_ever_published":false,"_jetpack_newsletter_access":"","_jetpack_dont_email_post_to_subs":false,"_jetpack_newsletter_tier_id":0,"_jetpack_memberships_contains_paywalled_content":false,"_jetpack_memberships_contains_paid_content":false,"footnotes":"","jetpack_publicize_message":"","jetpack_publicize_feature_enabled":true,"jetpack_social_post_already_shared":true,"jetpack_social_options":{"image_generator_settings":{"template":"highway","default_image_id":0,"enabled":false},"version":2}},"categories":[6916,44],"tags":[],"class_list":["post-72397","post","type-post","status-publish","format-standard","has-post-thumbnail","hentry","category-ayuntamiento-de-atarfe","category-noticias-de-hoy"],"jetpack_publicize_connections":[],"jetpack_featured_media_url":"https:\/\/i0.wp.com\/miradordeatarfe.es\/wp-content\/uploads\/2024\/10\/image003-1.webp?fit=621%2C336&ssl=1","jetpack_likes_enabled":true,"jetpack_sharing_enabled":true,"_links":{"self":[{"href":"https:\/\/miradordeatarfe.es\/index.php?rest_route=\/wp\/v2\/posts\/72397","targetHints":{"allow":["GET"]}}],"collection":[{"href":"https:\/\/miradordeatarfe.es\/index.php?rest_route=\/wp\/v2\/posts"}],"about":[{"href":"https:\/\/miradordeatarfe.es\/index.php?rest_route=\/wp\/v2\/types\/post"}],"author":[{"embeddable":true,"href":"https:\/\/miradordeatarfe.es\/index.php?rest_route=\/wp\/v2\/users\/1"}],"replies":[{"embeddable":true,"href":"https:\/\/miradordeatarfe.es\/index.php?rest_route=%2Fwp%2Fv2%2Fcomments&post=72397"}],"version-history":[{"count":1,"href":"https:\/\/miradordeatarfe.es\/index.php?rest_route=\/wp\/v2\/posts\/72397\/revisions"}],"predecessor-version":[{"id":72401,"href":"https:\/\/miradordeatarfe.es\/index.php?rest_route=\/wp\/v2\/posts\/72397\/revisions\/72401"}],"wp:featuredmedia":[{"embeddable":true,"href":"https:\/\/miradordeatarfe.es\/index.php?rest_route=\/wp\/v2\/media\/72400"}],"wp:attachment":[{"href":"https:\/\/miradordeatarfe.es\/index.php?rest_route=%2Fwp%2Fv2%2Fmedia&parent=72397"}],"wp:term":[{"taxonomy":"category","embeddable":true,"href":"https:\/\/miradordeatarfe.es\/index.php?rest_route=%2Fwp%2Fv2%2Fcategories&post=72397"},{"taxonomy":"post_tag","embeddable":true,"href":"https:\/\/miradordeatarfe.es\/index.php?rest_route=%2Fwp%2Fv2%2Ftags&post=72397"}],"curies":[{"name":"wp","href":"https:\/\/api.w.org\/{rel}","templated":true}]}}