{"id":72411,"date":"2024-11-06T08:31:00","date_gmt":"2024-11-06T07:31:00","guid":{"rendered":"https:\/\/miradordeatarfe.es\/?p=72411"},"modified":"2024-11-04T20:45:39","modified_gmt":"2024-11-04T19:45:39","slug":"el-valor-del-tiempo","status":"publish","type":"post","link":"https:\/\/miradordeatarfe.es\/?p=72411","title":{"rendered":"El valor del tiempo"},"content":{"rendered":"\n<h2 class=\"wp-block-heading has-medium-font-size\">Las prisas y la eficiencia son una prioridad en nuestros d\u00edas, y nuestro tiempo ha quedado sometido a ellas. Sin embargo, un desarrollo humano arm\u00f3nico requiere que nuestros ritmos se acoplen a los de la naturaleza.<\/h2>\n\n\n\n<h4 class=\"wp-block-heading\"><strong>El tiempo es un intangible de alt\u00edsimo valor. Marca los ritmos de nuestras vidas, influye en los estados de \u00e1nimo, nos permite reposo cuando necesitamos calma\u2026 Es un recurso no renovable que no se puede guardar ni acumular. <\/strong><\/h4>\n\n\n\n<p><strong>Nos pertenece, salvo cuando interviene el mercado y pone precio a las horas de trabajo que ocupan una parte fundamental de nuestras vidas.<\/strong> Aun as\u00ed, generalmente resurge fresco en las etapas de descanso, como una ocasi\u00f3n para la libertad. Porque conviene recordar que disponer de tiempo es uno de los condicionantes de la libertad. La pregunta es si sabemos valorarlo, si lo usamos de acuerdo con nuestras prioridades o si, por el contrario, lo despilfarramos o ignoramos.<\/p>\n\n\n\n<p>La dimensi\u00f3n temporal est\u00e1 presente en todas las esferas de la vida. Es m\u00e1s, <strong>de c\u00f3mo la utilicemos depende en gran parte el destino individual y colectivo de nuestras sociedades.<\/strong> Las relaciones con la naturaleza, los v\u00ednculos comunitarios, los proyectos personales, todos ellos est\u00e1n influidos por los usos del tiempo. Evolucionan de una u otra forma seg\u00fan el ritmo que les impongamos.<\/p>\n\n\n\n<p>La naturaleza tard\u00f3 millones de a\u00f1os en formar el petr\u00f3leo. Nosotros lo hemos consumido pr\u00e1cticamente en trescientos a\u00f1os a una velocidad infinitamente mayor. Esa aceleraci\u00f3n en la extracci\u00f3n y consumo de los bienes de la Tierra es la causa fundamental de los problemas ecol\u00f3gicos que hoy nos afectan: p\u00e9rdida de biodiversidad, extinci\u00f3n r\u00e1pida de especies, contaminaci\u00f3n, cambio clim\u00e1tico\u2026 <strong>Hemos hecho un mal uso del tiempo, sobrepasando los l\u00edmites de la biosfera.<\/strong> Guiados por la l\u00f3gica del beneficio inmediato, estamos destruyendo la l\u00f3gica de la vida.<\/p>\n\n\n\n<blockquote class=\"wp-block-quote is-layout-flow wp-block-quote-is-layout-flow\">\n<p>Poder disponer de nuestro tiempo es uno de los condicionantes de la libertad<\/p>\n<\/blockquote>\n\n\n\n<p>En el plano social y humano, disponer de tiempo de calidad es imprescindible para crear y mantener los v\u00ednculos comunitarios y las tareas de cuidados. Ambas cosas se desvirt\u00faan cuando se hacen con prisa. <strong>Vamos <a href=\"https:\/\/ethic.es\/2023\/11\/la-sociedad-de-las-prisas\/\">corriendo<\/a> a todo y, en el camino, perdemos activos de inmenso valor, como la calma, el cultivo de los afectos y la solidaridad.<\/strong><\/p>\n\n\n\n<p>Las prisas, la aceleraci\u00f3n constante, la productividad y la eficiencia (c\u00f3mo conseguir mayores beneficios, c\u00f3mo crecer m\u00e1s a cualquier precio, c\u00f3mo acumular m\u00e1s riqueza\u2026) son una prioridad en nuestros d\u00edas. El tiempo, los ritmos vitales, han quedado sometidos a ellas.<strong> De ah\u00ed el estr\u00e9s que presentan muchas personas y el escenario de desigualdad social que hoy nos es familiar.<\/strong><\/p>\n\n\n\n<p>Un desarrollo humano y comunitario arm\u00f3nico requiere unos tiempos de calidad y el acoplamiento de nuestros ritmos a los de la naturaleza. Nos plantea preguntas que nos desaf\u00edan: <strong>\u00bfc\u00f3mo utilizar los bienes de la Tierra respetando sus l\u00edmites y sus pautas de reposici\u00f3n y regeneraci\u00f3n?<\/strong> \u00bfC\u00f3mo distribuir equitativamente los frutos del desarrollo, incluyendo entre ellos los tiempos de calidad? \u00bfEstamos educando a nuestros ni\u00f1os y j\u00f3venes para que sepan valorar y defender su tiempo o simplemente para que sean \u00fatiles al mercado?<\/p>\n\n\n\n<p><strong>Urge un cambio de gran alcance que nos devuelva el sosiego individual y colectivo.<\/strong> Necesitamos rescatar los valores que perdimos en estas sociedades materialistas. Felizmente, en muchos lugares el proceso est\u00e1 en marcha. Ahora se trata de unirnos a \u00e9l y amplificarlo, avanzando en su misma direcci\u00f3n: caminar al ritmo del alma, que se mueve despacio.<\/p>\n\n\n\n<p><a href=\"https:\/\/ethic.es\/articulistas\/maria-novo\"><strong>Mar\u00eda Novo<\/strong><\/a><\/p>\n\n\n\n<p>publicado en : ETHIC<\/p>\n","protected":false},"excerpt":{"rendered":"<p>Las prisas y la eficiencia son una prioridad en nuestros d\u00edas, y nuestro tiempo ha&#8230;<\/p>\n","protected":false},"author":1,"featured_media":72412,"comment_status":"closed","ping_status":"closed","sticky":false,"template":"","format":"standard","meta":{"_coblocks_attr":"","_coblocks_dimensions":"","_coblocks_responsive_height":"","_coblocks_accordion_ie_support":"","jetpack_post_was_ever_published":false,"_jetpack_newsletter_access":"","_jetpack_dont_email_post_to_subs":false,"_jetpack_newsletter_tier_id":0,"_jetpack_memberships_contains_paywalled_content":false,"_jetpack_memberships_contains_paid_content":false,"footnotes":"","jetpack_publicize_message":"","jetpack_publicize_feature_enabled":true,"jetpack_social_post_already_shared":true,"jetpack_social_options":{"image_generator_settings":{"template":"highway","default_image_id":0,"enabled":false},"version":2}},"categories":[1161,44,6937],"tags":[],"class_list":["post-72411","post","type-post","status-publish","format-standard","has-post-thumbnail","hentry","category-ciudadania","category-noticias-de-hoy","category-sociedad"],"jetpack_publicize_connections":[],"jetpack_featured_media_url":"https:\/\/i0.wp.com\/miradordeatarfe.es\/wp-content\/uploads\/2024\/11\/tiempo-novo-1280x768-1.png?fit=1280%2C768&ssl=1","jetpack_likes_enabled":true,"jetpack_sharing_enabled":true,"_links":{"self":[{"href":"https:\/\/miradordeatarfe.es\/index.php?rest_route=\/wp\/v2\/posts\/72411","targetHints":{"allow":["GET"]}}],"collection":[{"href":"https:\/\/miradordeatarfe.es\/index.php?rest_route=\/wp\/v2\/posts"}],"about":[{"href":"https:\/\/miradordeatarfe.es\/index.php?rest_route=\/wp\/v2\/types\/post"}],"author":[{"embeddable":true,"href":"https:\/\/miradordeatarfe.es\/index.php?rest_route=\/wp\/v2\/users\/1"}],"replies":[{"embeddable":true,"href":"https:\/\/miradordeatarfe.es\/index.php?rest_route=%2Fwp%2Fv2%2Fcomments&post=72411"}],"version-history":[{"count":1,"href":"https:\/\/miradordeatarfe.es\/index.php?rest_route=\/wp\/v2\/posts\/72411\/revisions"}],"predecessor-version":[{"id":72413,"href":"https:\/\/miradordeatarfe.es\/index.php?rest_route=\/wp\/v2\/posts\/72411\/revisions\/72413"}],"wp:featuredmedia":[{"embeddable":true,"href":"https:\/\/miradordeatarfe.es\/index.php?rest_route=\/wp\/v2\/media\/72412"}],"wp:attachment":[{"href":"https:\/\/miradordeatarfe.es\/index.php?rest_route=%2Fwp%2Fv2%2Fmedia&parent=72411"}],"wp:term":[{"taxonomy":"category","embeddable":true,"href":"https:\/\/miradordeatarfe.es\/index.php?rest_route=%2Fwp%2Fv2%2Fcategories&post=72411"},{"taxonomy":"post_tag","embeddable":true,"href":"https:\/\/miradordeatarfe.es\/index.php?rest_route=%2Fwp%2Fv2%2Ftags&post=72411"}],"curies":[{"name":"wp","href":"https:\/\/api.w.org\/{rel}","templated":true}]}}