{"id":72416,"date":"2024-11-03T11:00:00","date_gmt":"2024-11-03T10:00:00","guid":{"rendered":"https:\/\/miradordeatarfe.es\/?p=72416"},"modified":"2024-11-02T16:16:36","modified_gmt":"2024-11-02T15:16:36","slug":"la-acequia-gorda-del-rio-genil-2","status":"publish","type":"post","link":"https:\/\/miradordeatarfe.es\/?p=72416","title":{"rendered":"La Acequia Gorda del r\u00edo Genil"},"content":{"rendered":"\n<p>La <strong>acequia Gorda<\/strong>, al-Saqiya al-Kubra, literalmente la Acequia Mayor, forma parte del sistema de regad\u00edos del <strong>r\u00edo Genil<\/strong> implantado por los ziries, en la ciudad de Granada, all\u00e1 por el siglo XI. Por restos encontrados tanto en esta acequia, como en la de Aynadamar, es muy posible que tengan un origen romano y quiz\u00e1s anterior. Pero hagamos un poco de historia.<\/p>\n\n\n\n<p>Granada est\u00e1 situada en la confluencia de Sierra Nevada, Sierra Harana y la depresi\u00f3n de la Vega. La nieve de Sierra Nevada al derretirse, en el verano, favorece la aparici\u00f3n de arroyos que llevan sus agua a los r\u00edos Genil, Darro, Monachil y Beiro. Estos r\u00edos junto con el afloramiento de Alfacar, la fuente de Aynadamar, fueron la base para el desarrollo urbano de ciudad, y tambi\u00e9n de la agricultura en las zonas periurbanas y en la Vega.<\/p>\n\n\n\n<p>A comienzos del siglo XI, en al-Andalus, se produce una guerra civil (fitna), que termin\u00f3 con el desarticulamiento del Califato de C\u00f3rdoba. Estas luchas originaron que los territorios andalus\u00edes, antes compactos, se fueran disgregando en un sinfin de peque\u00f1os reinos, al frente de los cuales estaban las poderosas familias de C\u00f3rdoba y algunas tribus del ej\u00e9rcito califal.<\/p>\n\n\n\n<p><strong>En el 1013, una rama de los zir\u00edes (tribu bereber originaria de la zona de la Cabilia, en Argelia, que se traslad\u00f3 a al-Andalus para luchar en el ejercito de Almanzor), encabezada por Zawi ben Ziri, funda la taifa de Granada trasladando la capital de Medina Elvira a Medina Granada.<\/strong> <\/p>\n\n\n\n<p>Los zir\u00edes se asentaron en la alcazaba Qadima, en el Albaic\u00edn. Con el fin de abastecer a la ciudad y las zonas agr\u00edcolas de alrededor, se ampl\u00edan las antiguas conducciones de la Acequia de Aynadamar.<\/p>\n\n\n\n<p>A largo de los a\u00f1os, la poblaci\u00f3n de Granada, aument\u00f3 de forma muy importante a causa de la afluencia de gentes procedentes de territorios que iban ocupando los castellanos. Para dotar de infraestructuras a los nuevos barrios que se iban conformando, el de la Loma y el de los Alfareros, se aprovecharon las aguas del r\u00edo Genil a trav\u00e9s de la Acequia Gorda. El asentamiento de poblaci\u00f3n, en el barrio de los alfareros, desplaz\u00f3 los alfares a zonas m\u00e1s alejadas de la ciudad, siguiendo los consejos de ibn Abdun respecto a este tipo de talleres. \u201c\u2026.las tejas y los ladrillos deber\u00e1n ser fabricados fuera de las puertas de la ciudad y las alfarer\u00edas se instalar\u00e1n en torno al foso que rodea a \u00e9sta\u2026.\u201d<\/p>\n\n\n\n<p>Seg\u00fan nos relata Ibn al-Jatib en la Ihata, parece que el alfaqu\u00ed Ab\u016b Yafar Ibn al-Qula, visir de Abd All\u0101h, fue el impulsor del acondicionamiento y ampliaci\u00f3n de la acequia Gorda con el fin de abastecer a la poblaci\u00f3n que se extendi\u00f3 por la zona meridional de la ciudad.<\/p>\n\n\n\n<p>La acequia nace en la presa Real, a la altura del pueblo de Cenes de la Vega. Antes de conectar con el Darro surgen los tres primeros ramales: La acequia de Arabuleila, que tras cruzar por el Puente Verde se dirige hacia Armilla, Churriana y C\u00fallar Vega, la acequia de la Ciudad que comenzaba en el partidor de los Infantes y discurr\u00eda paralela a la calle Molinos, tras pasar la Puerta de la Loma, la acequia de Tarramonta, que discurr\u00eda desde el Paseo de la Bomba hacia Armilla. Dejando atr\u00e1s la desembocadura del Darro en el Genil, nos encontramos con la acequia del Jaque del Marqu\u00e9s de Mod\u00e9jar, cuyas aguas se destinaban al riego de la alquer\u00eda de Maracena, y la acequia de Santa Fe con la que se regaba sus tierras de labor. Si quer\u00e9is conocer m\u00e1s datos interesantes sobre estas acequias, el d\u00eda 7 de julio est\u00e1 programada la Charla Tem\u00e1tica.<\/p>\n\n\n\n<p>Autora del art\u00edculo: Francisca Viedma<\/p>\n\n\n\n<ul class=\"wp-block-list\">\n<li><a href=\"https:\/\/www.alhambra-patronato.es\/la-acequia-gorda-del-rio-genil#\" target=\"_blank\" rel=\"noreferrer noopener\"><\/a><\/li>\n\n\n\n<li><a href=\"https:\/\/www.alhambra-patronato.es\/la-acequia-gorda-del-rio-genil#\" target=\"_blank\" rel=\"noreferrer noopener\"><\/a><\/li>\n<\/ul>\n\n\n\n\n","protected":false},"excerpt":{"rendered":"<p>La acequia Gorda, al-Saqiya al-Kubra, literalmente la Acequia Mayor, forma parte del sistema de regad\u00edos&#8230;<\/p>\n","protected":false},"author":1,"featured_media":72417,"comment_status":"closed","ping_status":"closed","sticky":false,"template":"","format":"standard","meta":{"_coblocks_attr":"","_coblocks_dimensions":"","_coblocks_responsive_height":"","_coblocks_accordion_ie_support":"","jetpack_post_was_ever_published":false,"_jetpack_newsletter_access":"","_jetpack_dont_email_post_to_subs":false,"_jetpack_newsletter_tier_id":0,"_jetpack_memberships_contains_paywalled_content":false,"_jetpack_memberships_contains_paid_content":false,"footnotes":"","jetpack_publicize_message":"","jetpack_publicize_feature_enabled":true,"jetpack_social_post_already_shared":true,"jetpack_social_options":{"image_generator_settings":{"template":"highway","default_image_id":0,"enabled":false},"version":2}},"categories":[2,186,44],"tags":[],"class_list":["post-72416","post","type-post","status-publish","format-standard","has-post-thumbnail","hentry","category-atarfe","category-instituciones","category-noticias-de-hoy"],"jetpack_publicize_connections":[],"jetpack_featured_media_url":"https:\/\/i0.wp.com\/miradordeatarfe.es\/wp-content\/uploads\/2024\/11\/Acequia-Gorda-Genil-Charla-tematica-Museo-Alhambra.jpg?fit=1200%2C800&ssl=1","jetpack_likes_enabled":true,"jetpack_sharing_enabled":true,"_links":{"self":[{"href":"https:\/\/miradordeatarfe.es\/index.php?rest_route=\/wp\/v2\/posts\/72416","targetHints":{"allow":["GET"]}}],"collection":[{"href":"https:\/\/miradordeatarfe.es\/index.php?rest_route=\/wp\/v2\/posts"}],"about":[{"href":"https:\/\/miradordeatarfe.es\/index.php?rest_route=\/wp\/v2\/types\/post"}],"author":[{"embeddable":true,"href":"https:\/\/miradordeatarfe.es\/index.php?rest_route=\/wp\/v2\/users\/1"}],"replies":[{"embeddable":true,"href":"https:\/\/miradordeatarfe.es\/index.php?rest_route=%2Fwp%2Fv2%2Fcomments&post=72416"}],"version-history":[{"count":1,"href":"https:\/\/miradordeatarfe.es\/index.php?rest_route=\/wp\/v2\/posts\/72416\/revisions"}],"predecessor-version":[{"id":72418,"href":"https:\/\/miradordeatarfe.es\/index.php?rest_route=\/wp\/v2\/posts\/72416\/revisions\/72418"}],"wp:featuredmedia":[{"embeddable":true,"href":"https:\/\/miradordeatarfe.es\/index.php?rest_route=\/wp\/v2\/media\/72417"}],"wp:attachment":[{"href":"https:\/\/miradordeatarfe.es\/index.php?rest_route=%2Fwp%2Fv2%2Fmedia&parent=72416"}],"wp:term":[{"taxonomy":"category","embeddable":true,"href":"https:\/\/miradordeatarfe.es\/index.php?rest_route=%2Fwp%2Fv2%2Fcategories&post=72416"},{"taxonomy":"post_tag","embeddable":true,"href":"https:\/\/miradordeatarfe.es\/index.php?rest_route=%2Fwp%2Fv2%2Ftags&post=72416"}],"curies":[{"name":"wp","href":"https:\/\/api.w.org\/{rel}","templated":true}]}}