{"id":72422,"date":"2024-11-04T09:08:00","date_gmt":"2024-11-04T08:08:00","guid":{"rendered":"https:\/\/miradordeatarfe.es\/?p=72422"},"modified":"2024-11-04T11:13:24","modified_gmt":"2024-11-04T10:13:24","slug":"solo-el-pueblo-salva-al-pueblo-las-redes-reaccionarias-a-la-carga-contra-el-estado-fallido","status":"publish","type":"post","link":"https:\/\/miradordeatarfe.es\/?p=72422","title":{"rendered":"\u201cSolo el pueblo salva al pueblo\u201d: las redes reaccionarias a la carga contra el \u2018Estado fallido\u2019"},"content":{"rendered":"\n<p class=\"has-medium-font-size\"><strong>La industria del bulo aprovecha desde hace d\u00edas la descoordinaci\u00f3n de la respuesta a la dana para sembrar odio y desconfianza con lemas populistas que calan en l\u00edderes de derechas<\/strong><\/p>\n\n\n\n<p>La emocionante movilizaci\u00f3n de los voluntarios valencianos tiene ecos distorsionados mucho m\u00e1s all\u00e1 de los cauces del Magro, el Turia y el J\u00facar. Las impresionantes im\u00e1genes de las marchas de solidaridad, miles de personas cruzando puentes con palas, bolsas y carritos, inundaron las redes desde el jueves. Y un mensaje empez\u00f3 a calar, mezclado con todas esas fotos: \u201c<a href=\"https:\/\/elpais.com\/espana\/comunidad-valenciana\/2024-11-01\/la-leccion-historica-de-la-juventud-valenciana.html\" target=\"_blank\" rel=\"noreferrer noopener\"><em>Sols el Poble salva al Poble<\/em><\/a>\u201d. Ese \u201cSolo el pueblo salva al pueblo\u201d se ha desbordado y ya no es solo un lema de orgullo por una juventud activa, generosa y fraternal. Ese esp\u00edritu es la careta que se ha puesto una sombra oscura que espera a la vuelta de la esquina, en cada tragedia, para acabar con todo lo que representan esos j\u00f3venes solidarios.<\/p>\n\n\n\n<p>Los grupos m\u00e1s reaccionarios de la red \u2014y m\u00e1s all\u00e1 de lo digital\u2014 han comenzado a usar ese lema en sus recogidas de v\u00edveres y enseres. \u201cSolo el pueblo salva al pueblo\u201d aparece en los llamamientos a la acci\u00f3n de organizaciones ultras como N\u00facleo Nacional, Falange <a href=\"https:\/\/x.com\/revuelta_es\/status\/1852614135709630784\" target=\"_blank\" rel=\"noreferrer noopener\">o Revuelta<\/a>, los cachorros de Vox que estaban tras las algaradas del 31 de diciembre en Ferraz en las que se apale\u00f3 a un mu\u00f1eco de Pedro S\u00e1nchez (hay una nueva convocada para el pr\u00f3ximo s\u00e1bado 9). Ese lema, que cristaliz\u00f3 como marca del populismo latinoamericano antiimperialista, es hoy el caballo de batalla de grupos neonazis contra el Estado de bienestar.M\u00e1s informaci\u00f3n<\/p>\n\n\n\n\n\n\n\n<p>No es f\u00e1cil vislumbrar el detalle porque a las gigantescas riadas de fango provocadas por la dana le ha seguido un aut\u00e9ntico tsunami de desinformaci\u00f3n como pocas veces hemos visto. La industria del bulo empez\u00f3 culpando a las presas (<a href=\"https:\/\/x.com\/Santi_ABASCAL\/status\/1851728823647093048\" target=\"_blank\" rel=\"noreferrer noopener\">como el propio Santiago Abascal<\/a>) y <a href=\"https:\/\/elpais.com\/tecnologia\/2024-10-31\/la-trifulca-en-redes-por-la-dana-resucita-a-franco-y-el-bulo-de-las-presas-demolidas.html\" target=\"_blank\" rel=\"noreferrer noopener\">bramando \u00a1Viva Franco!<\/a>; despu\u00e9s torturan los tuits de Aemet para responsabilizar a la agencia y hay columnistas que ya reprochan que no grit\u00f3 lo suficiente (que pongan los tuits en may\u00fasculas, a ver si as\u00ed); y ahora incluso culpan de la tormenta a un sofisticado proyecto de geoingenier\u00eda de Marruecos.<\/p>\n\n\n\n<p>Solo era el ruido inicial con el que distraer, hasta que han puesto todos el foco en lo mismo: destruir el tejido social con mensajes de odio. Ese lodazal se cuela en nuestros m\u00f3viles en forma de v\u00eddeos descontextualizados. En uno, alguien denuncia que un hombre sali\u00f3 a limpiar con su pala y le han okupado la casa (no se ve nada de eso). En otro, una mujer mayor indignada clama contra \u201ctodos los pol\u00edticos\u201d. Otro \u201cdemuestra\u201d que la tragedia es deliberada porque un ministro franc\u00e9s \u201cdesvela\u201d que Marlaska ha rechazado la ayuda de bomberos galos. En muchos, se denuncia que el pillaje que se est\u00e1 sufriendo en la zona es cosa exclusiva de \u201cmoros y gitanos\u201d.<\/p>\n\n\n\n<p>Estos \u00faltimos son tan inflamables, racistas e insistentes, desde el mismo mi\u00e9rcoles, que no dejo de temer que estemos al borde de un linchamiento. Porque es sencillo percatarse de lo que pretenden ultras como SrLiberal o Alvise P\u00e9rez cuando ves esos clips en sus canales de difusi\u00f3n de veneno. Pero esos mismos v\u00eddeos le llegan rebotados a tu madre por una amiga, al grupo de tu equipo de f\u00fatbol y, obviamente, a valencianos absolutamente sobrepasados con la tragedia, indignados por la falta de ayuda y agotados por el pimpampum de la pol\u00edtica. Y estos agitadores extremistas est\u00e1n regando esas emociones con gasolina.<\/p>\n\n\n\n<p>El eurodiputado de la ardilla, su compa\u00f1ero provocador Vito Quiles, el ultraliberal Wall Street Wolverine y el patr\u00f3n medi\u00e1tico <a href=\"https:\/\/elpais.com\/espana\/2023-11-03\/un-juez-condena-a-julio-ariza-patron-mediatico-de-vox-a-pagar-45-millones-por-su-gestion-de-intereconomia-television.html\" target=\"_blank\" rel=\"noreferrer noopener\">de Vox, Julio Ariza<\/a>, est\u00e1n moviendo en sus canales otro lema: \u201cEstado fallido\u201d. Vete a explicarles a sus seguidores las complejidades de la maquinaria del sistema auton\u00f3mico de competencias. Porque es evidente que la respuesta a la tragedia est\u00e1 siendo desastrosa. Pero se puede responder fortaleciendo y agilizando los mecanismos del Estado o se puede so\u00f1ar con prescindir de \u00e9l. Juan Manuel de Prada, <a href=\"https:\/\/www.abc.es\/opinion\/juan-manuel-de-prada-cambio-climatico-incompetencia-criminal-20241102192811-nt.html\" target=\"_blank\" rel=\"noreferrer noopener\">en <em>Abc<\/em><\/a>, clama que \u201cEspa\u00f1a es un estado fallido gobernado por hijos de la grand\u00edsima puta\u201d y defiende que \u201ctendr\u00edamos que ahorcarlos\u201d. Cuando Esperanza Aguirre (que tambi\u00e9n difunde el bulo de las presas) comparte en redes un editorial de <em>Abc<\/em> titulado \u201c\u00bfD\u00f3nde est\u00e1 el Estado?\u201d no es porque se haya olvidado de Reagan, es porque se relame afilando las tijeras con las que recortar un sistema p\u00fablico que falla ante la dana. El tuit de Aguirre lo ha visto medio mill\u00f3n de personas y <em>El Confidencial<\/em> abr\u00eda su web el s\u00e1bado con un titular que har\u00eda gozar a Thatcher: \u201cLa autogesti\u00f3n ciudadana se erige en respuesta a la tragedia ante el caos de las Administraciones\u201d.<\/p>\n\n\n\n<p>No pretendo confundir: no hay nada m\u00e1s puro y bello que el apoyo espont\u00e1neo y solidario de la gente. Es normal que se organicen y se ayuden. Como resume el <em>influencer<\/em> de izquierdas Malacara: \u201cVive, quiere, cuida tu barrio. En el apocalipsis ser\u00e1 tu vecina la que te salve\u201d. Pero el mensaje de \u201cest\u00e1s solo, huye de las instituciones\u201d es pura estrategia neofascista. No es nuevo, porque todas estas maniobras son m\u00e1s viejas que la pana: Hannah Arendt ya nos advirti\u00f3 de que la soledad es el mejor caldo de cultivo del totalitarismo. <a href=\"https:\/\/elpais.com\/ciencia\/2022-02-23\/la-confianza-un-factor-decisivo-para-resolver-el-misterio-epidemiologico-de-la-covid.html\" target=\"_blank\" rel=\"noreferrer noopener\">La desconfianza en el Estado<\/a>, en la ciencia, en la prensa de calidad, en el pr\u00f3jimo, es lo que hace que se rompan las costuras del tejido social. Hay un batall\u00f3n de soldados de la industria del odio coordinado y sembrando desconfianza sobre el barro valenciano. Solo nos queda defender esa confianza, porque el pueblo salva al pueblo: pagando entre todos el sueldo de m\u00e9dicas, enfermeros, bomberos, forenses y meteor\u00f3logos.<\/p>\n","protected":false},"excerpt":{"rendered":"<p>La industria del bulo aprovecha desde hace d\u00edas la descoordinaci\u00f3n de la respuesta a la&#8230;<\/p>\n","protected":false},"author":1,"featured_media":72423,"comment_status":"closed","ping_status":"closed","sticky":false,"template":"","format":"standard","meta":{"_coblocks_attr":"","_coblocks_dimensions":"","_coblocks_responsive_height":"","_coblocks_accordion_ie_support":"","jetpack_post_was_ever_published":false,"_jetpack_newsletter_access":"","_jetpack_dont_email_post_to_subs":false,"_jetpack_newsletter_tier_id":0,"_jetpack_memberships_contains_paywalled_content":false,"_jetpack_memberships_contains_paid_content":false,"footnotes":"","jetpack_publicize_message":"","jetpack_publicize_feature_enabled":true,"jetpack_social_post_already_shared":true,"jetpack_social_options":{"image_generator_settings":{"template":"highway","default_image_id":0,"enabled":false},"version":2}},"categories":[1161,44,6914,6937],"tags":[],"class_list":["post-72422","post","type-post","status-publish","format-standard","has-post-thumbnail","hentry","category-ciudadania","category-noticias-de-hoy","category-opinion-de-reme-sanchez","category-sociedad"],"jetpack_publicize_connections":[],"jetpack_featured_media_url":"https:\/\/i0.wp.com\/miradordeatarfe.es\/wp-content\/uploads\/2024\/11\/Screenshot-2024-11-02-at-16-46-48-Dana-en-Espana-Solo-el-pueblo-salva-al-pueblo-las-redes-reaccionarias-a-la-carga-contra-el-%E2%80%98Estado-fallido-Tecnologia-EL-PAIS.png?fit=517%2C295&ssl=1","jetpack_likes_enabled":true,"jetpack_sharing_enabled":true,"_links":{"self":[{"href":"https:\/\/miradordeatarfe.es\/index.php?rest_route=\/wp\/v2\/posts\/72422","targetHints":{"allow":["GET"]}}],"collection":[{"href":"https:\/\/miradordeatarfe.es\/index.php?rest_route=\/wp\/v2\/posts"}],"about":[{"href":"https:\/\/miradordeatarfe.es\/index.php?rest_route=\/wp\/v2\/types\/post"}],"author":[{"embeddable":true,"href":"https:\/\/miradordeatarfe.es\/index.php?rest_route=\/wp\/v2\/users\/1"}],"replies":[{"embeddable":true,"href":"https:\/\/miradordeatarfe.es\/index.php?rest_route=%2Fwp%2Fv2%2Fcomments&post=72422"}],"version-history":[{"count":1,"href":"https:\/\/miradordeatarfe.es\/index.php?rest_route=\/wp\/v2\/posts\/72422\/revisions"}],"predecessor-version":[{"id":72424,"href":"https:\/\/miradordeatarfe.es\/index.php?rest_route=\/wp\/v2\/posts\/72422\/revisions\/72424"}],"wp:featuredmedia":[{"embeddable":true,"href":"https:\/\/miradordeatarfe.es\/index.php?rest_route=\/wp\/v2\/media\/72423"}],"wp:attachment":[{"href":"https:\/\/miradordeatarfe.es\/index.php?rest_route=%2Fwp%2Fv2%2Fmedia&parent=72422"}],"wp:term":[{"taxonomy":"category","embeddable":true,"href":"https:\/\/miradordeatarfe.es\/index.php?rest_route=%2Fwp%2Fv2%2Fcategories&post=72422"},{"taxonomy":"post_tag","embeddable":true,"href":"https:\/\/miradordeatarfe.es\/index.php?rest_route=%2Fwp%2Fv2%2Ftags&post=72422"}],"curies":[{"name":"wp","href":"https:\/\/api.w.org\/{rel}","templated":true}]}}