{"id":72428,"date":"2024-11-09T11:00:00","date_gmt":"2024-11-09T10:00:00","guid":{"rendered":"https:\/\/miradordeatarfe.es\/?p=72428"},"modified":"2024-11-07T10:31:40","modified_gmt":"2024-11-07T09:31:40","slug":"atarfe-la-verbena-de-la-paloma-en-atarfe","status":"publish","type":"post","link":"https:\/\/miradordeatarfe.es\/?p=72428","title":{"rendered":"Hoy \u00abLA VERBENA DE LA PALOMA\u00bb en Atarfe"},"content":{"rendered":"\n<p class=\"has-medium-font-size\"><strong>El Teatro L\u00edrico Andaluz presenta el cl\u00e1sico \u00abLa Verbena de la Paloma\u00bb en el Centro Cultural Medina Elvira el dia 9 de Noviembre en el Centro Cultural Medina Elvira \u00a1No te pierdas esta maravillosa obra llena de m\u00fasica, humor y tradici\u00f3n!<\/strong><\/p>\n\n\n\n<p><em><strong>La verbena de la Paloma<\/strong><\/em> \u2014subtitulada <em><strong>El boticario y las chulapas y celos mal reprimidos<\/strong><\/em>\u2014<sup><a href=\"https:\/\/es.wikipedia.org\/wiki\/La_verbena_de_la_Paloma#cite_note-1\">1<\/a><\/sup>\u200b es un sainete l\u00edrico en prosa con libreto de Ricardo de la Vega y m\u00fasica de Tom\u00e1s Bret\u00f3n,<sup><a href=\"https:\/\/es.wikipedia.org\/wiki\/La_verbena_de_la_Paloma#cite_note-folk-2\">2<\/a><\/sup>\u200b<sup><a href=\"https:\/\/es.wikipedia.org\/wiki\/La_verbena_de_la_Paloma#cite_note-3\">a<\/a><\/sup>\u200b que se estren\u00f3 el 17 de febrero de 1894 en el Teatro Apolo de Madrid. Su t\u00edtulo hace referencia a las fiestas madrile\u00f1as en torno al 15 de agosto, cuando se celebra la procesi\u00f3n de la Virgen de la Paloma.<\/p>\n\n\n\n<p><em>La verbena<\/em> consta de un solo acto, que era lo com\u00fan en el teatro por horas, dividido en tres cuadros, siendo una zarzuela prototipo del g\u00e9nero chico, de corta duraci\u00f3n. Cada cuadro tiene decorado y escenificaci\u00f3n diferentes, siendo el primero de duraci\u00f3n m\u00e1s breve y el segundo m\u00e1s extenso, para llegar a un tercero extenso tambi\u00e9n, con la particularidad de que mientras en los dos primeros hay una gran abundancia de n\u00fameros musicales, en el \u00faltimo cuadro no hay ninguno salvo el final de la obra. En la obra aparecen personajes tan entra\u00f1ables y recordados como <a href=\"https:\/\/es.wikipedia.org\/wiki\/Don_Hilari%C3%B3n\">don Hilari\u00f3<\/a>n, su amigo don Sebasti\u00e1n, la t\u00eda Antonia, las chulapas, el sereno, los guardias, el boticario y el tabernero. Todos estos personajes son muy caracter\u00edsticos del viejo Madrid del siglo\u00a0XIX.<\/p>\n\n\n\n<p>F<strong>echa: S\u00e1bado, 9 de noviembre<\/strong><\/p>\n\n\n\n<p><strong>Hora: 20:00<\/strong><\/p>\n\n\n\n<p><strong>Venta de entradas:<\/strong><\/p>\n\n\n\n<ul class=\"wp-block-list\">\n<li>Centro Cultural Medina Elvira<\/li>\n\n\n\n<li><a href=\"https:\/\/www.giglon.com\/todos...\">https:\/\/www.giglon.com\/todos&#8230;<\/a><\/li>\n<\/ul>\n\n\n\n<p>Precio:<\/p>\n\n\n\n<p>15\u20ac Anticipada<br \/>17\u20ac Taquilla<\/p>\n\n\n\n<p>\u00a1No dejes escapar esta oportunidad \u00fanica de disfrutar de la zarzuela en Atarfe<\/p>\n","protected":false},"excerpt":{"rendered":"<p>El Teatro L\u00edrico Andaluz presenta el cl\u00e1sico \u00abLa Verbena de la Paloma\u00bb en el Centro&#8230;<\/p>\n","protected":false},"author":1,"featured_media":72429,"comment_status":"closed","ping_status":"closed","sticky":false,"template":"","format":"standard","meta":{"_coblocks_attr":"","_coblocks_dimensions":"","_coblocks_responsive_height":"","_coblocks_accordion_ie_support":"","jetpack_post_was_ever_published":false,"_jetpack_newsletter_access":"","_jetpack_dont_email_post_to_subs":false,"_jetpack_newsletter_tier_id":0,"_jetpack_memberships_contains_paywalled_content":false,"_jetpack_memberships_contains_paid_content":false,"footnotes":"","jetpack_publicize_message":"","jetpack_publicize_feature_enabled":true,"jetpack_social_post_already_shared":true,"jetpack_social_options":{"image_generator_settings":{"template":"highway","default_image_id":0,"enabled":false},"version":2}},"categories":[12,186,44],"tags":[],"class_list":["post-72428","post","type-post","status-publish","format-standard","has-post-thumbnail","hentry","category-cultura","category-instituciones","category-noticias-de-hoy"],"jetpack_publicize_connections":[],"jetpack_featured_media_url":"https:\/\/i0.wp.com\/miradordeatarfe.es\/wp-content\/uploads\/2024\/11\/La_Verbena_de_la_Paloma_cartel1894.jpg?fit=480%2C631&ssl=1","jetpack_likes_enabled":true,"jetpack_sharing_enabled":true,"_links":{"self":[{"href":"https:\/\/miradordeatarfe.es\/index.php?rest_route=\/wp\/v2\/posts\/72428","targetHints":{"allow":["GET"]}}],"collection":[{"href":"https:\/\/miradordeatarfe.es\/index.php?rest_route=\/wp\/v2\/posts"}],"about":[{"href":"https:\/\/miradordeatarfe.es\/index.php?rest_route=\/wp\/v2\/types\/post"}],"author":[{"embeddable":true,"href":"https:\/\/miradordeatarfe.es\/index.php?rest_route=\/wp\/v2\/users\/1"}],"replies":[{"embeddable":true,"href":"https:\/\/miradordeatarfe.es\/index.php?rest_route=%2Fwp%2Fv2%2Fcomments&post=72428"}],"version-history":[{"count":3,"href":"https:\/\/miradordeatarfe.es\/index.php?rest_route=\/wp\/v2\/posts\/72428\/revisions"}],"predecessor-version":[{"id":72534,"href":"https:\/\/miradordeatarfe.es\/index.php?rest_route=\/wp\/v2\/posts\/72428\/revisions\/72534"}],"wp:featuredmedia":[{"embeddable":true,"href":"https:\/\/miradordeatarfe.es\/index.php?rest_route=\/wp\/v2\/media\/72429"}],"wp:attachment":[{"href":"https:\/\/miradordeatarfe.es\/index.php?rest_route=%2Fwp%2Fv2%2Fmedia&parent=72428"}],"wp:term":[{"taxonomy":"category","embeddable":true,"href":"https:\/\/miradordeatarfe.es\/index.php?rest_route=%2Fwp%2Fv2%2Fcategories&post=72428"},{"taxonomy":"post_tag","embeddable":true,"href":"https:\/\/miradordeatarfe.es\/index.php?rest_route=%2Fwp%2Fv2%2Ftags&post=72428"}],"curies":[{"name":"wp","href":"https:\/\/api.w.org\/{rel}","templated":true}]}}