{"id":72431,"date":"2024-11-04T09:29:00","date_gmt":"2024-11-04T08:29:00","guid":{"rendered":"https:\/\/miradordeatarfe.es\/?p=72431"},"modified":"2024-11-03T17:33:50","modified_gmt":"2024-11-03T16:33:50","slug":"lecciones-de-la-dana","status":"publish","type":"post","link":"https:\/\/miradordeatarfe.es\/?p=72431","title":{"rendered":"Lecciones de la dana"},"content":{"rendered":"\n<h2 class=\"wp-block-heading\">La tragedia obliga a extremar la coordinaci\u00f3n entre las administraciones y a reforzar la confianza en los meteor\u00f3logos frente a los bulos<\/h2>\n\n\n\n<p>La gota fr\u00eda m\u00e1s mort\u00edfera de este siglo en Espa\u00f1a ir\u00e1 disip\u00e1ndose poco a poco, pero lo que ha dejado a su paso, la tragedia en vidas, en bienes e incluso en la mente de los ciudadanos, perdurar\u00e1 por muchos a\u00f1os. Los desgarradores testimonios de los vecinos de los pueblos afectados, las fotograf\u00edas y las im\u00e1genes de televisi\u00f3n han dejado al pa\u00eds entero sobrecogido y en trance de asimilar todav\u00eda que en Espa\u00f1a se haya podido producir una cat\u00e1strofe de esta magnitud, con m\u00e1s de 200 muertos y decenas de desaparecidos. Cinco d\u00edas despu\u00e9s a\u00fan no sabemos la dimensi\u00f3n exacta de la tragedia en vidas humanas. La cifra de desaparecidos sigue siendo una inc\u00f3gnita no despejada a\u00fan por la Generalitat valenciana.<\/p>\n\n\n\n<p>El presidente del Gobierno, Pedro S\u00e1nchez, anunci\u00f3 ayer la mayor movilizaci\u00f3n de la historia de las fuerzas armadas espa\u00f1olas y de seguridad del Estado en tiempos de paz. <a href=\"https:\/\/elpais.com\/espana\/2024-11-02\/sanchez-envia-5000-militares-duplica-el-numero-de-policias-y-emplaza-a-mazon-a-que-solicite-mas-ayuda.html\" target=\"_blank\" rel=\"noreferrer noopener\">7.000 efectivos del Ej\u00e9rcito, m\u00e1s 10.000 polic\u00edas y guardias civiles<\/a> se han puesto a disposici\u00f3n de las autoridades de la Comunidad para acelerar las labores de rescate y de limpieza. S\u00e1nchez inst\u00f3 adem\u00e1s, a que el presidente valenciano, Carlos Maz\u00f3n \u2014que, como m\u00e1xima autoridad del Estado en la comunidad, tiene la competencia exclusiva en la gesti\u00f3n de la tragedia, igual que la ten\u00eda en la gesti\u00f3n de la alerta\u2014, pida a la Administraci\u00f3n central todo lo que necesite. Maz\u00f3n comparec\u00eda horas despu\u00e9s sin renunciar al mando de la gesti\u00f3n de la crisis pero, cinco d\u00edas despu\u00e9s, <a href=\"https:\/\/elpais.com\/espana\/comunidad-valenciana\/2024-11-02\/mazon-pide-el-auxilio-del-gobierno-tras-cuatro-dias-de-crisis-por-el-desastre-de-la-dana.html\" target=\"_blank\" rel=\"noreferrer noopener\">aceptaba gestionarla con la intervenci\u00f3n de hasta siete ministros<\/a>. El jueves hab\u00eda solicitado 500 militares de refuerzo sobre los que ya hab\u00eda y ayer pidi\u00f3 5.000. El Ejecutivo respondi\u00f3 en positivo a esas peticiones. La tarea que queda es ingente y solo la suma coordinada de los efectivos de todas las Administraciones puede hacerle frente.<\/p>\n\n\n\n<p>S\u00e1nchez insisti\u00f3 ayer en que ahora hay que enfrentar la urgencia del momento y volvi\u00f3 a emplazar para despu\u00e9s el an\u00e1lisis de los \u201cgraves errores\u201d cometidos, sin se\u00f1alar culpables. Ser\u00e1, efectivamente, imperativo analizarlo porque lo ocurrido esta semana en Espa\u00f1a es tan serio que incluirlo como una pieza m\u00e1s de la confrontaci\u00f3n partidista \u2014como hizo el jueves el presidente del PP, Alberto N\u00fa\u00f1ez Feij\u00f3o, <a href=\"https:\/\/elpais.com\/espana\/2024-10-31\/feijoo-arremete-contra-el-gobierno-responsabiliza-a-aemet-de-los-tiempos-de-las-alertas-y-le-pide-que-colabore.html\" target=\"_blank\" rel=\"noreferrer noopener\">se\u00f1alando sin pruebas a la Agencia Estatal de Meteorolog\u00eda<\/a>\u2014 es, adem\u00e1s de un desaire a las v\u00edctimas y a todos los espa\u00f1oles, un peligro para extraer las lecciones que debemos sacar de esta hecatombe. Una actitud que, adem\u00e1s, da p\u00e1bulo a los extremistas reaccionarios <a href=\"https:\/\/elpais.com\/tecnologia\/2024-11-02\/solo-el-pueblo-salva-al-pueblo-las-redes-reaccionarias-a-la-carga-contra-el-estado-fallido.html\" target=\"_blank\" rel=\"noreferrer noopener\">que aprovechan la cat\u00e1strofe para hacer populismo y atacar, no ya al Gobierno sino al Estado democr\u00e1tico y a los cient\u00edficos<\/a>, que son los primeros aliados de toda la sociedad para anticipar y enfrentar los fen\u00f3menos meteorol\u00f3gicos extremos e intentar que sus efectos sean lo menos devastadores posibles.<\/p>\n\n\n\n<p>La Agencia Estatal de Meteorolog\u00eda <a href=\"https:\/\/elpais.com\/espana\/2024-10-31\/fallo-aemet-con-la-dana-aviso-ocho-dias-antes-y-activo-la-alerta-maxima-aunque-admite-que-supero-sus-calculos.html\" target=\"_blank\" rel=\"noreferrer noopener\">obr\u00f3 de forma profesional y avis\u00f3 p\u00fablicamente, y horas antes de que ocurriese<\/a>, de que el fen\u00f3meno meteorol\u00f3gico que se avecinaba podr\u00eda tener efectos muy graves. En situaciones de alerta roja como las de esta semana, la propia escala de la Aemet urge a actuar y remite a la ciudadan\u00eda a las autoridades competentes para recibir instrucciones claras sobre qu\u00e9 hacer, independientemente de que despu\u00e9s el fen\u00f3meno sea m\u00e1s leve o monstruoso como en esta ocasi\u00f3n. Habr\u00e1 que analizar pormenorizadamente, para evitar errores futuros, <a href=\"https:\/\/elpais.com\/espana\/comunidad-valenciana\/2024-10-30\/la-alerta-a-la-poblacion-se-envio-ocho-horas-despues-de-que-la-lluvia-comenzara-a-desbordar-barrancos.html\" target=\"_blank\" rel=\"noreferrer noopener\">por qu\u00e9 la alerta a toda la poblaci\u00f3n de la provincia de Valencia por parte de la Generalitat lleg\u00f3 tan tarde<\/a>.<\/p>\n\n\n\n<p>Los poderes p\u00fablicos, especialmente los que tienen responsabilidades de protecci\u00f3n civil, deben asumir la disrupci\u00f3n social derivada de una prevenci\u00f3n contundente ante las alertas de los expertos cient\u00edficos, sean meteorol\u00f3gicas o de salud p\u00fablica. Es una lecci\u00f3n que tambi\u00e9n se aprendi\u00f3 en la pandemia de covid: el derecho a la vida y a la integridad f\u00edsica no es por casualidad el primero en nuestro ordenamiento constitucional. Las personas han de ser la prioridad. Tambi\u00e9n para las empresas privadas y para los propios ciudadanos, que han de ser conscientes de que los fen\u00f3menos meteorol\u00f3gicos extremos <a href=\"https:\/\/elpais.com\/clima-y-medio-ambiente\/2024-10-31\/el-cambio-climatico-ha-intensificado-los-diez-fenomenos-extremos-mas-mortiferos-de-los-ultimos-20-anos.html\" target=\"_blank\" rel=\"noreferrer noopener\">est\u00e1n siendo m\u00e1s intensos y frecuentes debido al cambio clim\u00e1tico<\/a>.<\/p>\n\n\n\n<p>Los efectos econ\u00f3micos de la dana son ya gigantescos. No solo porque las aseguradoras consideren que este va a ser el desastre natural m\u00e1s costoso de la historia de Espa\u00f1a, sino tambi\u00e9n porque <a href=\"https:\/\/elpais.com\/economia\/2024-11-02\/oscar-puente-la-magnitud-de-esta-catastrofe-no-tiene-precedentes.html\" target=\"_blank\" rel=\"noreferrer noopener\">a\u00fan hay localidades sin acceso por carretera, la tercera \u00e1rea metropolitana del pa\u00eds est\u00e1 sin red de metro y varias l\u00edneas f\u00e9rreas han resultado da\u00f1adas<\/a>, algunas gravemente. Tambi\u00e9n la red de carreteras necesita reparaciones urgentes. Todo esto es un perjuicio: tanto ahora para las labores de asistencia como para la recuperaci\u00f3n econ\u00f3mica en un futuro.<\/p>\n\n\n\n<p>Preparar las infraestructuras para el cambio clim\u00e1tico ser\u00e1 <a href=\"https:\/\/elpais.com\/extra\/infraestructuras\/2021-10-17\/preparados-para-desastres-por-venir.html\" target=\"_blank\" rel=\"noreferrer noopener\">tambi\u00e9n una prioridad que el desastre ha hecho m\u00e1s evidente<\/a>. Puentes, pasos inferiores, carreteras, autopistas y l\u00edneas f\u00e9rreas deben ser revisados para comprobar su capacidad de resistencia a una clase superior de desastres naturales. Tambi\u00e9n las viviendas construidas en zonas de avenidas de agua frecuentes, <a href=\"https:\/\/elpais.com\/clima-y-medio-ambiente\/2024-11-02\/por-que-espana-construye-viviendas-en-zonas-inundables-y-peligrosas-casi-tres-millones-de-personas-viven-en-alto-riesgo.html\" target=\"_blank\" rel=\"noreferrer noopener\">que en algunas \u00e1reas son la residencia de cientos de miles de personas<\/a>. No deber\u00eda autorizarse ni una m\u00e1s mientras se estudia c\u00f3mo afrontar el futuro de las que ya existe. Todo ello exigir\u00e1 una labor colectiva a todos los niveles, millones de euros de inversi\u00f3n y, sobre todo, unidad para un esfuerzo de pa\u00eds que requiere de la colaboraci\u00f3n de todos. Frente a la naturaleza desatada, prevenci\u00f3n, prevenci\u00f3n y prevenci\u00f3n. No se acabar\u00e1 con los fen\u00f3menos extremos, pero se conseguir\u00e1 reducir sus consecuencias.<\/p>\n\n\n\n<p>Vecinos y vecinas de Paiporta caminan sobre el lodo y en la oscuridad por el centro de Paiporta, al anochecer del jueves 31 de octubre de 2024.SANTI PALACIOS<\/p>\n\n\n\n<p><a href=\"https:\/\/elpais.com\/autor\/el-pais\/#?rel=author_top\"><strong>El Pa\u00eds<\/strong><\/a><\/p>\n\n\n\n<p>FOTO: Vecinos y vecinas de Paiporta caminan sobre el lodo y en la oscuridad por el centro de Paiporta, al anochecer del jueves 31 de octubre de 2024.SANTI PALACIOS<\/p>\n\n\n\n<p><a href=\"https:\/\/elpais.com\/opinion\/2024-11-03\/lecciones-de-la-dana.html\">https:\/\/elpais.com\/opinion\/2024-11-03\/lecciones-de-la-dana.html<\/a><\/p>\n","protected":false},"excerpt":{"rendered":"<p>La tragedia obliga a extremar la coordinaci\u00f3n entre las administraciones y a reforzar la confianza&#8230;<\/p>\n","protected":false},"author":1,"featured_media":72432,"comment_status":"closed","ping_status":"closed","sticky":false,"template":"","format":"standard","meta":{"_coblocks_attr":"","_coblocks_dimensions":"","_coblocks_responsive_height":"","_coblocks_accordion_ie_support":"","jetpack_post_was_ever_published":false,"_jetpack_newsletter_access":"","_jetpack_dont_email_post_to_subs":false,"_jetpack_newsletter_tier_id":0,"_jetpack_memberships_contains_paywalled_content":false,"_jetpack_memberships_contains_paid_content":false,"footnotes":"","jetpack_publicize_message":"","jetpack_publicize_feature_enabled":true,"jetpack_social_post_already_shared":true,"jetpack_social_options":{"image_generator_settings":{"template":"highway","default_image_id":0,"enabled":false},"version":2}},"categories":[1161,44,6937],"tags":[],"class_list":["post-72431","post","type-post","status-publish","format-standard","has-post-thumbnail","hentry","category-ciudadania","category-noticias-de-hoy","category-sociedad"],"jetpack_publicize_connections":[],"jetpack_featured_media_url":"https:\/\/i0.wp.com\/miradordeatarfe.es\/wp-content\/uploads\/2024\/11\/Screenshot-2024-11-03-at-17-31-10-Lecciones-de-la-dana-Opinion-EL-PAIS.png?fit=452%2C410&ssl=1","jetpack_likes_enabled":true,"jetpack_sharing_enabled":true,"_links":{"self":[{"href":"https:\/\/miradordeatarfe.es\/index.php?rest_route=\/wp\/v2\/posts\/72431","targetHints":{"allow":["GET"]}}],"collection":[{"href":"https:\/\/miradordeatarfe.es\/index.php?rest_route=\/wp\/v2\/posts"}],"about":[{"href":"https:\/\/miradordeatarfe.es\/index.php?rest_route=\/wp\/v2\/types\/post"}],"author":[{"embeddable":true,"href":"https:\/\/miradordeatarfe.es\/index.php?rest_route=\/wp\/v2\/users\/1"}],"replies":[{"embeddable":true,"href":"https:\/\/miradordeatarfe.es\/index.php?rest_route=%2Fwp%2Fv2%2Fcomments&post=72431"}],"version-history":[{"count":1,"href":"https:\/\/miradordeatarfe.es\/index.php?rest_route=\/wp\/v2\/posts\/72431\/revisions"}],"predecessor-version":[{"id":72433,"href":"https:\/\/miradordeatarfe.es\/index.php?rest_route=\/wp\/v2\/posts\/72431\/revisions\/72433"}],"wp:featuredmedia":[{"embeddable":true,"href":"https:\/\/miradordeatarfe.es\/index.php?rest_route=\/wp\/v2\/media\/72432"}],"wp:attachment":[{"href":"https:\/\/miradordeatarfe.es\/index.php?rest_route=%2Fwp%2Fv2%2Fmedia&parent=72431"}],"wp:term":[{"taxonomy":"category","embeddable":true,"href":"https:\/\/miradordeatarfe.es\/index.php?rest_route=%2Fwp%2Fv2%2Fcategories&post=72431"},{"taxonomy":"post_tag","embeddable":true,"href":"https:\/\/miradordeatarfe.es\/index.php?rest_route=%2Fwp%2Fv2%2Ftags&post=72431"}],"curies":[{"name":"wp","href":"https:\/\/api.w.org\/{rel}","templated":true}]}}