{"id":72444,"date":"2024-11-05T10:00:00","date_gmt":"2024-11-05T09:00:00","guid":{"rendered":"https:\/\/miradordeatarfe.es\/?p=72444"},"modified":"2024-11-05T09:39:45","modified_gmt":"2024-11-05T08:39:45","slug":"la-presion-asistencial-de-tu-area-y-centro-de-salud","status":"publish","type":"post","link":"https:\/\/miradordeatarfe.es\/?p=72444","title":{"rendered":"ATARFE: La presi\u00f3n asistencial de tu \u00e1rea y centro de salud"},"content":{"rendered":"\n<p class=\"has-medium-font-size\"><strong>Civio desvela cu\u00e1l es la media de pacientes vistos al d\u00eda en 2022 en todas las \u00e1reas de salud de Espa\u00f1a y en m\u00e1s de dos mil centros de salud, que atienden al 72% de la poblaci\u00f3n.<\/strong><\/p>\n\n\n\n<p class=\"has-medium-font-size\"><strong>MIRADOR DE ATARFE HA CONSULTADO LOS DATOS DE LOS MUNICIPIOS CERCANOS AL NUESTRO Y ESTOS SON LOS DATOS SOBRE<\/strong><\/p>\n\n\n\n<p><strong>MEDICINA DE FAMILIA:<\/strong><\/p>\n\n\n\n<figure class=\"wp-block-image size-large is-resized\"><img data-recalc-dims=\"1\" loading=\"lazy\" decoding=\"async\" width=\"640\" height=\"181\" src=\"https:\/\/i0.wp.com\/miradordeatarfe.es\/wp-content\/uploads\/2024\/11\/Screenshot-2024-11-03-at-20-08-56-Buscador-atencion-primaria-Consulta-la-presion-asistencial-de-tu-area-y-centro-de-salud-Civio.png?resize=640%2C181&#038;ssl=1\" alt=\"\" class=\"wp-image-72445\" style=\"width:1148px;height:auto\" srcset=\"https:\/\/i0.wp.com\/miradordeatarfe.es\/wp-content\/uploads\/2024\/11\/Screenshot-2024-11-03-at-20-08-56-Buscador-atencion-primaria-Consulta-la-presion-asistencial-de-tu-area-y-centro-de-salud-Civio.png?resize=1024%2C290&amp;ssl=1 1024w, https:\/\/i0.wp.com\/miradordeatarfe.es\/wp-content\/uploads\/2024\/11\/Screenshot-2024-11-03-at-20-08-56-Buscador-atencion-primaria-Consulta-la-presion-asistencial-de-tu-area-y-centro-de-salud-Civio.png?resize=300%2C85&amp;ssl=1 300w, https:\/\/i0.wp.com\/miradordeatarfe.es\/wp-content\/uploads\/2024\/11\/Screenshot-2024-11-03-at-20-08-56-Buscador-atencion-primaria-Consulta-la-presion-asistencial-de-tu-area-y-centro-de-salud-Civio.png?resize=768%2C218&amp;ssl=1 768w, https:\/\/i0.wp.com\/miradordeatarfe.es\/wp-content\/uploads\/2024\/11\/Screenshot-2024-11-03-at-20-08-56-Buscador-atencion-primaria-Consulta-la-presion-asistencial-de-tu-area-y-centro-de-salud-Civio.png?resize=1320%2C374&amp;ssl=1 1320w, https:\/\/i0.wp.com\/miradordeatarfe.es\/wp-content\/uploads\/2024\/11\/Screenshot-2024-11-03-at-20-08-56-Buscador-atencion-primaria-Consulta-la-presion-asistencial-de-tu-area-y-centro-de-salud-Civio.png?w=1347&amp;ssl=1 1347w\" sizes=\"auto, (max-width: 640px) 100vw, 640px\" \/><\/figure>\n\n\n\n<p><strong>SOBRE PEDIATR\u00cdA: <\/strong><\/p>\n\n\n\n<figure class=\"wp-block-image size-large is-resized\"><img data-recalc-dims=\"1\" loading=\"lazy\" decoding=\"async\" width=\"640\" height=\"173\" src=\"https:\/\/i0.wp.com\/miradordeatarfe.es\/wp-content\/uploads\/2024\/11\/Screenshot-2024-11-03-at-20-12-46-Buscador-atencion-primaria-Consulta-la-presion-asistencial-de-tu-area-y-centro-de-salud-Civio.png?resize=640%2C173&#038;ssl=1\" alt=\"\" class=\"wp-image-72446\" style=\"width:1139px;height:auto\" srcset=\"https:\/\/i0.wp.com\/miradordeatarfe.es\/wp-content\/uploads\/2024\/11\/Screenshot-2024-11-03-at-20-12-46-Buscador-atencion-primaria-Consulta-la-presion-asistencial-de-tu-area-y-centro-de-salud-Civio.png?resize=1024%2C276&amp;ssl=1 1024w, https:\/\/i0.wp.com\/miradordeatarfe.es\/wp-content\/uploads\/2024\/11\/Screenshot-2024-11-03-at-20-12-46-Buscador-atencion-primaria-Consulta-la-presion-asistencial-de-tu-area-y-centro-de-salud-Civio.png?resize=300%2C81&amp;ssl=1 300w, https:\/\/i0.wp.com\/miradordeatarfe.es\/wp-content\/uploads\/2024\/11\/Screenshot-2024-11-03-at-20-12-46-Buscador-atencion-primaria-Consulta-la-presion-asistencial-de-tu-area-y-centro-de-salud-Civio.png?resize=768%2C207&amp;ssl=1 768w, https:\/\/i0.wp.com\/miradordeatarfe.es\/wp-content\/uploads\/2024\/11\/Screenshot-2024-11-03-at-20-12-46-Buscador-atencion-primaria-Consulta-la-presion-asistencial-de-tu-area-y-centro-de-salud-Civio.png?resize=1320%2C356&amp;ssl=1 1320w, https:\/\/i0.wp.com\/miradordeatarfe.es\/wp-content\/uploads\/2024\/11\/Screenshot-2024-11-03-at-20-12-46-Buscador-atencion-primaria-Consulta-la-presion-asistencial-de-tu-area-y-centro-de-salud-Civio.png?w=1352&amp;ssl=1 1352w\" sizes=\"auto, (max-width: 640px) 100vw, 640px\" \/><\/figure>\n\n\n\n<p>SOBRE ENFERMERIA<\/p>\n\n\n\n<figure class=\"wp-block-image size-large is-resized\"><img data-recalc-dims=\"1\" loading=\"lazy\" decoding=\"async\" width=\"640\" height=\"183\" src=\"https:\/\/i0.wp.com\/miradordeatarfe.es\/wp-content\/uploads\/2024\/11\/Screenshot-2024-11-03-at-20-13-23-Buscador-atencion-primaria-Consulta-la-presion-asistencial-de-tu-area-y-centro-de-salud-Civio.png?resize=640%2C183&#038;ssl=1\" alt=\"\" class=\"wp-image-72447\" style=\"width:1146px;height:auto\" srcset=\"https:\/\/i0.wp.com\/miradordeatarfe.es\/wp-content\/uploads\/2024\/11\/Screenshot-2024-11-03-at-20-13-23-Buscador-atencion-primaria-Consulta-la-presion-asistencial-de-tu-area-y-centro-de-salud-Civio.png?resize=1024%2C293&amp;ssl=1 1024w, https:\/\/i0.wp.com\/miradordeatarfe.es\/wp-content\/uploads\/2024\/11\/Screenshot-2024-11-03-at-20-13-23-Buscador-atencion-primaria-Consulta-la-presion-asistencial-de-tu-area-y-centro-de-salud-Civio.png?resize=300%2C86&amp;ssl=1 300w, https:\/\/i0.wp.com\/miradordeatarfe.es\/wp-content\/uploads\/2024\/11\/Screenshot-2024-11-03-at-20-13-23-Buscador-atencion-primaria-Consulta-la-presion-asistencial-de-tu-area-y-centro-de-salud-Civio.png?resize=768%2C220&amp;ssl=1 768w, https:\/\/i0.wp.com\/miradordeatarfe.es\/wp-content\/uploads\/2024\/11\/Screenshot-2024-11-03-at-20-13-23-Buscador-atencion-primaria-Consulta-la-presion-asistencial-de-tu-area-y-centro-de-salud-Civio.png?resize=1320%2C378&amp;ssl=1 1320w, https:\/\/i0.wp.com\/miradordeatarfe.es\/wp-content\/uploads\/2024\/11\/Screenshot-2024-11-03-at-20-13-23-Buscador-atencion-primaria-Consulta-la-presion-asistencial-de-tu-area-y-centro-de-salud-Civio.png?w=1401&amp;ssl=1 1401w\" sizes=\"auto, (max-width: 640px) 100vw, 640px\" \/><\/figure>\n\n\n\n<h3 class=\"wp-block-heading\" id=\"sobre-los-datos-qu\u00e9-es-la-presi\u00f3n-asistencial\">Sobre los datos\u2026 \u00bfqu\u00e9 es la presi\u00f3n asistencial?<\/h3>\n\n\n\n<p>&#x1f4c8; Se trata de la <strong><a href=\"https:\/\/civio.es\/medicamentalia\/2022\/11\/24\/atencion-primaria-espana-presion-asistencial\/\" target=\"_blank\" rel=\"noreferrer noopener\">media de pacientes atendidos al d\u00eda por cada profesional sanitario de atenci\u00f3n primaria<\/a><\/strong> (en particular, de medicina de familia, enfermer\u00eda y pediatr\u00eda). Hemos pedido estos datos a las comunidades aut\u00f3nomas, que los calculan teniendo en cuenta el n\u00famero absoluto de pacientes atendidos, dividiendo a su vez esta cifra entre el total de profesionales y los d\u00edas laborables de cada a\u00f1o.<\/p>\n\n\n\n<p>&#x1f9d0; En la actualizaci\u00f3n que ahora publicamos, desglosamos, cuando es posible, la presi\u00f3n asistencial de cada \u00e1rea y de cada centro de salud. En algunos casos (ver <a href=\"https:\/\/civio.es\/medicamentalia\/buscador-presion-asistencial-atencion-primaria\/#metodologia\" target=\"_blank\" rel=\"noreferrer noopener\">metodolog\u00eda<\/a>), la presi\u00f3n asistencial del \u00e1rea de salud se calcula mediante un promedio de los datos de los centros, algo que realizan habitualmente las consejer\u00edas auton\u00f3micas con competencias en sanidad.<\/p>\n\n\n\n<h3 class=\"wp-block-heading\" id=\"y-qu\u00e9-es-el-cupo-asignado\">\u00bfY qu\u00e9 es el cupo asignado?<\/h3>\n\n\n\n<p>&#x1f4ca; En este caso, hablamos del <strong>n\u00famero de pacientes que tiene asignado cada profesional sanitario de atenci\u00f3n primaria<\/strong> (en concreto, de medicina de familia, enfermer\u00eda y pediatr\u00eda). Esta cifra no siempre coincide con el n\u00famero real de personas que atiende cada profesional. Por ejemplo, el cupo real ser\u00e1 mayor que el cupo asignado si el sanitario tiene mayor carga de trabajo por tener que atender los pacientes de alg\u00fan compa\u00f1ero que est\u00e9 ausente. Y su cupo real ser\u00e1 menor que el asignado si, por ejemplo, donde trabaje, parte de la poblaci\u00f3n dispone de seguros privados y no utiliza los recursos p\u00fablicos de asistencia sanitaria.<\/p>\n\n\n\n<p>&#x1fa7a; Aunque, como nos explica el profesor Jos\u00e9 Ram\u00f3n Repullo, del Instituto de Salud Carlos III, \u201cno hay un est\u00e1ndar legal ni com\u00fanmente aceptado como v\u00e1lido\u201d respecto a los cupos asignados, <strong>nos hemos basado en las recomendaciones de las organizaciones consultadas<\/strong>: el <a href=\"https:\/\/civio.es\/medicamentalia\/2022\/11\/24\/atencion-primaria-espana-presion-asistencial\/\" target=\"_blank\" rel=\"noreferrer noopener\">cupo asignado<\/a> m\u00e1ximo para medicina de familia tendr\u00eda que situarse en 1.500 pacientes por profesional, mientras que, en el caso de enfermer\u00eda, deber\u00eda ser de 1.000 y, en el de pediatr\u00eda, de 900-1.000.<\/p>\n\n\n\n<h3 class=\"wp-block-heading\" id=\"qu\u00e9-reflejan-exactamente-las-cifras\">\u00bfQu\u00e9 reflejan exactamente las cifras?<\/h3>\n\n\n\n<p>&#x2753; Las medias de presi\u00f3n asistencial no son datos absolutos, sino que consisten en <strong>promedios que muestran la carga de trabajo en atenci\u00f3n primaria<\/strong>, detallada, cuando es posible, a nivel de \u00e1rea de salud y a nivel de centros de salud. Cada <strong>\u00e1rea de salud<\/strong> es una circunscripci\u00f3n administrativa, seg\u00fan la <a href=\"https:\/\/www.sanidad.gob.es\/ciudadanos\/prestaciones\/centrosServiciosSNS\/hospitales\/introduccionCentro.htm\" target=\"_blank\" rel=\"noreferrer noopener\">definici\u00f3n<\/a> del Ministerio de Sanidad, \u201cque agrupa un conjunto de centros y de profesionales de atenci\u00f3n primaria\u201d.<\/p>\n\n\n\n<p>El nivel inferior al \u00e1rea es la llamada <strong>zona b\u00e1sica de salud<\/strong>, que puede disponer de uno o m\u00e1s centros de salud, seg\u00fan <a href=\"https:\/\/www.sanidad.gob.es\/ciudadanos\/prestaciones\/centrosServiciosSNS\/hospitales\/introduccionCentro.htm\" target=\"_blank\" rel=\"noreferrer noopener\">indican<\/a> desde el Ministerio de Sanidad. Desde Civio hemos pedido los datos de los <strong>centros de salud<\/strong> a las comunidades y a las ciudades aut\u00f3nomas. En el caso de las zonas rurales, sabemos que tambi\u00e9n existen <strong>consultorios<\/strong>, aunque no incluimos sus datos ya que los centros de salud <a href=\"https:\/\/www.sanidad.gob.es\/ciudadanos\/prestaciones\/centrosServiciosSNS\/hospitales\/introduccionCentro.htm\" target=\"_blank\" rel=\"noreferrer noopener\">se consideran<\/a> como el \u201ccentro de cabecera\u201d desde el que \u201cse coordinan las actividades para la atenci\u00f3n global a la poblaci\u00f3n de la zona b\u00e1sica con el resto de centros (consultorios)\u201d (ver <a href=\"https:\/\/civio.es\/medicamentalia\/buscador-presion-asistencial-atencion-primaria\/#metodologia\" target=\"_blank\" rel=\"noreferrer noopener\">metodolog\u00eda<\/a>).<\/p>\n\n\n\n<h3 class=\"wp-block-heading\" id=\"qu\u00e9-limitaciones-tienen-los-n\u00fameros-que-publicamos\">\u00bfQu\u00e9 limitaciones tienen los n\u00fameros que publicamos?<\/h3>\n\n\n\n<p>&#x1f4a5; El <a href=\"https:\/\/civio.es\/medicamentalia\/2022\/11\/24\/atencion-primaria-espana-presion-asistencial\/\" target=\"_blank\" rel=\"noreferrer noopener\">c\u00e1lculo de la presi\u00f3n asistencial<\/a>, seg\u00fan explicamos en <a href=\"https:\/\/civio.es\/medicamentalia\/2023\/07\/04\/atencion-primaria-presion-asistencial-areas-centros-salud\/\" target=\"_blank\" rel=\"noreferrer noopener\">nuestro reportaje<\/a> sobre la atenci\u00f3n primaria, se realiza teniendo en cuenta el total de profesionales en plantilla y el n\u00famero total de d\u00edas laborables. \u00bfY cu\u00e1l es el problema? Que dichas medias se estiman sin tener en cuenta las posibles ausencias de los profesionales y sin considerar los periodos de vacaciones. Vamos, que <strong>la presi\u00f3n asistencial real, seg\u00fan las fuentes consultadas, es peor de lo que reflejan los datos oficiales<\/strong>.<\/p>\n\n\n\n<p>&#x26a1; En el caso de los cupos asignados, de acuerdo con las fuentes consultadas por Civio, tambi\u00e9n existen ciertas dificultades a la hora de interpretar los n\u00fameros. Y es que no es lo mismo atender a una persona menor de un a\u00f1o o a alguien mayor de 65 a\u00f1os porque, en general, requieren m\u00e1s tiempo de consulta al presentar mayor fragilidad. Lo mismo ocurre en zonas con peores condiciones socioecon\u00f3micas, lo que supone de forma habitual que los pacientes suelan presentar mayor carga de enfermedad y, adem\u00e1s, dispongan de menos tiempo y recursos para su propio cuidado, lo que empeora su salud. Por eso, <strong>dos cupos iguales no siempre significan lo mismo<\/strong>.<\/p>\n\n\n\n<p>&#x1f440; Adem\u00e1s, debemos tener en cuenta que los datos de los cupos asignados solo se detallan por \u00e1rea de salud, no por centro de salud, lo que nos permite tener una visi\u00f3n m\u00e1s global, pero menos espec\u00edfica.<\/p>\n\n\n\n<h3 class=\"wp-block-heading\" id=\"c\u00f3mo-hemos-obtenido-los-datos\">\u00bfC\u00f3mo hemos obtenido los datos?<\/h3>\n\n\n\n<p>&#x1f575; <strong>No ha sido, desde luego, ni f\u00e1cil ni r\u00e1pido<\/strong>. En 2018, pedimos por primera vez, a trav\u00e9s de la Ley de Transparencia, diversos indicadores vinculados con la atenci\u00f3n primaria, en particular, en relaci\u00f3n con los profesionales de medicina de familia. Por aquel entonces, no todas las comunidades contestaron a nuestras solicitudes de acceso a la informaci\u00f3n p\u00fablica. Tras el impacto de la pandemia de la COVID-19, decidimos retomar nuestra antigua investigaci\u00f3n incluyendo tambi\u00e9n al personal de enfermer\u00eda y pediatr\u00eda.<\/p>\n\n\n\n<p>&#x1f600; En agosto de 2022, comenzamos a hacer ronda de peticiones a las comunidades aut\u00f3nomas con el fin de conocer cu\u00e1l hab\u00eda sido la <a href=\"https:\/\/civio.es\/medicamentalia\/2022\/11\/24\/atencion-primaria-espana-presion-asistencial\/\" target=\"_blank\" rel=\"noreferrer noopener\">presi\u00f3n asistencial entre 2018 y mediados de 2022<\/a> por \u00e1rea de salud para los diferentes profesionales sanitarios. Tras publicar un <a href=\"https:\/\/civio.es\/medicamentalia\/2022\/11\/24\/atencion-primaria-espana-presion-asistencial\/\" target=\"_blank\" rel=\"noreferrer noopener\">primer reportaje<\/a> sobre la saturaci\u00f3n en atenci\u00f3n primaria, con su correspondiente mapa-buscador, decidimos seguir informando sobre este importante problema.<\/p>\n\n\n\n<p>&#x1f4bb; Para ello, en enero de 2023 volvimos a hacer una nueva ronda de solicitudes de acceso a la informaci\u00f3n p\u00fablica a las diecisiete comunidades y a las dos ciudades aut\u00f3nomas (en este caso, a trav\u00e9s del INGESA del Ministerio de Sanidad). Nuestro objetivo consiste en recabar los datos de presi\u00f3n asistencial correspondientes al a\u00f1o entero de 2022, desagregados por \u00e1rea de salud y tambi\u00e9n por centro de salud, por profesional de medicina de familia, pediatr\u00eda y enfermer\u00eda. En paralelo, seguimos reclamando y alegando para obtener los datos que no hab\u00edamos conseguido en la primera ronda de solicitudes de acceso a la informaci\u00f3n p\u00fablica.<\/p>\n\n\n\n<p>&#x2705; Hemos conseguido datos completos de muchas comunidades aut\u00f3nomas. En algunos casos, nos facilitaron las cifras de presi\u00f3n asistencial tras realizar la solicitud de acceso. En otros, nos dieron los datos tras reclamar a los correspondientes Consejos de Transparencia. Ha habido algunas excepciones donde solo nos dieron los promedios desagregados por centros de salud, as\u00ed que hemos estimado la presi\u00f3n asistencial por \u00e1rea de salud realizando las medias respectivas (es as\u00ed como los calculan los gobiernos auton\u00f3micos). De esta manera hemos podido completar la informaci\u00f3n sobre la atenci\u00f3n primaria de trece comunidades aut\u00f3nomas.<\/p>\n\n\n\n<p>&#x1f621; En el resto de regiones, <strong>seguimos peleando para sacar a la luz datos rigurosos sobre la situaci\u00f3n de la atenci\u00f3n primaria<\/strong>. Ese es el caso de Galicia, Comunidad Valenciana, Pa\u00eds Vasco y Castilla-La Mancha, junto con la gerencia de Tenerife, donde solo podemos informar sobre la presi\u00f3n asistencial por \u00e1rea de salud.<\/p>\n\n\n\n<p class=\"has-medium-font-size\"><\/p>\n\n\n\n<h3 class=\"wp-block-heading\" id=\"por-qu\u00e9-no-est\u00e1n-todas-las-comunidades\">\u00bfPor qu\u00e9 no est\u00e1n todas las comunidades?<\/h3>\n\n\n\n<p>&#x1f4a1; A principios de 2023, pedimos a trav\u00e9s de la Ley de Transparencia los datos completos de <strong>presi\u00f3n asistencial de 2022<\/strong>, es decir, el n\u00famero medio de pacientes vistos al d\u00eda por profesional de medicina de familia, pediatr\u00eda y enfermer\u00eda. Quer\u00edamos ampliar la fotograf\u00eda que publicamos a finales del a\u00f1o pasado, cuando <a href=\"https:\/\/civio.es\/medicamentalia\/2022\/11\/24\/atencion-primaria-espana-presion-asistencial\/\" target=\"_blank\" rel=\"noreferrer noopener\">adelantamos<\/a> el promedio de pacientes vistos por \u00e1rea de salud desde 2018 hasta mediados de 2022. Y no solo eso: tambi\u00e9n solicitamos la informaci\u00f3n sobre <strong>c\u00f3mo es la presi\u00f3n asistencial en todos los centros de salud de Espa\u00f1a<\/strong>. \u00bfNuestro objetivo? Dar a conocer cu\u00e1l es la saturaci\u00f3n de la atenci\u00f3n primaria de la forma m\u00e1s detallada y pr\u00f3xima.<\/p>\n\n\n\n<p>&#x1f4aa; Hemos <strong>conseguido recabar las cifras de todas las \u00e1reas de salud de Espa\u00f1a<\/strong>. Y, adem\u00e1s, hemos logrado publicar por primera vez los datos de presi\u00f3n asistencial de 2.021 centros de salud de todo el pa\u00eds. En otras palabras, a trav\u00e9s de este buscador puedes conocer ahora mismo de forma pormenorizada cu\u00e1l es la situaci\u00f3n de la atenci\u00f3n primaria, tanto en las diferentes \u00e1reas como <strong>en cada centro de salud, de 13 comunidades<\/strong> (Andaluc\u00eda, Arag\u00f3n, Asturias, Baleares, Cantabria, Castilla y Le\u00f3n, Catalu\u00f1a, Comunidad de Madrid, Extremadura, Murcia, Navarra, La Rioja e Islas Canarias, con la excepci\u00f3n de Tenerife), <strong>y de las dos ciudades aut\u00f3nomas<\/strong> (Ceuta y Melilla). Esto supone que m\u00e1s de 34,6 millones de personas (el 72,7% de la poblaci\u00f3n de Espa\u00f1a seg\u00fan el <a href=\"https:\/\/www.ine.es\/dyngs\/INEbase\/es\/operacion.htm?c=Estadistica_C&amp;cid=1254736176951&amp;menu=ultiDatos&amp;idp=1254735572981\" target=\"_blank\" rel=\"noreferrer noopener\">INE<\/a>) podr\u00e1n conocer por primera vez la presi\u00f3n asistencial de su centro de salud.<\/p>\n\n\n\n<p>&#x1f615; Tenemos <strong>datos parciales de la presi\u00f3n asistencial en cuatro comunidades aut\u00f3nomas<\/strong> (Galicia, Castilla-La Mancha, Comunidad Valenciana, Pa\u00eds Vasco) y en la gerencia de Tenerife. En estos casos, solo nos han dado la presi\u00f3n asistencial desagregada por \u00e1reas de salud, pero no las cifras de sus respectivos centros de salud. Hemos reclamado la informaci\u00f3n ampar\u00e1ndonos en la Ley de Transparencia. Y vamos a seguir peleando para ofrecer en detalle los datos sobre la situaci\u00f3n de la atenci\u00f3n primaria en estas regiones.<\/p>\n\n\n\n<p>&#x26d4; Hemos avanzado mucho en transparencia respecto a lo conseguido en <a href=\"https:\/\/civio.es\/medicamentalia\/2022\/11\/24\/atencion-primaria-espana-presion-asistencial\/\" target=\"_blank\" rel=\"noreferrer noopener\">noviembre de 2022<\/a>. Por aquel entonces, cuatro regiones rechazaron concedernos el acceso a los datos de presi\u00f3n asistencial (Asturias, Cantabria, Galicia y Catalu\u00f1a). En la nueva ronda de solicitudes de acceso, hemos conseguido informaci\u00f3n m\u00e1s detallada, tambi\u00e9n de las regiones que en un primer momento no nos dieron las cifras que solicit\u00e1bamos. Y este avance <strong>ha sido posible gracias a la batalla de Civio a favor de la transparencia<\/strong>, insistiendo a los servicios auton\u00f3micos de salud y reclamando estos datos, que son de toda la ciudadan\u00eda, cuando ha hecho falta.<\/p>\n\n\n\n<p><strong><a href=\"https:\/\/civio.es\/equipo\/maria-alvarez-del-vayo\/\">Mar\u00eda \u00c1lvarez del Vayo<\/a> ,,<a href=\"https:\/\/civio.es\/equipo\/adrian-maqueda\/\">Adri\u00e1n Maqueda<\/a>, <a href=\"https:\/\/civio.es\/equipo\/carmen-torrecillas\/\">Carmen Torrecillas<\/a>, <a href=\"https:\/\/civio.es\/equipo\/angela-bernardo\/\">\u00c1ngela Bernardo<\/a><\/strong><\/p>\n\n\n\n<p>PARA CONSULTAR LOS DATOS DE CUALQUIER MUNICIPIO : <\/p>\n\n\n\n<p><a href=\"https:\/\/civio.es\/medicamentalia\/buscador-presion-asistencial-atencion-primaria\">https:\/\/civio.es\/medicamentalia\/buscador-presion-asistencial-atencion-primaria<\/a><\/p>\n\n\n\n\n","protected":false},"excerpt":{"rendered":"<p>Civio desvela cu\u00e1l es la media de pacientes vistos al d\u00eda en 2022 en todas&#8230;<\/p>\n","protected":false},"author":1,"featured_media":72448,"comment_status":"closed","ping_status":"closed","sticky":false,"template":"","format":"standard","meta":{"_coblocks_attr":"","_coblocks_dimensions":"","_coblocks_responsive_height":"","_coblocks_accordion_ie_support":"","jetpack_post_was_ever_published":false,"_jetpack_newsletter_access":"","_jetpack_dont_email_post_to_subs":false,"_jetpack_newsletter_tier_id":0,"_jetpack_memberships_contains_paywalled_content":false,"_jetpack_memberships_contains_paid_content":false,"footnotes":"","jetpack_publicize_message":"","jetpack_publicize_feature_enabled":true,"jetpack_social_post_already_shared":true,"jetpack_social_options":{"image_generator_settings":{"template":"highway","default_image_id":0,"enabled":false},"version":2}},"categories":[2,44,10],"tags":[],"class_list":["post-72444","post","type-post","status-publish","format-standard","has-post-thumbnail","hentry","category-atarfe","category-noticias-de-hoy","category-salud"],"jetpack_publicize_connections":[],"jetpack_featured_media_url":"https:\/\/i0.wp.com\/miradordeatarfe.es\/wp-content\/uploads\/2024\/11\/Screenshot-2024-11-03-at-20-21-49-Buscador-atencion-primaria-Consulta-la-presion-asistencial-de-tu-area-y-centro-de-salud-Civio.png?fit=1383%2C607&ssl=1","jetpack_likes_enabled":true,"jetpack_sharing_enabled":true,"_links":{"self":[{"href":"https:\/\/miradordeatarfe.es\/index.php?rest_route=\/wp\/v2\/posts\/72444","targetHints":{"allow":["GET"]}}],"collection":[{"href":"https:\/\/miradordeatarfe.es\/index.php?rest_route=\/wp\/v2\/posts"}],"about":[{"href":"https:\/\/miradordeatarfe.es\/index.php?rest_route=\/wp\/v2\/types\/post"}],"author":[{"embeddable":true,"href":"https:\/\/miradordeatarfe.es\/index.php?rest_route=\/wp\/v2\/users\/1"}],"replies":[{"embeddable":true,"href":"https:\/\/miradordeatarfe.es\/index.php?rest_route=%2Fwp%2Fv2%2Fcomments&post=72444"}],"version-history":[{"count":3,"href":"https:\/\/miradordeatarfe.es\/index.php?rest_route=\/wp\/v2\/posts\/72444\/revisions"}],"predecessor-version":[{"id":72452,"href":"https:\/\/miradordeatarfe.es\/index.php?rest_route=\/wp\/v2\/posts\/72444\/revisions\/72452"}],"wp:featuredmedia":[{"embeddable":true,"href":"https:\/\/miradordeatarfe.es\/index.php?rest_route=\/wp\/v2\/media\/72448"}],"wp:attachment":[{"href":"https:\/\/miradordeatarfe.es\/index.php?rest_route=%2Fwp%2Fv2%2Fmedia&parent=72444"}],"wp:term":[{"taxonomy":"category","embeddable":true,"href":"https:\/\/miradordeatarfe.es\/index.php?rest_route=%2Fwp%2Fv2%2Fcategories&post=72444"},{"taxonomy":"post_tag","embeddable":true,"href":"https:\/\/miradordeatarfe.es\/index.php?rest_route=%2Fwp%2Fv2%2Ftags&post=72444"}],"curies":[{"name":"wp","href":"https:\/\/api.w.org\/{rel}","templated":true}]}}