{"id":72454,"date":"2024-11-08T09:30:00","date_gmt":"2024-11-08T08:30:00","guid":{"rendered":"https:\/\/miradordeatarfe.es\/?p=72454"},"modified":"2024-11-05T14:19:41","modified_gmt":"2024-11-05T13:19:41","slug":"los-williams-mas-que-racismo-vemos-clasismo-los-negros-que-ganamos-dinero-estamos-mejor-vistos","status":"publish","type":"post","link":"https:\/\/miradordeatarfe.es\/?p=72454","title":{"rendered":"Los Williams: \u201cM\u00e1s que racismo, vemos clasismo. Los negros que ganamos dinero estamos mejor vistos\u201d"},"content":{"rendered":"\n<p class=\"has-medium-font-size\"><strong>En busca de la fortuna que se les negaba en su pa\u00eds, Ghana, los padres de I\u00f1aki y Nico Williams protagonizaron hace 30 a\u00f1os un incre\u00edble periplo por \u00c1frica y Espa\u00f1a hasta llegar a Navarra antes que sus dos hijos triunfaran en el Athletic de Bilbao e hicieran historia. Ahora relatan su epopeya<\/strong><\/p>\n\n\n\n<p>Cuando F\u00e9lix Williams y Mar\u00eda Comfort Arthuer empacaron sus bultos en Akim Oda, donde viv\u00edan en el oriente de Ghana, nadie les advirti\u00f3 lo duro que ser\u00eda el viaje ni cu\u00e1ndo llegar\u00edan a su destino. En realidad, tampoco sab\u00edan hacia d\u00f3nde se dirig\u00edan. Simplemente quer\u00edan salir de all\u00ed, dejar su trabajo de peluquera y electricista y recalar en un pa\u00eds de Europa, a poder ser, cat\u00f3lico, la religi\u00f3n que profesaban, como Espa\u00f1a o Italia.<\/p>\n\n\n\n<p>No sab\u00eda entonces Mar\u00eda de d\u00f3nde iba a sacar la fuerza que la ayud\u00f3 a atravesar los 5.200 kil\u00f3metros que recorri\u00f3 entre Burkina Faso, N\u00edger, Argelia y Marruecos para <a href=\"https:\/\/elpais.com\/noticias\/inmigracion\/\" target=\"_blank\" rel=\"noreferrer noopener\">intentar cruzar la frontera hacia Melilla<\/a>. Emprendi\u00f3 un viaje que hoy no recomienda a nadie despu\u00e9s de tragar polvo con 50 personas subidas a una camioneta en el S\u00e1hara como ganado, caminar a pie la mayor\u00eda del trayecto, sentir que tus huesos son astillas de fuego en la arena y no saber, cada d\u00eda, si saldr\u00e1s vivo de la traves\u00eda.<\/p>\n\n\n\n<p>Pero lo logr\u00f3, como cuenta <em>Los Williams,<\/em> el documental de <a href=\"https:\/\/www.filmaffinity.com\/es\/name.php?name-id=893678524\" target=\"_blank\" rel=\"noreferrer noopener\">Ra\u00fal de la Fuente<\/a> reci\u00e9n estrenado en cines. Hoy dice que la respuesta la tuvo en su vientre durante todo el trayecto, como relata a <em>El Pa\u00eds Semanal <\/em>en su casa de Bilbao, donde vive hoy con su marido. La conoci\u00f3 al ser acogida en Melilla despu\u00e9s de haber roto sus pasaportes, como les indic\u00f3 un abogado que les aconsej\u00f3 que dieran la siguiente versi\u00f3n: en vez de Ghana, escapaban de la guerra en Liberia. As\u00ed podr\u00edan acogerse al estatuto de refugiados.<\/p>\n\n\n\n<figure class=\"wp-block-image\"><img data-recalc-dims=\"1\" decoding=\"async\" src=\"https:\/\/i0.wp.com\/imagenes.elpais.com\/resizer\/v2\/FSHCRKD5HFCMLCSCN5X2QSPOLY.jpg?w=640&#038;ssl=1\" alt=\"I\u00f1aki y Nico Williams son u\u00f1a y carne. Se llevan ocho a\u00f1os.\"\/><figcaption class=\"wp-element-caption\">I\u00f1aki y Nico Williams son u\u00f1a y carne. Se llevan ocho a\u00f1os.Vicens Gim\u00e9nez<\/figcaption><\/figure>\n\n\n\n<p>All\u00ed se enter\u00f3 de que estaba embarazada de tres meses. Poco tiempo despu\u00e9s los trasladaron a trav\u00e9s de C\u00e1ritas a Bilbao, donde los acogi\u00f3 I\u00f1aki Mardones, un cura voluntario de la organizaci\u00f3n en la secci\u00f3n de migrantes. All\u00ed, en el hospital de Basurto, naci\u00f3 su hijo. Lo bautiz\u00f3 con el mismo nombre del sacerdote, quiz\u00e1s para dar as\u00ed la bienvenida a este vasco engendrado en \u00c1frica que a\u00f1os m\u00e1s tarde cambiar\u00eda la historia y los esquemas del <a href=\"https:\/\/www.athletic-club.eus\/\" target=\"_blank\" rel=\"noreferrer noopener\">Athletic Club<\/a>, junto a su hermano, <a href=\"https:\/\/elpais.com\/noticias\/nicholas-williams-arthuer\/\" target=\"_blank\" rel=\"noreferrer noopener\">Nico.<\/a><\/p>\n\n\n\n<p>Tiempo despu\u00e9s le contaron detalladamente sus padres a <a href=\"https:\/\/elpais.com\/noticias\/inaki-williams-dannis\/\" target=\"_blank\" rel=\"noreferrer noopener\">I\u00f1aki <\/a>aquel viaje. Qued\u00f3 impactado. \u201cYo ten\u00eda 18 a\u00f1os cuando me enter\u00e9. Ellos se jugaron la vida y dejaron todo atr\u00e1s por un futuro mejor. Cuando supe esto pens\u00e9: mi madre es una guerrera y yo no puedo resultar menos, tengo que hacer cuanto est\u00e9 en mi mano para darles un futuro mejor\u201d.<\/p>\n\n\n\n<p>Mar\u00eda sospech\u00f3 m\u00e1s bien pronto que el chico podr\u00eda ser jugador de f\u00fatbol. \u201cYo fui atleta en mi pa\u00eds, y F\u00e9lix, futbolista. Por las patadas que me daba en el vientre cuando estaba embarazada, estaba claro a qui\u00e9n sal\u00eda\u201d, dice. A su padre, que es discreto y no le gusta el foco, aunque disfruta igual del \u00e9xito de sus hijos. Lo que no sospechaba era que, en vez de uno, con el tiempo ser\u00edan dos los deportistas a los que alumbrar\u00eda: I\u00f1aki y Nico Williams, una pareja de s\u00edmbolos del f\u00fatbol moderno que desaf\u00edan con su juego, su actitud y el peso heredado de la peripecia de sus progenitores un buen pu\u00f1ado de elementos, debates y contradicciones, conceptos que a veces a ellos les resultan confusos tambi\u00e9n, como el de la identidad. \u201cTenemos un poco de cacao en ese sentido\u201d, asegura I\u00f1aki, el mayor, a sus 30 a\u00f1os. \u201cGhana est\u00e1 muy presente en nuestra casa. Por suerte, yo los represento en la selecci\u00f3n y tengo que viajar a menudo para reunirme con mi familia, abuelos y ancestros\u201d, cuenta el futbolista.<\/p>\n\n\n\n<figure class=\"wp-block-image\"><img data-recalc-dims=\"1\" decoding=\"async\" src=\"https:\/\/i0.wp.com\/imagenes.elpais.com\/resizer\/v2\/QV6TJOA6UNCMDG4TY27SZYEAYY.jpg?w=640&#038;ssl=1\" alt=\"\u201cMi madre es una guerrera\u201d, dice I\u00f1aki Williams, que resalta el empe\u00f1o y la fuerza de Mar\u00eda Comfort Arthuer.\"\/><figcaption class=\"wp-element-caption\">\u201cMi madre es una guerrera\u201d, dice I\u00f1aki Williams, que resalta el empe\u00f1o y la fuerza de Mar\u00eda Comfort Arthuer.Vicens Gim\u00e9nez<\/figcaption><\/figure>\n\n\n\n<p>Eligi\u00f3 la selecci\u00f3n africana porque se lo pidi\u00f3 su abuelo paterno, George, pastor del movimiento pentecostal, y no quiso defraudarlo. Lleg\u00f3 a verlo jugar con la camiseta de su pa\u00eds. <a href=\"https:\/\/elpais.com\/noticias\/ghana\/\" target=\"_blank\" rel=\"noreferrer noopener\">En Ghana<\/a> tambi\u00e9n se siente algo diferente I\u00f1aki. La extra\u00f1eza ante los entornos le ha acompa\u00f1ado toda la vida, pero tambi\u00e9n una capacidad proverbial de adaptaci\u00f3n al medio. \u201cAl principio tambi\u00e9n me sent\u00eda diferente en Bilbao. A eso me acostumbr\u00e9 porque durante a\u00f1os era el \u00fanico negro en el Athletic. Ahora somos cuatro. Pero el cacao persiste: me siento de Ghana, de Bilbao, del Pa\u00eds Vasco, pamplonica, por supuesto, llevo la multiculturalidad muy asumida: soy, sin duda, ciudadano del mundo\u201d.<\/p>\n\n\n\n<p>En ese resumen apresurado anda la lucha de sus padres, como en casi todo lo que les mueve con los valores que Nico destaca: \u201cNos transmitieron siempre humildad, ese es el pilar de nuestra familia, somos as\u00ed en todo y afrontamos las cosas desde esa manera de ver el mundo con valent\u00eda y mucho trabajo\u201d. Con esas virtudes y mucho agradecimiento aceptaron sus padres la ropa, los muebles, los biberones y hasta la cuna que les dieron al llegar.<\/p>\n\n\n\n<p>Tambi\u00e9n los trabajos: primero en Sesma (Navarra), dentro de un matadero de pollos para F\u00e9lix. Despu\u00e9s decidieron que \u00e9l se fuera al Reino Unido a seguir labrando futuro \u2014y donde trabaj\u00f3 hasta que la familia entera se mud\u00f3 a Bilbao\u2014 y que ella se quedara en Pamplona para criar a I\u00f1aki en la ciudad, con el colegio de los Escolapios a mano. \u201cTambi\u00e9n trabajando duro en todo: en el aeropuerto, en un supermercado y una cadena de pizzas\u2026\u201d.<\/p>\n\n\n\n<figure class=\"wp-block-image\"><img data-recalc-dims=\"1\" decoding=\"async\" src=\"https:\/\/i0.wp.com\/imagenes.elpais.com\/resizer\/v2\/FATBEYLTZBBJPJT3HRYZQVWNO4.jpg?w=640&#038;ssl=1\" alt=\"\u201cEl f\u00fatbol es la mejor arma para combatir el racismo al ser un fen\u00f3meno mundial\u201d, reivindica Nico Williams.\"\/><figcaption class=\"wp-element-caption\">\u201cEl f\u00fatbol es la mejor arma para combatir el racismo al ser un fen\u00f3meno mundial\u201d, reivindica Nico Williams.Vicens Gim\u00e9nez<\/figcaption><\/figure>\n\n\n\n<p>Vivian en el barrio de Buztintxuri, toda una colonia inmigrante. El mayor crec\u00eda con pautas marcadas y mucha escasez. Cuando naci\u00f3 su hermano, ocho a\u00f1os m\u00e1s tarde, se ocup\u00f3 de \u00e9l a todas horas: \u201cI\u00f1aki siempre me ha ayudado a tope. Es muy responsable, con ocho a\u00f1os de diferencia cuid\u00f3 a Nico, lo tra\u00eda y llevaba al colegio, lo esperaba a la salida y despu\u00e9s se iba a entrenar. Ha hecho mucho por la familia, ha soportado una carga muy fuerte desde ni\u00f1o. Por eso es un l\u00edder. Tiene buen coraz\u00f3n, no se pele\u00f3 nunca con nadie. Es una maravilla, un \u00e1ngel para m\u00ed\u201d, asegura su madre.<\/p>\n\n\n\n<p>Lo asumi\u00f3 con sentido del deber y naturalidad, sacando de dentro una fuerza y un poder de convencimiento enormes que ayudaban a consolar a su madre cuando a veces no pod\u00edan pagar la luz, la calefacci\u00f3n o el agua. \u00c9l le dec\u00eda que alg\u00fan d\u00eda aquella miseria se acabar\u00eda. Sab\u00eda que llegar\u00eda a ser futbolista. No ten\u00eda la certeza de a qu\u00e9 nivel, pero s\u00ed de poder intentarlo. \u201cEran sue\u00f1os de ni\u00f1o, que se cumplen o no, pero cuando llevas eso tan dentro de tu coraz\u00f3n, puedes con todo\u201d, dice su madre.<\/p>\n\n\n\n<p>Las estrecheces, la necesidad son, a menudo, el mayor motor. \u201cCre\u00eda en m\u00ed, mi familia tambi\u00e9n, hab\u00edamos pasado penurias, pero siempre tuve fe, ve\u00eda mis condiciones y ten\u00eda esperanza en poder lograrlo. Primero fueron sue\u00f1os, cierto, pero al entrar en el Athletic supe que, si llegaba al primer equipo, no pod\u00eda fallarles. Gracias a Dios, a mi esfuerzo y a rodearme de gente buena lo cumpl\u00ed y pude dar a mi entorno una vida mejor\u201d, dice I\u00f1aki.<\/p>\n\n\n\n<figure class=\"wp-block-image\"><img data-recalc-dims=\"1\" decoding=\"async\" src=\"https:\/\/i0.wp.com\/imagenes.elpais.com\/resizer\/v2\/TLJM5MMITNFMFFGGVXV3A5DO4A.jpg?w=640&#038;ssl=1\" alt=\"\u201cTenemos una gran responsabilidad frente a todos esos ni\u00f1os que sue\u00f1an con poder ser algo\u201d, dice I\u00f1aki Williams. \"\/><figcaption class=\"wp-element-caption\">\u201cTenemos una gran responsabilidad frente a todos esos ni\u00f1os que sue\u00f1an con poder ser algo\u201d, dice I\u00f1aki Williams. Vicens Gim\u00e9nez<\/figcaption><\/figure>\n\n\n\n<p>El f\u00edsico tambi\u00e9n empujaba. De eso se dio cuenta primero quien lo vio jugar en la calle con sus amigos y llam\u00f3 al timbre de su casa. Era un entrenador del equipo de f\u00fatbol del Club Nataci\u00f3n de Pamplona. A trav\u00e9s de una vecina que lo conoc\u00eda, convencieron a Mar\u00eda para que le dejara apuntarse all\u00ed. Despu\u00e9s pas\u00f3 al Pamplona y, de nuevo, un agente se interes\u00f3 por \u00e9l. A <a href=\"https:\/\/www.relevo.com\/futbol\/mercado-fichajes\/operacion-historica-manos-felix-tainta-20240718095156-nt.html\" target=\"_blank\" rel=\"noreferrer noopener\">F\u00e9lix Tainta<\/a>, todav\u00eda hoy a la vera de los dos hermanos, le sorprendi\u00f3 lo que \u2014estaba convencido de sobra\u2014 iba a marcar en el futuro la diferencia de aquel chaval en el mundo del f\u00fatbol: \u201cSu velocidad\u201d, asegura. \u201cEra un portento f\u00edsico, ten\u00eda carencias, pero sobresal\u00eda en algo que iba a distinguirlo totalmente de los dem\u00e1s: c\u00f3mo corr\u00eda\u201d. No se equivoc\u00f3. I\u00f1aki Williams tiene hoy el r\u00e9cord de velocidad en la liga. Lo marc\u00f3 por una carrera en que alcanz\u00f3 un pico de 35,7 kil\u00f3metros por hora el 9 de mayo de 2015 ante el Deportivo de La Coru\u00f1a.<\/p>\n\n\n\n<p>Tainta le entreg\u00f3 aquel d\u00eda una tarjeta y le dijo que quer\u00eda hablar con su madre. \u201cMe cost\u00f3 algo convencerla, pero soy muy perseverante y a la tercera conversaci\u00f3n consegu\u00ed que confiara en m\u00ed\u201d. Mar\u00eda lo recuerda, pero no sabe exactamente qu\u00e9 le cautiv\u00f3 de Tainta para trabajar con \u00e9l. \u201cFue mi instinto, por su manera de hablar supe que pod\u00eda fiarme de lo que dec\u00eda y as\u00ed ha sido hasta hoy. Ni \u00e9l nos iba a enga\u00f1ar ni yo, despu\u00e9s de lo que ha hecho por nosotros, iba a cambiarlo por nadie. Ahora somos familia\u201d.<\/p>\n\n\n\n<p>Mar\u00eda confi\u00f3 a Tainta los dos diamantes que hab\u00eda labrado y formado. Despu\u00e9s de convencer a la madre, \u00e9l quiso saber qu\u00e9 pod\u00eda esperar de I\u00f1aki: \u201cTuvimos una conversaci\u00f3n importante. Me impresion\u00f3 aquella seriedad y atenci\u00f3n en un chaval de 14 a\u00f1os. No parpadeaba, escuchaba con mucha concentraci\u00f3n, me impresion\u00f3 su madurez\u201d. Hablaron claro. I\u00f1aki se comprometi\u00f3 a trabajar a fondo para cumplir su sue\u00f1o con los pasos que aquel nuevo c\u00f3mplice en su vida le marcara y el agente prometi\u00f3 lanzarlo hacia arriba. Y as\u00ed lo hizo: \u201cDel Pamplona pas\u00f3 al Athletic con un contrato normalito en 2012. El dinero no nos parec\u00eda la prioridad. Lo fundamental para m\u00ed era que se formara como futbolista en Lezama, la escuela del Athletic\u201d, asegura Tainta.<\/p>\n\n\n\n<figure class=\"wp-block-image\"><img data-recalc-dims=\"1\" decoding=\"async\" src=\"https:\/\/i0.wp.com\/imagenes.elpais.com\/resizer\/v2\/L66EKKTREVCRXLYQ7OP25DRIPE.jpg?w=640&#038;ssl=1\" alt=\"I\u00f1aki, con su hermano, Nico, de un a\u00f1o en brazos. \"\/><figcaption class=\"wp-element-caption\">I\u00f1aki, con su hermano, Nico, de un a\u00f1o en brazos. Archivo personal de los hermanos<\/figcaption><\/figure>\n\n\n\n<p>No mucho m\u00e1s tarde, I\u00f1aki empez\u00f3 a acumular r\u00e9cords en categor\u00edas juveniles. De goles y de estad\u00edsticas. Su escalada result\u00f3 mete\u00f3rica. \u201cYo les dec\u00eda que marcar\u00eda \u00e9poca\u201d, recuerda hoy su representante. Algunos desconfiaban. Pero hoy nadie le quita la raz\u00f3n. No solo en registros deportivos, tambi\u00e9n en cuanto a razones simb\u00f3licas. Para un club cuyo mercado est\u00e1 delimitado y reducido al admitir solo a futbolistas nacidos en el Pa\u00eds Vasco o Navarra o de ascendencia vasca o navarra, antes de que I\u00f1aki llegara sus dirigentes no hab\u00edan pensado que, dentro de esa condici\u00f3n, alg\u00fan d\u00eda se encontrar\u00edan con personas de origen africano. \u201cEso los llev\u00f3 a replantearse l\u00edmites. Hoy juegan cuatro futbolistas de esa procedencia en el primer equipo [los otros dos son <a href=\"https:\/\/www.athletic-club.eus\/jugadores\/alvaro-djalo-dias-fernandes\" target=\"_blank\" rel=\"noreferrer noopener\">\u00c1lvaro Djal\u00f3<\/a> y<a href=\"https:\/\/www.athletic-club.eus\/jugadores\/adama-boiro-boiro\" target=\"_blank\" rel=\"noreferrer noopener\"> Adama Boiro<\/a>]\u201d.<\/p>\n\n\n\n<p>Adem\u00e1s, Tainta sab\u00eda que lo que realmente acabar\u00eda deslumbrando a los responsables de la entidad era la personalidad del chico: \u201cYo lo ten\u00eda claro. Adem\u00e1s de su figura deportiva, lo que les cautivar\u00eda ser\u00eda su car\u00e1cter\u201d. Hoy, I\u00f1aki luce uno de los cuatro brazaletes de capit\u00e1n rojiblanco, reservados estrictamente y por tradici\u00f3n a quienes m\u00e1s tiempo llevan en el equipo: en su caso, 10 a\u00f1os justos desde que debutara en diciembre de 2014 por orden de <a href=\"https:\/\/elpais.com\/noticias\/ernesto-valverde\/\" target=\"_blank\" rel=\"noreferrer noopener\">Ernesto Valverde<\/a>, el entrenador, ante el C\u00f3rdoba. En pocas cosas ha cambiado. \u201cAparte de romper registros, era una esponja. Esa manera de aprender, esas condiciones f\u00edsicas auguraban un 100% de \u00e9xito. Pero, adem\u00e1s, en lo que le insist\u00ed fue en dejar claro lo que a m\u00ed m\u00e1s me impresionaba: su forma de ser\u201d, asegura el representante.<\/p>\n\n\n\n<p>Hoy, tal como cuenta el escritor<a href=\"https:\/\/elpais.com\/autor\/galder-reguera-olabarri\/\" target=\"_blank\" rel=\"noreferrer noopener\"> Galder Reguera<\/a>, responsable de actividades en la Fundaci\u00f3n Athletic Club, \u201cI\u00f1aki es un ascendente en el vestuario. Lo que m\u00e1s valora nuestra afici\u00f3n es el esfuerzo. El talento se supone en todos los que llegan, pero la capacidad de sacrificio es lo que para los seguidores del equipo marca la diferencia porque es contagiosa. La habilidad natural es personal; el esfuerzo, si se transmite en el campo, deriva en algo colectivo. Y eso, I\u00f1aki, lo demuestra siempre\u201d.<\/p>\n\n\n\n<figure class=\"wp-block-image\"><img data-recalc-dims=\"1\" decoding=\"async\" src=\"https:\/\/i0.wp.com\/imagenes.elpais.com\/resizer\/v2\/K5KQ72Y7IVEYXHY3S3U2QCBKVI.jpg?w=640&#038;ssl=1\" alt=\"I\u00f1aki, con su primer traje del Athletic Club de Bilbao cuando ten\u00eda seis a\u00f1os.\"\/><figcaption class=\"wp-element-caption\">I\u00f1aki, con su primer traje del Athletic Club de Bilbao cuando ten\u00eda seis a\u00f1os.Archivo personal de los hermanos<\/figcaption><\/figure>\n\n\n\n<p>Se trata de una actitud que conecta con su experiencia dura y la conciencia clara, labrada en la dificultad, como confiesa I\u00f1aki Williams: \u201cLo que nos ha tocado vivir y lo que somos representa el ejemplo de miles de inmigrantes cuyos padres llegan a Espa\u00f1a despu\u00e9s de pasar penurias. Pero nosotros hemos tenido la mayor de las suertes. Poder disfrutar de lo que nos gusta desde peque\u00f1os. Por tanto, tenemos una gran responsabilidad frente a todos esos ni\u00f1os que sue\u00f1an con poder ser algo, convertirse en futbolistas o cualquier cosa a la que aspiren. Ante eso debemos representar un ejemplo de actitud, lucha y entrega. Nuestros padres nos dieron la oportunidad de tener una educaci\u00f3n, una casa, una manutenci\u00f3n que ellos no pudieron disfrutar y la hemos aprovechado\u201d.<\/p>\n\n\n\n<p>Nico Williams lo escucha y asiente mientras a\u00f1ade: \u201cNuestro caso representa bien lo que supone ese viaje de la inmigraci\u00f3n. Lo que conlleva de adaptaci\u00f3n y aceptaci\u00f3n. Podemos ser una voz que abra puertas al futuro\u201d. Sobre el suyo, pocos dudan de que crecer\u00e1 a\u00fan m\u00e1s. Despu\u00e9s de su explosi\u00f3n tras ganar la Copa del Rey y, sobre todo, en la Eurocopa con la selecci\u00f3n espa\u00f1ola, todo el continente anda detr\u00e1s de \u00e9l. Adem\u00e1s de la del Barcelona, ha rechazado ofertas del Chelsea, el Arsenal y el Paris Saint-Germain\u2026<\/p>\n\n\n\n<p>Ante el fen\u00f3meno, el Athletic renov\u00f3 su contrato con una cl\u00e1usula de 58 millones de euros y un sueldo cercano a los cinco. Quien lo quiera, tendr\u00e1 que pagar el total de esa cifra. Muchos clubes doblaban y hasta triplicaban la suma de su sueldo, pero ha decidido quedarse un a\u00f1o m\u00e1s: \u201cPasar\u00e1 lo que \u00e9l quiera que pase\u201d, dice su agente. \u201cEste verano revent\u00f3 y todo le vino en muy poco tiempo. Necesitaba cabeza fr\u00eda para pensar, prepararse psicol\u00f3gicamente para lo que le espere lejos de su entorno y su familia\u201d, asegura F\u00e9lix Tainta.<\/p>\n\n\n\n<p>El representante y su hermano le han sabido guiar en este momento crucial que atraviesa su carrera. \u201cHay que saber lo que uno quiere, yo estoy muy feliz aqu\u00ed\u201d, dice Nico. \u201cCreo que mi familia tambi\u00e9n. No ha sido una decisi\u00f3n f\u00e1cil, al final tienes que saber distinguir entre el precio y el valor de las cosas. Poner en una balanza lo que te importa de verdad. Esta vez escog\u00ed quedarme m\u00e1s tiempo con mi familia, con mis amigos, en Bilbao, en mi casa\u201d.<\/p>\n\n\n\n<p>I\u00f1aki solo le advirti\u00f3 una cosa: \u201cEs mi hermano y le ayudar\u00e9 en lo que me pida. De lo que le ocurre a \u00e9l me alegro tanto como si me pasara a m\u00ed. Este verano solo le dije: decidas lo que decidas, no te vayas a arrepentir al poco tiempo, no quer\u00eda que se quedara con la duda del y si\u2026, que no se dejara guiar por el ruido externo que pudiera hacerle creer que si no tomas la decisi\u00f3n correcta en ese momento te equivocas inexorablemente\u201d.<\/p>\n\n\n\n<figure class=\"wp-block-image\"><img data-recalc-dims=\"1\" decoding=\"async\" src=\"https:\/\/i0.wp.com\/imagenes.elpais.com\/resizer\/v2\/ETOMF4UEPRCQ5MBPSAWZKBWVFE.jpg?w=640&#038;ssl=1\" alt=\"Nico, con un bal\u00f3n y vestido con el traje del Club Deportivo Pamplona, donde empez\u00f3 en las categor\u00edas infantiles.\n\"\/><figcaption class=\"wp-element-caption\">Nico, con un bal\u00f3n y vestido con el traje del Club Deportivo Pamplona, donde empez\u00f3 en las categor\u00edas infantiles. Archivo personal de los hermanos<\/figcaption><\/figure>\n\n\n\n<p>No parece que haya sido as\u00ed vi\u00e9ndole jugar a piedra, papel y tijera con su hermano y sonriendo junto a \u00e9l y su madre mientras se toman las fotograf\u00edas. Tampoco al posar el pasado septiembre por las alfombras rojas del festival de San Sebasti\u00e1n, donde se estren\u00f3 <em>Los Williams<\/em>, y despu\u00e9s en la sala del BBK de Bilbao, en un pase al que acudieron casi todos sus compa\u00f1eros de equipo. \u201cImpresiona esto del cine, eh\u201d, cuenta I\u00f1aki.<\/p>\n\n\n\n<p>All\u00ed estaba tambi\u00e9n el director de la pel\u00edcula, Ra\u00fal de la Fuente, y las productoras Rosaura Romero y Marias Recarte, de la productora <a href=\"https:\/\/fremantle.es\/encerocoma\/\" target=\"_blank\" rel=\"noreferrer noopener\">Cero Coma<\/a>, y Amaia Rem\u00edrez, de <a href=\"https:\/\/kanakifilms.com\/en\" target=\"_blank\" rel=\"noreferrer noopener\">Kanaki Films<\/a>. De la Fuente lleva a\u00f1os inmerso en documentales que tratan la migraci\u00f3n y relacionados con una de sus obsesiones: \u00c1frica. En la historia de la familia Williams ve\u00eda un fil\u00f3n que contar y, tambi\u00e9n, una din\u00e1mica y una est\u00e9tica muy potentes. \u201cMe fascina lo que ambos provocan en ese aspecto, me parecen dos espadas atravesando el campo rival\u201d. Tambi\u00e9n entendi\u00f3 que resultaban fundamentales para tender un puente entre el continente africano y el Pa\u00eds Vasco: \u201cSon referentes legendarios para la gente que quiere buscarse la vida aqu\u00ed, con una historia genuina, ins\u00f3lita, nada normal\u201d.<\/p>\n\n\n\n<p>Se trata de un documental que, como advierte Amaia Rem\u00edrez, \u201cconfronta profundamente las brechas de desigualdad\u201d. Y asegura: \u201cEs algo para lo que a\u00fan, incluso despu\u00e9s de haberlo terminado, no tengo respuesta\u201d. La pel\u00edcula constata un buen pu\u00f1ado de luchas y desfallecimientos, rebosa dignidad y concluye con \u00e9xito. Efectivamente, nada normal. Una historia entre millones. Algo que sirva de inspiraci\u00f3n con la advertencia de que, a tanto, solo llegan muy pocos elegidos. \u201c\u00bfQu\u00e9 hubiera sido de ellos si sus padres no emprenden ese viaje?\u201d, se pregunta De la Fuente.<\/p>\n\n\n\n<p>Se habr\u00edan quedado all\u00ed y quiz\u00e1s vivir\u00edan de la pesca, como muchos ni\u00f1os en Ghana, conscientes de que, muchas veces, en el fondo del lago Volta y por los r\u00edos de aquel pa\u00eds, habita el diablo. Por Europa, ahora, anda en plena calle y a menudo en los campos de f\u00fatbol, encarnado en bestias racistas. Por eso tambi\u00e9n, la pel\u00edcula resulta ideal a la hora de utilizar el f\u00fatbol como pantalla para plantear retos calientes de la sociedad actual.<\/p>\n\n\n\n<p>El racismo les ha tocado a ambos de cerca. Pero ven su situaci\u00f3n como un espacio privilegiado para debilitarlo. \u201cEl f\u00fatbol es la mejor arma para combatirlo\u201d, cree Nico Williams. \u201cSe trata de un fen\u00f3meno mundial, lo sigue mucha gente y desde ah\u00ed se puede batallar en su contra. En la selecci\u00f3n, tanto yo como Lamine Yamal, que somos de procedencias distintas, afrontamos nuestra situaci\u00f3n y presumimos de color de piel con mucho orgullo, sabemos que podemos intentar frenarlo de alguna manera. El caso es luchar contra un mal que no deber\u00eda ocurrir en esta \u00e9poca y queremos hacerlo de la mejor manera posible para evitar que nadie lo sufra. A m\u00ed no me afecta tanto por ser Nico Williams, pero s\u00ed a otra gente m\u00e1s vulnerable. Ante ellos tenemos la responsabilidad de que se sientan m\u00e1s protegidos, mejor cuidados\u201d, a\u00f1ade.<\/p>\n\n\n\n<p>I\u00f1aki Williams incide en una <a href=\"https:\/\/elpais.com\/noticias\/ghana\/\" target=\"_blank\" rel=\"noreferrer noopener\">ambivalencia del fen\u00f3meno<\/a>: \u201cRepresenta una l\u00ednea fina para m\u00ed. M\u00e1s que racismo, creo que es, sobre todo, clasismo. Los negros que ganamos dinero estamos mejor vistos que los que venden en la calle. Todo va unido. El f\u00fatbol en ese sentido es un altavoz muy poderoso, los ni\u00f1os con referentes como nosotros no se fijan en nuestro color, simplemente les gusta c\u00f3mo jugamos y se ponen nuestra camiseta o la de Lamine\u2026 Podemos lograr as\u00ed que muchas visiones cambien\u201d, asegura.<\/p>\n\n\n\n<p>I\u00f1aki destaca c\u00f3mo las autoridades del f\u00fatbol afrontan los altercados en campos: \u201cYa se han tomado actuaciones en contra de acciones racistas con multas o la prohibici\u00f3n de entrar en los estadios. Es una buena soluci\u00f3n, aplicar castigos ante ese comportamiento. Si el mundo mirase hacia otro lado, volver\u00edamos a dar pasos atr\u00e1s en ese sentido. La liga lo est\u00e1 haciendo muy bien, dispuesta a curar la herida que aqu\u00ed se manifiesta como reflejo de la sociedad\u201d.<\/p>\n\n\n\n<figure class=\"wp-block-image\"><img data-recalc-dims=\"1\" decoding=\"async\" src=\"https:\/\/i0.wp.com\/imagenes.elpais.com\/resizer\/v2\/UGS3LLPIVNANRELX5OOLSNW7YU.jpg?w=640&#038;ssl=1\" alt=\"I\u00f1aki besa a su hermano, Nico, en una imagen de este a\u00f1o.\"\/><figcaption class=\"wp-element-caption\">I\u00f1aki besa a su hermano, Nico, en una imagen de este a\u00f1o.Archivo personal de los hermanos<\/figcaption><\/figure>\n\n\n\n<p>El mayor de los Williams contempla tambi\u00e9n preocupado el ascenso de la ultraderecha en Europa. \u201cEs una realidad y da que pensar. En gran parte se debe a la ignorancia, creo. La gente se queda con que la inmigraci\u00f3n representa un problema, cuando no lo es en absoluto. Y mucho menos el n\u00famero uno entre la ciudadan\u00eda. No sabr\u00eda c\u00f3mo atajar esa sensaci\u00f3n que muchos tienen, pero creo que el impulso sumado de las acciones de la buena gente y de quienes podamos combatirlo como altavoz deber\u00eda ayudar a dar pasos adelante en ese sentido, no atr\u00e1s. Denunciar, ser activos contra los discursos de la extrema derecha y el odio al diferente\u201d.<\/p>\n\n\n\n<p>No todo el mundo en ese \u00e1mbito anda dispuesto a comprometerse. La ley implacable de los juicios en las redes sociales abruma y coarta. Nico Williams lo sufri\u00f3 hace tiempo, a ra\u00edz de alg\u00fan fallo en el campo, y decidi\u00f3 salirse. Ahora se ha reconectado, despu\u00e9s de aprender a relativizar lo que all\u00ed se vierte. \u201cYo entiendo a quien quiera hablar y tambi\u00e9n a quienes callan porque te pueden caer muchos palos\u201d, asegura el hermano menor. \u201cLo dej\u00e9 y he vuelto. Ya no me afecta, pero lo hizo. Entonces era muy joven, no sab\u00eda c\u00f3mo actuar ante semejante avalancha. Ahora no me hace da\u00f1o lo que diga gente que no me interesa. Sobre todo, si te juzgan por ignorancia o por hacerte da\u00f1o. No debemos darles bombo. S\u00ed, en cambio, a la opini\u00f3n de quienes te importan, es m\u00e1s, esforzarnos por estar a la altura para ellos. No podemos gustar a todo el mundo, muchas veces los futbolistas sufrimos esa presi\u00f3n. Si pierdes un partido van a machacarte. Todos cometemos fallos, pero hay una l\u00ednea entre la cr\u00edtica constructiva y el insulto\u201d.<\/p>\n\n\n\n<p>Eso anda lejos de la alegr\u00eda y el sentido positivo de las cosas que ambos intentan transmitir. En el caso de Nico, como una marca muy evidente: \u201cNo soy consciente de que contagie tanta alegr\u00eda, pero me gusta que sea as\u00ed, soy feliz y lo notan, es normal\u201d. Causa furor. \u201cM\u00e1s con los churros esos que lleva en la cabeza y lo que llaman la atenci\u00f3n\u201d, se\u00f1ala su hermano.<\/p>\n\n\n\n<figure class=\"wp-block-image\"><img data-recalc-dims=\"1\" decoding=\"async\" src=\"https:\/\/i0.wp.com\/imagenes.elpais.com\/resizer\/v2\/FLULXDYTWBBCHCMCONJBZBF5FE.jpg?w=640&#038;ssl=1\" alt=\"I\u00f1aki (a la izquierda), Mar\u00eda, su madre, y Nico posan en la sede de la Fundaci\u00f3n BBK en Bilbao, donde se estren\u00f3 en la ciudad el documental 'Los Williams'.\"\/><figcaption class=\"wp-element-caption\">I\u00f1aki (a la izquierda), Mar\u00eda, su madre, y Nico posan en la sede de la Fundaci\u00f3n BBK en Bilbao, donde se estren\u00f3 en la ciudad el documental &#8216;Los Williams&#8217;.Vicens Gim\u00e9nez<\/figcaption><\/figure>\n\n\n\n<p>As\u00ed como I\u00f1aki se cruz\u00f3 en el camino de F\u00e9lix Tainta, a Nico, el agente pr\u00e1cticamente le ayud\u00f3 a criarse. Lo conoci\u00f3 junto a su hermano mayor y r\u00e1pidamente se dio cuenta de sus posibilidades: \u201cEs otro tipo de jugador, muy diferente a todo desde que empez\u00f3 a deslumbrar en las categor\u00edas inferiores del Pamplona, el club en el que tambi\u00e9n milit\u00f3 su hermano, y en Osasuna, despu\u00e9s. Su paso al Athletic estaba cantado, fue de lo m\u00e1s natural una vez sab\u00edan lo que significaba tener a un Williams en el equipo. Lo quisieron r\u00e1pido\u201d.<\/p>\n\n\n\n<p>Agradecidos est\u00e1n en el club, adem\u00e1s, por su decisi\u00f3n de quedarse un a\u00f1o m\u00e1s. As\u00ed lo admite Galder Reguera. Tambi\u00e9n que la llegada de los Williams a la instituci\u00f3n ha supuesto en esta \u00e9poca un revulsivo para la ciudad. Y un elemento social integrador: \u201cSe vio en la <a href=\"https:\/\/elpais.com\/deportes\/futbol\/2024-04-11\/la-celebracion-del-athletic-de-bilbao-con-la-gabarra-en-imagenes.html\" target=\"_blank\" rel=\"noreferrer noopener\">celebraci\u00f3n de la Copa del Rey con las banderas que ondearon aquel d\u00eda por la calle y acompa\u00f1ando la gabarra por la r\u00eda<\/a>. Las hab\u00eda de varios pa\u00edses del Magreb y de toda \u00c1frica. Era la primera vez que el colectivo inmigrante hac\u00eda tambi\u00e9n suya una victoria del Athletic\u201d.<\/p>\n\n\n\n<p><a href=\"https:\/\/elpais.com\/autor\/jesus-ruiz-mantilla\/#?rel=author_top\"><strong>Jes\u00fas Ruiz Mantilla<\/strong><\/a><\/p>\n\n\n\n<p>FOTO: I\u00f1aki (a la izquierda), Mar\u00eda, su madre, y Nico Williams.Vicens Gim\u00e9nez<\/p>\n\n\n\n<p><a href=\"https:\/\/elpais.com\/eps\/2024-11-03\/los-williams-mas-que-racismo-vemos-clasismo-los-negros-que-ganamos-dinero-estamos-mejor-vistos.html\">https:\/\/elpais.com\/eps\/2024-11-03\/los-williams-mas-que-racismo-vemos-clasismo-los-negros-que-ganamos-dinero-estamos-mejor-vistos.html<\/a><\/p>\n\n\n\n<p><a href=\"https:\/\/elpais.com\/autor\/jesus-ruiz-mantilla\/#?rel=author_top\"><\/a><\/p>\n","protected":false},"excerpt":{"rendered":"<p>En busca de la fortuna que se les negaba en su pa\u00eds, Ghana, los padres&#8230;<\/p>\n","protected":false},"author":1,"featured_media":72455,"comment_status":"closed","ping_status":"closed","sticky":false,"template":"","format":"standard","meta":{"_coblocks_attr":"","_coblocks_dimensions":"","_coblocks_responsive_height":"","_coblocks_accordion_ie_support":"","jetpack_post_was_ever_published":false,"_jetpack_newsletter_access":"","_jetpack_dont_email_post_to_subs":false,"_jetpack_newsletter_tier_id":0,"_jetpack_memberships_contains_paywalled_content":false,"_jetpack_memberships_contains_paid_content":false,"footnotes":"","jetpack_publicize_message":"","jetpack_publicize_feature_enabled":true,"jetpack_social_post_already_shared":true,"jetpack_social_options":{"image_generator_settings":{"template":"highway","default_image_id":0,"enabled":false},"version":2}},"categories":[1161,44,6937],"tags":[],"class_list":["post-72454","post","type-post","status-publish","format-standard","has-post-thumbnail","hentry","category-ciudadania","category-noticias-de-hoy","category-sociedad"],"jetpack_publicize_connections":[],"jetpack_featured_media_url":"https:\/\/i0.wp.com\/miradordeatarfe.es\/wp-content\/uploads\/2024\/11\/Screenshot-2024-11-03-at-20-33-05-Los-Williams-Mas-que-racismo-vemos-clasismo.-Los-negros-que-ganamos-dinero-estamos-mejor-vistos-EL-PAIS-Semanal-EL-PAIS.png?fit=1250%2C540&ssl=1","jetpack_likes_enabled":true,"jetpack_sharing_enabled":true,"_links":{"self":[{"href":"https:\/\/miradordeatarfe.es\/index.php?rest_route=\/wp\/v2\/posts\/72454","targetHints":{"allow":["GET"]}}],"collection":[{"href":"https:\/\/miradordeatarfe.es\/index.php?rest_route=\/wp\/v2\/posts"}],"about":[{"href":"https:\/\/miradordeatarfe.es\/index.php?rest_route=\/wp\/v2\/types\/post"}],"author":[{"embeddable":true,"href":"https:\/\/miradordeatarfe.es\/index.php?rest_route=\/wp\/v2\/users\/1"}],"replies":[{"embeddable":true,"href":"https:\/\/miradordeatarfe.es\/index.php?rest_route=%2Fwp%2Fv2%2Fcomments&post=72454"}],"version-history":[{"count":1,"href":"https:\/\/miradordeatarfe.es\/index.php?rest_route=\/wp\/v2\/posts\/72454\/revisions"}],"predecessor-version":[{"id":72456,"href":"https:\/\/miradordeatarfe.es\/index.php?rest_route=\/wp\/v2\/posts\/72454\/revisions\/72456"}],"wp:featuredmedia":[{"embeddable":true,"href":"https:\/\/miradordeatarfe.es\/index.php?rest_route=\/wp\/v2\/media\/72455"}],"wp:attachment":[{"href":"https:\/\/miradordeatarfe.es\/index.php?rest_route=%2Fwp%2Fv2%2Fmedia&parent=72454"}],"wp:term":[{"taxonomy":"category","embeddable":true,"href":"https:\/\/miradordeatarfe.es\/index.php?rest_route=%2Fwp%2Fv2%2Fcategories&post=72454"},{"taxonomy":"post_tag","embeddable":true,"href":"https:\/\/miradordeatarfe.es\/index.php?rest_route=%2Fwp%2Fv2%2Ftags&post=72454"}],"curies":[{"name":"wp","href":"https:\/\/api.w.org\/{rel}","templated":true}]}}