{"id":72457,"date":"2024-11-05T09:00:00","date_gmt":"2024-11-05T08:00:00","guid":{"rendered":"https:\/\/miradordeatarfe.es\/?p=72457"},"modified":"2024-11-05T09:39:04","modified_gmt":"2024-11-05T08:39:04","slug":"congreso-internacional-rafael-alberti-celebra-el-centenario-de-marinero-en-tierra","status":"publish","type":"post","link":"https:\/\/miradordeatarfe.es\/?p=72457","title":{"rendered":"Congreso Internacional Rafael Alberti Celebra el Centenario de \u00abMarinero en Tierra\u00bb"},"content":{"rendered":"\n<p class=\"has-medium-font-size\"><strong>Granada se prepara para recibir a acad\u00e9micos, poetas y cr\u00edticos literarios de todo el mundo con motivo del Congreso Internacional \u2018Rafael Alberti. Conmemoraci\u00f3n del Centenario de <em>Marinero en Tierra<\/em>, que se celebrar\u00e1 del 11 al 13 de noviembre de 2024. <\/strong><\/p>\n\n\n\n<p>Este encuentro busca rendir homenaje a una de las figuras m\u00e1s relevantes de la <strong>Generaci\u00f3n del 27<\/strong>.<\/p>\n\n\n\n<p>Si hay una figura indiscutible dentro de la Generaci\u00f3n del 27 aparte de Federico Garc\u00eda Lorca y Luis Cernuda, ese es Rafael Alberti. Gaditano universal comprometido con la justicia social, vivi\u00f3 en el exilio a ra\u00edz de la Guerra Civil espa\u00f1ola y, en la escalerilla del avi\u00f3n que lo devolvi\u00f3 a Espa\u00f1a el 27 de abril de 1977 explicit\u00f3: \u201cMe fui con el pu\u00f1o cerrado y vuelvo con la mano abierta\u201d. Alberti fue miembro de las cortes Constituyentes que hicieron la Constituci\u00f3n de 1978 mientras desarroll\u00f3 un activismo rotundo en defensa de la clase obrera.<\/p>\n\n\n\n<p>Pero, aparte de esta faceta, Rafael Alberti fue ante todo y, sobre todo, un escritor con un prestigio internacional inmenso y muy querido por la ciudadan\u00eda normal que llenaba teatros, plazas y salas all\u00ed donde acudiera.<\/p>\n\n\n\n<p>El evento coincide con el <strong>100\u00ba aniversario de la publicaci\u00f3n de <em>Marinero en Tierra<\/em><\/strong>, la obra que catapult\u00f3 a Alberti a la fama al ganar el <strong>Premio Nacional de Literatura<\/strong> en 1925. Se abordar\u00e1n temas clave de su obra, como el impacto de su etapa <strong>neopopularista<\/strong> y su influencia en el canon literario del siglo XX y XXI.<\/p>\n\n\n\n<p>Destacan en el programa las ponencias sobre la <strong>Generaci\u00f3n del 27<\/strong>, as\u00ed como el an\u00e1lisis de la relevancia de Alberti como poeta y activista pol\u00edtico.<\/p>\n\n\n\n<p>Del 11 al 13 de noviembre, <strong>Granada<\/strong> ser\u00e1 el epicentro de la literatura contempor\u00e1nea con el <strong>Congreso Internacional \u2018Rafael Alberti. Conmemoraci\u00f3n del Centenario de *Marinero en Tierra\u2019<\/strong>. Este evento acad\u00e9mico reunir\u00e1 a destacadas figuras literarias para reflexionar sobre la trascendencia de Alberti en la cultura espa\u00f1ola y mundial.<\/p>\n\n\n\n<p>El congreso, que se desarrollar\u00e1 en la <strong>Universidad de Granada<\/strong>, es parte de las actividades programadas para conmemorar los <strong>25 a\u00f1os del fallecimiento de Alberti<\/strong>. Adem\u00e1s de las conferencias acad\u00e9micas, habr\u00e1 talleres y lecturas de poes\u00eda en la <strong>Biblioteca Provincial de Granada<\/strong>, abriendo el di\u00e1logo a la ciudadan\u00eda sobre el v\u00ednculo entre \u00e9tica y est\u00e9tica en la obra del poeta gaditano.<\/p>\n\n\n\n<p>El <strong>Congreso Internacional \u2018Rafael Alberti. Conmemoraci\u00f3n del Centenario de Marinero en Tierra\u2019<\/strong>  tendr\u00e1 como eje principal el impacto del poemario <em>Marinero en Tierra<\/em>, que lanz\u00f3 a <strong>Rafael Alberti<\/strong> a la fama tras ganar el <strong>I Premio Nacional de Literatura<\/strong> en 1925.<\/p>\n\n\n\n<p>El evento contar\u00e1 con mesas redondas y conferencias que analizar\u00e1n el contexto literario de la obra y su relevancia en la construcci\u00f3n de la <strong>Generaci\u00f3n del 27<\/strong>. Ponentes como <strong>Anna Caball\u00e9<\/strong>, <strong>Jaime Siles<\/strong> y <strong>Francisco Javier D\u00edez de Revenga<\/strong> explorar\u00e1n el nexo entre tradici\u00f3n popular y modernidad en la obra de Alberti, destacando la innovaci\u00f3n estil\u00edstica que marc\u00f3 el rumbo de la poes\u00eda espa\u00f1ola del siglo XX<\/p>\n\n\n\n<p>El evento coincide con el <strong>100\u00ba aniversario de la publicaci\u00f3n de <em>Marinero en Tierra<\/em><\/strong>, la obra que catapult\u00f3 a Alberti a la fama al ganar el <strong>Premio Nacional de Literatura<\/strong> en 1925. Se abordar\u00e1n temas clave de su obra, como el impacto de su etapa <strong>neopopularista<\/strong> y su influencia en el canon literario del siglo XX y XXI.<\/p>\n\n\n\n<p>Destacan en el programa las ponencias sobre la <strong>Generaci\u00f3n del 27<\/strong>, as\u00ed como el an\u00e1lisis de la relevancia de Alberti como poeta y activista pol\u00edtico.<\/p>\n\n\n\n<p>PROGRAMA: <a href=\"https:\/\/rafaelalberticongreso.com\/programa\/\">https:\/\/rafaelalberticongreso.com\/programa\/<\/a><\/p>\n\n\n\n<p>Participantes en el Congreso:  <a href=\"https:\/\/rafaelalberticongreso.com\/participantes\/\">https:\/\/rafaelalberticongreso.com\/participantes\/<\/a><\/p>\n\n\n\n<p>INSCRIPCI\u00d3N: <a href=\"https:\/\/rafaelalberticongreso.com\/inscripcion\/\">https:\/\/rafaelalberticongreso.com\/inscripcion\/<\/a><\/p>\n\n\n\n\n","protected":false},"excerpt":{"rendered":"<p>Granada se prepara para recibir a acad\u00e9micos, poetas y cr\u00edticos literarios de todo el mundo&#8230;<\/p>\n","protected":false},"author":1,"featured_media":72458,"comment_status":"closed","ping_status":"closed","sticky":false,"template":"","format":"standard","meta":{"_coblocks_attr":"","_coblocks_dimensions":"","_coblocks_responsive_height":"","_coblocks_accordion_ie_support":"","jetpack_post_was_ever_published":false,"_jetpack_newsletter_access":"","_jetpack_dont_email_post_to_subs":false,"_jetpack_newsletter_tier_id":0,"_jetpack_memberships_contains_paywalled_content":false,"_jetpack_memberships_contains_paid_content":false,"footnotes":"","jetpack_publicize_message":"","jetpack_publicize_feature_enabled":true,"jetpack_social_post_already_shared":false,"jetpack_social_options":{"image_generator_settings":{"template":"highway","default_image_id":0,"enabled":false},"version":2}},"categories":[1161,10781,44],"tags":[],"class_list":["post-72457","post","type-post","status-publish","format-standard","has-post-thumbnail","hentry","category-ciudadania","category-granada","category-noticias-de-hoy"],"jetpack_publicize_connections":[],"jetpack_featured_media_url":"https:\/\/i0.wp.com\/miradordeatarfe.es\/wp-content\/uploads\/2024\/11\/04BIOMBO_sin-bordes.png?fit=1426%2C1749&ssl=1","jetpack_likes_enabled":true,"jetpack_sharing_enabled":true,"_links":{"self":[{"href":"https:\/\/miradordeatarfe.es\/index.php?rest_route=\/wp\/v2\/posts\/72457","targetHints":{"allow":["GET"]}}],"collection":[{"href":"https:\/\/miradordeatarfe.es\/index.php?rest_route=\/wp\/v2\/posts"}],"about":[{"href":"https:\/\/miradordeatarfe.es\/index.php?rest_route=\/wp\/v2\/types\/post"}],"author":[{"embeddable":true,"href":"https:\/\/miradordeatarfe.es\/index.php?rest_route=\/wp\/v2\/users\/1"}],"replies":[{"embeddable":true,"href":"https:\/\/miradordeatarfe.es\/index.php?rest_route=%2Fwp%2Fv2%2Fcomments&post=72457"}],"version-history":[{"count":3,"href":"https:\/\/miradordeatarfe.es\/index.php?rest_route=\/wp\/v2\/posts\/72457\/revisions"}],"predecessor-version":[{"id":72461,"href":"https:\/\/miradordeatarfe.es\/index.php?rest_route=\/wp\/v2\/posts\/72457\/revisions\/72461"}],"wp:featuredmedia":[{"embeddable":true,"href":"https:\/\/miradordeatarfe.es\/index.php?rest_route=\/wp\/v2\/media\/72458"}],"wp:attachment":[{"href":"https:\/\/miradordeatarfe.es\/index.php?rest_route=%2Fwp%2Fv2%2Fmedia&parent=72457"}],"wp:term":[{"taxonomy":"category","embeddable":true,"href":"https:\/\/miradordeatarfe.es\/index.php?rest_route=%2Fwp%2Fv2%2Fcategories&post=72457"},{"taxonomy":"post_tag","embeddable":true,"href":"https:\/\/miradordeatarfe.es\/index.php?rest_route=%2Fwp%2Fv2%2Ftags&post=72457"}],"curies":[{"name":"wp","href":"https:\/\/api.w.org\/{rel}","templated":true}]}}