{"id":7246,"date":"2016-03-04T09:00:07","date_gmt":"2016-03-04T09:00:07","guid":{"rendered":"http:\/\/miradordeatarfe.es\/?p=7246"},"modified":"2016-03-27T10:33:51","modified_gmt":"2016-03-27T10:33:51","slug":"el-teatro-y-la-ciencia-se-dan-la-mano-para-proteger-a-la-mariposa-de-sierra-elvira","status":"publish","type":"post","link":"https:\/\/miradordeatarfe.es\/?p=7246","title":{"rendered":"El teatro , la ciencia y alumnado del CEIP MEDINA ELVIRA Y ATALAYA se dan la mano para proteger a la mariposa de Sierra Elvira"},"content":{"rendered":"<div>Por fin el d\u00eda ha llegado, esta ma\u00f1ana en el Centro Cultural Medina Elvira se ha estrenado \u2018La ni\u00f1a de Sierra Elvira\u2019. La obra de teatro que la compa\u00f1\u00eda de la Asociaci\u00f3n Cultural Ciudad de Atarfe ha preparado dentro del programa de actividades enmarcadas en el proyecto \u2018<a href=\"http:\/\/somosbiodiversidadatarfe.blogspot.com.es\/\">Somos Biodiversidad Atarfe<\/a>\u2018 que han puesto en marcha los centros atarfe\u00f1os <strong>MEDINA ELVIRA Y ATALAYA<\/strong><\/div>\n<p><!--more--><\/p>\n<div><\/div>\n<div class=\"separator\"><a href=\"https:\/\/i0.wp.com\/1.bp.blogspot.com\/-5tiY19AOtHY\/VtdlKH3bpyI\/AAAAAAAABrc\/SA844E4HoD0\/s1600\/DSC02114.JPG\"><img data-recalc-dims=\"1\" loading=\"lazy\" decoding=\"async\" class=\"aligncenter\" src=\"https:\/\/i0.wp.com\/1.bp.blogspot.com\/-5tiY19AOtHY\/VtdlKH3bpyI\/AAAAAAAABrc\/SA844E4HoD0\/s640\/DSC02114.JPG?resize=349%2C232&#038;ssl=1\" alt=\"\" width=\"349\" height=\"232\" border=\"0\" \/><\/a><\/div>\n<div><\/div>\n<div><\/div>\n<div>Nueve actores de esta compa\u00f1\u00eda han dado vida a varias de las especies de mariposas que est\u00e1n presentes en la localidad. La mariposa Maca\u00f3n (<i>Papilio macaon<\/i>), la Blanquita de la col (<i>Pieris rapae<\/i>), la mariposa Sof\u00eda (<i>Issoria lathonia<\/i>), la mariposa Podalirio (<i>Iphiclides feisthamelii<\/i>) y, por supuesto, la ni\u00f1a de Sierra Elvira (<i>Plebejus hespericus<\/i>) han sido las protagonistas de esta representaci\u00f3n, que durante dos sesiones de 45 minutos han explicado a m\u00e1s de 400 alumnos del CEIP Atalaya y del CEIP Medina Elvira la importancia de proteger el entorno y su h\u00e1bitat, para as\u00ed preservar la biodiversidad de este grupo de organismos, que se caracterizan no solo por los espectaculares patrones y colores de sus alas, sino tambi\u00e9n por la especificidad de la dieta de sus fases larvarias, las orugas.<\/div>\n<div><\/div>\n<div class=\"separator\"><a href=\"https:\/\/i0.wp.com\/3.bp.blogspot.com\/-AM4VyI4WPu4\/VtdmckgPizI\/AAAAAAAABro\/sOg9AA1n-hs\/s1600\/DSC02099.JPG?ssl=1\"><img data-recalc-dims=\"1\" loading=\"lazy\" decoding=\"async\" class=\"aligncenter\" src=\"https:\/\/i0.wp.com\/3.bp.blogspot.com\/-AM4VyI4WPu4\/VtdmckgPizI\/AAAAAAAABro\/sOg9AA1n-hs\/s640\/DSC02099.JPG?resize=338%2C225&#038;ssl=1\" alt=\"\" width=\"338\" height=\"225\" border=\"0\" \/><\/a><\/div>\n<p>La <strong>Escuela Municipal de Teatro<\/strong> ha estrenado hoy en el Centro Cultural Medina Elvira la obra teatral <em>La ni\u00f1a de Sierra Elvira<\/em>, nombre con el \u00a0que se conoce a una mariposa aut\u00f3ctona en peligro de extinci\u00f3n que est\u00e1 siendo motivo de estudio en las aulas de distintos colegios del municipio gracias al proyecto cient\u00edfico <a class=\"enlaces_contenidos\" href=\"http:\/\/somosbiodiversidadatarfe.blogspot.com.es\/\" target=\"_blank\"><strong>Somos Biodiversidad Atarfe<\/strong><\/a>, que promueve la\u00a0<a class=\"enlaces_contenidos\" href=\"https:\/\/fundaciondescubre.es\/\" target=\"_blank\"><strong>Fundaci\u00f3n Descubre<\/strong><\/a>\u00a0a trav\u00e9s del programa <em>Andaluc\u00eda, mejor con Ciencia<\/em>.<\/p>\n<div class=\"separator\"><a href=\"https:\/\/i0.wp.com\/3.bp.blogspot.com\/-gBn58KbbN90\/VtdmWz4znTI\/AAAAAAAABrk\/EnZyY8h78kE\/s1600\/DSC02110.JPG?ssl=1\"><img data-recalc-dims=\"1\" loading=\"lazy\" decoding=\"async\" class=\"aligncenter\" src=\"https:\/\/i0.wp.com\/3.bp.blogspot.com\/-gBn58KbbN90\/VtdmWz4znTI\/AAAAAAAABrk\/EnZyY8h78kE\/s640\/DSC02110.JPG?resize=406%2C270&#038;ssl=1\" alt=\"\" width=\"406\" height=\"270\" border=\"0\" \/><\/a><\/div>\n<div>Durante la ma\u00f1ana del mi\u00e9rcoles, unos 400 alumnos de Infantil y Primaria de los <strong>centros p\u00fablicos Atalaya y Medina Elvira<\/strong> han desfilado por el auditorio del centro cultural para asistir a la presentaci\u00f3n de una obra que \u201cpretende concienciar sobre la necesidad de cuidar y conservar nuestro entorno natural para evitar la desaparici\u00f3n de nuestras especies\u201d, ha explicado la concejal de Medio Ambiente del Ayuntamiento de Atarfe, <strong>Gloria Casado<\/strong>.<\/div>\n<div><\/div>\n<div>La ni\u00f1a del astr\u00e1galo (<em>Plebejus hespericus<\/em>), en Atarfe conocida como Ni\u00f1a de Sierra Elvira, est\u00e1 catalogada como una especie de mariposa muy escasa y amenazada.<\/div>\n<div><\/div>\n<div class=\"separator\"><a href=\"https:\/\/i0.wp.com\/1.bp.blogspot.com\/-gOOs1iwEmwU\/VtdnSu8FUKI\/AAAAAAAABrs\/2BWg6MHEMsg\/s1600\/DSC02125.JPG?ssl=1\"><img data-recalc-dims=\"1\" loading=\"lazy\" decoding=\"async\" class=\"aligncenter\" src=\"https:\/\/i0.wp.com\/1.bp.blogspot.com\/-gOOs1iwEmwU\/VtdnSu8FUKI\/AAAAAAAABrs\/2BWg6MHEMsg\/s640\/DSC02125.JPG?resize=343%2C228&#038;ssl=1\" alt=\"\" width=\"343\" height=\"228\" border=\"0\" \/><\/a><\/div>\n<p>Durante el proyecto el alumnado participante ha colaborado activamente en la mejora de la biodiversidad de este grupo de artr\u00f3podos sembrando distintas plantas productoras de nectar en los parques urbanos para favorecer su presencia.<\/p>\n<div class=\"separator\"><a href=\"https:\/\/i0.wp.com\/4.bp.blogspot.com\/-PGgSh_cPbTI\/VtdncUe6z0I\/AAAAAAAABrw\/F_EU30pKF_g\/s1600\/DSC02128.JPG?ssl=1\"><img data-recalc-dims=\"1\" loading=\"lazy\" decoding=\"async\" class=\"aligncenter\" src=\"https:\/\/i0.wp.com\/4.bp.blogspot.com\/-PGgSh_cPbTI\/VtdncUe6z0I\/AAAAAAAABrw\/F_EU30pKF_g\/s640\/DSC02128.JPG?resize=308%2C205&#038;ssl=1\" alt=\"\" width=\"308\" height=\"205\" border=\"0\" \/><\/a><\/div>\n<div>El proyecto Somos Biodiversidad Atarfe es de especial importancia para la localidad, ya que favorece que la comunidad atarfe\u00f1a conozca uno de sus patrimonios naturales m\u00e1s emblem\u00e1tico, la ni\u00f1a de Sierra Elvira, especie incluida en el Libro Rojo de los Invertebrados amenazados de Andaluc\u00eda y cuyas orugas se alimentan exclusivamente de las hojas del astragalo (<i>Astragalus alopecuroides<\/i>), planta arbustiva presente en otras zonas de la comunidad andaluza pero que se encuentra en clara regresi\u00f3n en Sierra Elvira.<\/div>\n<div><\/div>\n<div class=\"separator\"><a href=\"https:\/\/i0.wp.com\/2.bp.blogspot.com\/-theypUBc8jw\/Vtdnf5QDraI\/AAAAAAAABr0\/6HSs5zBwpPA\/s1600\/DSC02133.JPG?ssl=1\"><img data-recalc-dims=\"1\" loading=\"lazy\" decoding=\"async\" class=\"aligncenter\" src=\"https:\/\/i0.wp.com\/2.bp.blogspot.com\/-theypUBc8jw\/Vtdnf5QDraI\/AAAAAAAABr0\/6HSs5zBwpPA\/s640\/DSC02133.JPG?resize=397%2C264&#038;ssl=1\" alt=\"\" width=\"397\" height=\"264\" border=\"0\" \/><\/a><\/div>\n<div>A lo largo de estos \u00faltimos meses, y gracias al proyecto <strong>Somos Biodiversidad Atarfe<\/strong>, los alumnos de los centros educativos antes citados han desarrollado varias acciones para proteger el h\u00e1bitat de esta especie en colaboraci\u00f3n con la Concejal\u00eda de Medio Ambiente. \u201cEl alumnado ha hecho un trabajo fant\u00e1stico y ha conseguido llenar los parques de biodiversidad, tanto flora como su fauna asociada\u201d, aseguran los profesores encargados de coordinar el proyecto. Los escolares no s\u00f3lo han profundizado en el estudio de las mariposas sino que tambi\u00e9n han contribuido a mejorar su h\u00e1bitat con la siembra en parques p\u00fablicos de plantas arom\u00e1ticas que les sirven de alimento.<\/div>\n<div><\/div>\n<div class=\"separator\"><a href=\"https:\/\/i0.wp.com\/4.bp.blogspot.com\/-Bc6cjRRd_cM\/VtdnxJcTEHI\/AAAAAAAABr4\/uVxe9iD7Uck\/s1600\/DSC02153.JPG?ssl=1\"><img data-recalc-dims=\"1\" loading=\"lazy\" decoding=\"async\" class=\"aligncenter\" src=\"https:\/\/i0.wp.com\/4.bp.blogspot.com\/-Bc6cjRRd_cM\/VtdnxJcTEHI\/AAAAAAAABr4\/uVxe9iD7Uck\/s640\/DSC02153.JPG?resize=400%2C266&#038;ssl=1\" alt=\"\" width=\"400\" height=\"266\" border=\"0\" \/><\/a><\/div>\n<div><\/div>\n<div>\n<div>La representaci\u00f3n de la obra teatral, dirigida por <strong>V\u00edctor Rivera<\/strong> e interpretada por actores y actrices de la Escuela Municipal de Teatro, creadores tambi\u00e9n de la escenograf\u00eda, forma parte de la \u00faltima fase del proyecto cient\u00edfico enfocado m\u00e1s a la divulgaci\u00f3n y a la necesidad de sensibilizar a toda la poblaci\u00f3n sobre la necesidad de respetar nuestro entorno natural. En la puesta en escena han participado los propios alumnos que, junto a los actores, han lanzado mensajes en defensa de nuestra sierra y de las especies que lo habitan.<\/div>\n<div><\/div>\n<div>La obra tambi\u00e9n ha sido posible gracias a la colaboraci\u00f3n del asesor cient\u00edfico del proyecto,<strong> Javier Olivares<\/strong>, y del coordinador del programa, <strong>Jos\u00e9 Manuel Poquet<\/strong>.<\/div>\n<div><\/div>\n<div><a class=\"enlaces_contenidos\" href=\"https:\/\/andaluciamejorconciencia.fundaciondescubre.es\/\" target=\"_blank\"><strong><em>[Andaluc\u00eda], mejor con Ciencia<\/em><\/strong><\/a>\u00a0es el programa de la Fundaci\u00f3n Descubre destinado a involucrar a comunidades para que trabajen en resolver un problema local con fundamentos cient\u00edficos. Est\u00e1 cofinanciado por la\u00a0<a class=\"enlaces_contenidos\" href=\"http:\/\/www.fecyt.es\/\" target=\"_blank\"><strong>Fundaci\u00f3n Espa\u00f1ola para la Ciencia y Tecnolog\u00eda, FECYT<\/strong><\/a>\u00a0y la Consejer\u00eda de Econom\u00eda y Conocimiento de la Junta de Andaluc\u00eda.<\/div>\n<div>\u00a0Con esta representaci\u00f3n se ha reforzado el trabajo realizado por los distintos agentes sociales durante estos meses de proyecto y ha supuesto un estupendo colof\u00f3n a un proyecto muy ambicioso.<\/div>\n<\/div>\n","protected":false},"excerpt":{"rendered":"<p>Por fin el d\u00eda ha llegado, esta ma\u00f1ana en el Centro Cultural Medina Elvira se&#8230;<\/p>\n","protected":false},"author":1,"featured_media":7247,"comment_status":"closed","ping_status":"closed","sticky":false,"template":"","format":"standard","meta":{"_coblocks_attr":"","_coblocks_dimensions":"","_coblocks_responsive_height":"","_coblocks_accordion_ie_support":"","jetpack_post_was_ever_published":false,"_jetpack_newsletter_access":"","_jetpack_dont_email_post_to_subs":false,"_jetpack_newsletter_tier_id":0,"_jetpack_memberships_contains_paywalled_content":false,"_jetpack_memberships_contains_paid_content":false,"footnotes":"","jetpack_publicize_message":"","jetpack_publicize_feature_enabled":true,"jetpack_social_post_already_shared":false,"jetpack_social_options":{"image_generator_settings":{"template":"highway","default_image_id":0,"enabled":false},"version":2}},"categories":[2,187,44,15],"tags":[],"class_list":["post-7246","post","type-post","status-publish","format-standard","has-post-thumbnail","hentry","category-atarfe","category-centros-educativos","category-noticias-de-hoy","category-ultimas-noticias"],"jetpack_publicize_connections":[],"jetpack_featured_media_url":"https:\/\/i0.wp.com\/miradordeatarfe.es\/wp-content\/uploads\/2016\/03\/1508_1835_20160302194825.jpg?fit=442%2C250&ssl=1","jetpack_likes_enabled":true,"jetpack_sharing_enabled":true,"_links":{"self":[{"href":"https:\/\/miradordeatarfe.es\/index.php?rest_route=\/wp\/v2\/posts\/7246","targetHints":{"allow":["GET"]}}],"collection":[{"href":"https:\/\/miradordeatarfe.es\/index.php?rest_route=\/wp\/v2\/posts"}],"about":[{"href":"https:\/\/miradordeatarfe.es\/index.php?rest_route=\/wp\/v2\/types\/post"}],"author":[{"embeddable":true,"href":"https:\/\/miradordeatarfe.es\/index.php?rest_route=\/wp\/v2\/users\/1"}],"replies":[{"embeddable":true,"href":"https:\/\/miradordeatarfe.es\/index.php?rest_route=%2Fwp%2Fv2%2Fcomments&post=7246"}],"version-history":[{"count":4,"href":"https:\/\/miradordeatarfe.es\/index.php?rest_route=\/wp\/v2\/posts\/7246\/revisions"}],"predecessor-version":[{"id":7251,"href":"https:\/\/miradordeatarfe.es\/index.php?rest_route=\/wp\/v2\/posts\/7246\/revisions\/7251"}],"wp:featuredmedia":[{"embeddable":true,"href":"https:\/\/miradordeatarfe.es\/index.php?rest_route=\/wp\/v2\/media\/7247"}],"wp:attachment":[{"href":"https:\/\/miradordeatarfe.es\/index.php?rest_route=%2Fwp%2Fv2%2Fmedia&parent=7246"}],"wp:term":[{"taxonomy":"category","embeddable":true,"href":"https:\/\/miradordeatarfe.es\/index.php?rest_route=%2Fwp%2Fv2%2Fcategories&post=7246"},{"taxonomy":"post_tag","embeddable":true,"href":"https:\/\/miradordeatarfe.es\/index.php?rest_route=%2Fwp%2Fv2%2Ftags&post=7246"}],"curies":[{"name":"wp","href":"https:\/\/api.w.org\/{rel}","templated":true}]}}