{"id":72463,"date":"2024-11-05T11:00:22","date_gmt":"2024-11-05T10:00:22","guid":{"rendered":"https:\/\/miradordeatarfe.es\/?p=72463"},"modified":"2024-11-05T12:32:19","modified_gmt":"2024-11-05T11:32:19","slug":"atarfe-proyeccion-del-documental-de-jorge-puche-lebrija-memoria-y-olvido","status":"publish","type":"post","link":"https:\/\/miradordeatarfe.es\/?p=72463","title":{"rendered":"ATARFE: PROYECCI\u00d3N DEL DOCUMENTAL DE JORGE PUCHE \u00abLebrija Memoria y Olvido\u00bb"},"content":{"rendered":"\n<p class=\"has-medium-font-size\"><strong>Esta proyecci\u00f3n  tendr\u00e1 lugar en ATARFE en el Centro Cultural Medina Elvira el pr\u00f3ximo 8 de Noviembre de 2024 a las 18h <\/strong><\/p>\n\n\n\n<p>QUEIPO DE LLANO&nbsp;<\/p>\n\n\n\n\n\n\n\n<p><strong>\u201418 de julio: \u00ab\u00a1Sevillanos! La suerte est\u00e1 echada y decidida por nosotros y es in\u00fatil que la canalla resista y produzca esa algarab\u00eda de gritos y tiros que o\u00eds por todas partes. Tropas del Tercio y Regulares se encuentran ya camino de Sevilla y, en cuanto lleguen, esos alborotadores ser\u00e1n cazados como alima\u00f1as. \u00a1Viva Espa\u00f1a!\u00bb.<\/strong><\/p>\n\n\n\n<p>A mediod\u00eda, una fuerza compuesta por doce miembros de guardias civiles y carabineros, bajo las \u00f3rdenes del Oficial y Jefe de L\u00ednea de la Guardia Civil, Fernando Velasco Olmo, ocupa el Ayuntamiento de Lebrija sin resistencias e inmediatamente da un Bando, que dice textualmente:&nbsp;<\/p>\n\n\n\n<p><em>\u00abHago saber: Que habi\u00e9ndome hecho cargo de la Alcald\u00eda, y con arreglo a lo dispuesto en la vigente Ley de Orden P\u00fablico, estoy dispuesto a reprimir, sin contemplaci\u00f3n alguna, cualquier desorden o desm\u00e1n que pueda producirse.&nbsp;<\/em><\/p>\n\n\n\n<p><em>Quedan terminantemente prohibidos los grupos de ciudadanos en la v\u00eda p\u00fablica, as\u00ed como toda clase de manifestaciones y reuniones. Ordeno a los patronos laborales que, sin p\u00e9rdida de tiempo, procedan al acomodo del personal necesario para realizar las faenas de siega, trilla, etc\u00e9tera, que a\u00fan se encuentran pendientes.&nbsp;<\/em><\/p>\n\n\n\n<p><em>Y aconsejo a los obreros en general, su vuelta al trabajo, pues, no estoy dispuesto a tolerar coacciones de ning\u00fan g\u00e9nero.&nbsp;<\/em><\/p>\n\n\n\n<p><em>Requiero a los vecinos de esta localidad que se han apoderado de armas, en los campos y en los domicilios particulares, para que en un plazo de seis horas las entreguen en este Ayuntamiento, advirtiendo, que a los que transcurrido este plazo no hayan cumplimentado esta orden, se les aplicaran las sanciones pertinentes.&nbsp;<\/em><\/p>\n\n\n\n<p><em>Todos los establecimientos, con excepci\u00f3n de bodegas y tabernas, quedar\u00e1n abiertos al p\u00fablico en el plazo de una hora, desde la fijaci\u00f3n de este Bando, siendo severamente castigados los comerciantes desobedientes.&nbsp;<\/em><\/p>\n\n\n\n<p><em>Invito al vecindario para que le con toda tranquililidad acuda a sus obligaciones, sin temor a circular por las calles de la ciudad, en las que estoy dispuesto a mantener el orden y el respeto ciudadano a todo trance.<\/em><\/p>\n\n\n\n<p>Lebrija, 24 de julio de 1936.<\/p>\n\n\n\n<p class=\"has-large-font-size\"><a href=\"https:\/\/drive.google.com\/file\/d\/1LxNX95iHvzNizYfEPjxauzmi1t3o8NZn\/view?usp=drive_link\">https:\/\/drive.google.com\/file\/d\/1LxNX95iHvzNizYfEPjxauzmi1t3o8NZn\/view?usp=drive_link<\/a><\/p>\n\n\n\n<p>A la abuela se la llevaron acusada de leer peri\u00f3dicos de \u201crojos\u201d, un comentario est\u00fapido, un chivatazo homicida, un maldito cotilleo sin base alguna. La abuela cog\u00eda peri\u00f3dicos viejos para envolver el pescado, sin reparar en que fuese el Mundo Obrero o el ABC. La abuela no sab\u00eda leer. Se la llevaron, y nunca m\u00e1s se volvi\u00f3 a saber de ella.<\/p>\n\n\n\n<p>Este es uno de los testimonios que recoge el documental<strong> \u201cLebrija. Memoria y Olvido\u201d dirigido por <a href=\"https:\/\/www.facebook.com\/jorge.rodriguezpuche?__cft__[0]=AZVq0xVZB_PyE4wzlmqAScVr6EN0j5e5j6YHX5FRVvZYR7Tm8zVaDbcMot2Bn7y6JLtU0f3jeYn-D-9jIEpTFSiJD-LKr_tIrskixgJLQjhQFWUMt7MI2CblQCuu6W0MUK6f_OUirD5MsiJyelWIP7JiotsugYvXNnyaZKDrShqFNA&amp;__tn__=-]K-R\">Jorge Rodr\u00edguez Puche<\/a>,<\/strong> que se estren\u00f3 en el teatro Juan Bernab\u00e9 de <a href=\"https:\/\/www.facebook.com\/hashtag\/lebrija?__eep__=6&amp;__cft__[0]=AZVq0xVZB_PyE4wzlmqAScVr6EN0j5e5j6YHX5FRVvZYR7Tm8zVaDbcMot2Bn7y6JLtU0f3jeYn-D-9jIEpTFSiJD-LKr_tIrskixgJLQjhQFWUMt7MI2CblQCuu6W0MUK6f_OUirD5MsiJyelWIP7JiotsugYvXNnyaZKDrShqFNA&amp;__tn__=*NK-R\">#Lebrija<\/a>. A rebosar de gente, de lebrijanas y lebrijanos a los que le fueron arrebatados los suyos para no volver saber de ellos.<\/p>\n\n\n\n<p> <strong>Esta proyecci\u00f3n que tendr\u00e1 lugar en ATARFE en el Centro Cultusal Medina ELvira el pr\u00f3ximo 8 de Noviembre de 2024 a las 16h <\/strong>te har\u00e1 salir emocionado de la proyecci\u00f3n, hace fresco en la calle, te alejas del bullicio del centro, y andas por las calles tranquilas donde un d\u00eda, no hace mucho, los fascistas, los franquistas, organizaron las sacas de ciudadanos libres, inocentes, gente del pueblo, que fue arrastrada de sus casas, subidos a un cami\u00f3n y fusiladas en los alrededores, sin m\u00e1s.Un disparo en el pecho, un tiro \u2013de gracia lo llaman- seco en la cabeza, y otra familia destrozada para siempre. Y sus cuerpos arrojados a fosas abiertas dios sabe donde.<\/p>\n\n\n\n<p>En Lebrija, como en otros tantos pueblos, no hubo guerra, hubo genocidio de gente, que el 23 de julio de 1936 trabajaba en los campos, en sus casas, en la escuela, o atend\u00eda su peque\u00f1o negocio, y que sin posibilidad alguna de defenderse fue arrastrada hasta la muerte. La vida se par\u00f3 ese d\u00eda para cientos de inocentes, y la de sus familias qued\u00f3 marcada para siempre.<\/p>\n\n\n\n<p>Ayer supimos los detalles, en un documental hermoso, potente, cuidado en sus im\u00e1genes, banda sonora, fotograf\u00eda y testimonios.A los que no mataron de un tiro, las mataron en vida para siempre: el saqueo de sus bienes, las humillaciones p\u00fablicas, el se\u00f1alamiento, dej\u00f3 a muchas mujeres con hijos peque\u00f1os sin un mendrugo que llevarles a la boca, una muerte en vida que las tuvo llorando de pena y rabia hasta el fin de sus d\u00edas.<\/p>\n\n\n\n<p>El documental es un trabajo enorme que cuenta con las actuaciones brillantes de mucha gente del pueblo, y un guion potente que mantiene el inter\u00e9s y la expectaci\u00f3n hasta el final.<\/p>\n\n\n\n<p>Enhorabuena a la <a href=\"https:\/\/www.facebook.com\/memoriahistoricalebrija?__cft__[0]=AZVq0xVZB_PyE4wzlmqAScVr6EN0j5e5j6YHX5FRVvZYR7Tm8zVaDbcMot2Bn7y6JLtU0f3jeYn-D-9jIEpTFSiJD-LKr_tIrskixgJLQjhQFWUMt7MI2CblQCuu6W0MUK6f_OUirD5MsiJyelWIP7JiotsugYvXNnyaZKDrShqFNA&amp;__tn__=-]K-R\">Asociaci\u00f3n por la Recuperaci\u00f3n de la Memoria Hist\u00f3rica de Lebrija<\/a> y a Jorge Puche  impulsores de este trabajo, que dejar\u00e1 para siempre testimonio de lo que aconteci\u00f3 en el pueblo aquellos d\u00edas posteriores al golpe de estado franquista que acab\u00f3 con las libertades y con la vida de tantas miles de personas inocentes. .<\/p>\n","protected":false},"excerpt":{"rendered":"<p>Esta proyecci\u00f3n tendr\u00e1 lugar en ATARFE en el Centro Cultural Medina Elvira el pr\u00f3ximo 8&#8230;<\/p>\n","protected":false},"author":1,"featured_media":72464,"comment_status":"closed","ping_status":"closed","sticky":false,"template":"","format":"standard","meta":{"_coblocks_attr":"","_coblocks_dimensions":"","_coblocks_responsive_height":"","_coblocks_accordion_ie_support":"","jetpack_post_was_ever_published":false,"_jetpack_newsletter_access":"","_jetpack_dont_email_post_to_subs":false,"_jetpack_newsletter_tier_id":0,"_jetpack_memberships_contains_paywalled_content":false,"_jetpack_memberships_contains_paid_content":false,"footnotes":"","jetpack_publicize_message":"","jetpack_publicize_feature_enabled":true,"jetpack_social_post_already_shared":true,"jetpack_social_options":{"image_generator_settings":{"template":"highway","default_image_id":0,"enabled":false},"version":2}},"categories":[2,186,44],"tags":[],"class_list":["post-72463","post","type-post","status-publish","format-standard","has-post-thumbnail","hentry","category-atarfe","category-instituciones","category-noticias-de-hoy"],"jetpack_publicize_connections":[],"jetpack_featured_media_url":"https:\/\/i0.wp.com\/miradordeatarfe.es\/wp-content\/uploads\/2024\/11\/Cartel-Presentacion-atarfe1-scaled.jpg?fit=1920%2C2560&ssl=1","jetpack_likes_enabled":true,"jetpack_sharing_enabled":true,"_links":{"self":[{"href":"https:\/\/miradordeatarfe.es\/index.php?rest_route=\/wp\/v2\/posts\/72463","targetHints":{"allow":["GET"]}}],"collection":[{"href":"https:\/\/miradordeatarfe.es\/index.php?rest_route=\/wp\/v2\/posts"}],"about":[{"href":"https:\/\/miradordeatarfe.es\/index.php?rest_route=\/wp\/v2\/types\/post"}],"author":[{"embeddable":true,"href":"https:\/\/miradordeatarfe.es\/index.php?rest_route=\/wp\/v2\/users\/1"}],"replies":[{"embeddable":true,"href":"https:\/\/miradordeatarfe.es\/index.php?rest_route=%2Fwp%2Fv2%2Fcomments&post=72463"}],"version-history":[{"count":3,"href":"https:\/\/miradordeatarfe.es\/index.php?rest_route=\/wp\/v2\/posts\/72463\/revisions"}],"predecessor-version":[{"id":72488,"href":"https:\/\/miradordeatarfe.es\/index.php?rest_route=\/wp\/v2\/posts\/72463\/revisions\/72488"}],"wp:featuredmedia":[{"embeddable":true,"href":"https:\/\/miradordeatarfe.es\/index.php?rest_route=\/wp\/v2\/media\/72464"}],"wp:attachment":[{"href":"https:\/\/miradordeatarfe.es\/index.php?rest_route=%2Fwp%2Fv2%2Fmedia&parent=72463"}],"wp:term":[{"taxonomy":"category","embeddable":true,"href":"https:\/\/miradordeatarfe.es\/index.php?rest_route=%2Fwp%2Fv2%2Fcategories&post=72463"},{"taxonomy":"post_tag","embeddable":true,"href":"https:\/\/miradordeatarfe.es\/index.php?rest_route=%2Fwp%2Fv2%2Ftags&post=72463"}],"curies":[{"name":"wp","href":"https:\/\/api.w.org\/{rel}","templated":true}]}}