{"id":72466,"date":"2024-11-05T10:30:00","date_gmt":"2024-11-05T09:30:00","guid":{"rendered":"https:\/\/miradordeatarfe.es\/?p=72466"},"modified":"2024-11-05T09:39:59","modified_gmt":"2024-11-05T08:39:59","slug":"atarfe-hoy-reunion-preparatoria-de-la-cabalgata-de-reyes-2025","status":"publish","type":"post","link":"https:\/\/miradordeatarfe.es\/?p=72466","title":{"rendered":"ATARFE: MA\u00d1ANA REUNI\u00d3N PREPARATORIA DE LA CABALGATA DE REYES 2025"},"content":{"rendered":"\n<p class=\"has-medium-font-size\"><strong>\u00bfTe gustar\u00eda formar parte de la pr\u00f3xima Cabalgata de Reyes de Atarfe? Ven HOY  a las 16h al Centro C\u00ecvico a la Reuni\u00f3n Informativa para conocer todos los detalles sobre c\u00f3mo participar en esta m\u00e1gica celebraci\u00f3n con tu propia carroza, pasacalles o combinando ambos.<\/strong><\/p>\n\n\n\n<p>El Ayuntamiento de Atarfe, con el objetivo de promover y potenciar la participaci\u00f3n ciudadana y establecer los requisitos para la correcta organizaci\u00f3n de la pr\u00f3xima edici\u00f3n de la Cabalgata de Reyes Magos, que tendr\u00e1 lugar el d\u00eda 5 de enero de 2025, ha elaborado las bases de la convocatoria para la concesi\u00f3n de ayudas por la participaci\u00f3n en la Cabalgata de Reyes 2025, con la finalidad de dar a conocer las pautas y condiciones para participar en ella y regular el funcionamiento de la organizaci\u00f3n y realizaci\u00f3n de la actividad.<br \/>La participaci\u00f3n en la Cabalgata de Reyes es gratuita. Las entidades, empresas o particulares optar\u00e1n a una subvenci\u00f3n del Ayuntamiento de Atarfe.<\/p>\n\n\n\n<p>Ser\u00e1n destinatarios de esta subvenci\u00f3n los Particulares, Asociaciones, entidades ciudadanas y colectivos, ONGs o empresas del municipio, legalmente constituidas y domiciliadas en Atarfe, que deseen participar en el evento.<\/p>\n\n\n\n<p> <strong>Fecha: Mi\u00e9rcoles, 6 de Noviembre<br \/> Hora: 18:00 horas<br \/> Lugar: Centro C\u00edvico de Atarfe<\/strong><\/p>\n\n\n\n<p>Esta es tu oportunidad de contribuir a una noche inolvidable para los m\u00e1s peque\u00f1os y llenar de ilusi\u00f3n las calles de Atarfe. \u00a1Te esperamos!<\/p>\n\n\n\n<figure class=\"wp-block-image size-full is-resized\"><img data-recalc-dims=\"1\" loading=\"lazy\" decoding=\"async\" width=\"600\" height=\"600\" src=\"https:\/\/i0.wp.com\/miradordeatarfe.es\/wp-content\/uploads\/2024\/11\/Imagen-de-WhatsApp-2024-11-04-a-las-17.04.54_8f5e5f7c.jpg?resize=600%2C600&#038;ssl=1\" alt=\"\" class=\"wp-image-72467\" style=\"width:731px;height:auto\" srcset=\"https:\/\/i0.wp.com\/miradordeatarfe.es\/wp-content\/uploads\/2024\/11\/Imagen-de-WhatsApp-2024-11-04-a-las-17.04.54_8f5e5f7c.jpg?w=600&amp;ssl=1 600w, https:\/\/i0.wp.com\/miradordeatarfe.es\/wp-content\/uploads\/2024\/11\/Imagen-de-WhatsApp-2024-11-04-a-las-17.04.54_8f5e5f7c.jpg?resize=300%2C300&amp;ssl=1 300w, https:\/\/i0.wp.com\/miradordeatarfe.es\/wp-content\/uploads\/2024\/11\/Imagen-de-WhatsApp-2024-11-04-a-las-17.04.54_8f5e5f7c.jpg?resize=150%2C150&amp;ssl=1 150w\" sizes=\"auto, (max-width: 600px) 100vw, 600px\" \/><\/figure>\n","protected":false},"excerpt":{"rendered":"<p>\u00bfTe gustar\u00eda formar parte de la pr\u00f3xima Cabalgata de Reyes de Atarfe? Ven HOY a&#8230;<\/p>\n","protected":false},"author":1,"featured_media":72468,"comment_status":"closed","ping_status":"closed","sticky":false,"template":"","format":"standard","meta":{"_coblocks_attr":"","_coblocks_dimensions":"","_coblocks_responsive_height":"","_coblocks_accordion_ie_support":"","jetpack_post_was_ever_published":false,"_jetpack_newsletter_access":"","_jetpack_dont_email_post_to_subs":false,"_jetpack_newsletter_tier_id":0,"_jetpack_memberships_contains_paywalled_content":false,"_jetpack_memberships_contains_paid_content":false,"footnotes":"","jetpack_publicize_message":"","jetpack_publicize_feature_enabled":true,"jetpack_social_post_already_shared":true,"jetpack_social_options":{"image_generator_settings":{"template":"highway","default_image_id":0,"enabled":false},"version":2}},"categories":[6916,44,6937],"tags":[],"class_list":["post-72466","post","type-post","status-publish","format-standard","has-post-thumbnail","hentry","category-ayuntamiento-de-atarfe","category-noticias-de-hoy","category-sociedad"],"jetpack_publicize_connections":[],"jetpack_featured_media_url":"https:\/\/i0.wp.com\/miradordeatarfe.es\/wp-content\/uploads\/2024\/11\/03ab5e7e-8cda-4ab2-a23e-c8eaf630c81a_facebook-aspect-ratio_default_0.jpg?fit=1200%2C628&ssl=1","jetpack_likes_enabled":true,"jetpack_sharing_enabled":true,"_links":{"self":[{"href":"https:\/\/miradordeatarfe.es\/index.php?rest_route=\/wp\/v2\/posts\/72466","targetHints":{"allow":["GET"]}}],"collection":[{"href":"https:\/\/miradordeatarfe.es\/index.php?rest_route=\/wp\/v2\/posts"}],"about":[{"href":"https:\/\/miradordeatarfe.es\/index.php?rest_route=\/wp\/v2\/types\/post"}],"author":[{"embeddable":true,"href":"https:\/\/miradordeatarfe.es\/index.php?rest_route=\/wp\/v2\/users\/1"}],"replies":[{"embeddable":true,"href":"https:\/\/miradordeatarfe.es\/index.php?rest_route=%2Fwp%2Fv2%2Fcomments&post=72466"}],"version-history":[{"count":2,"href":"https:\/\/miradordeatarfe.es\/index.php?rest_route=\/wp\/v2\/posts\/72466\/revisions"}],"predecessor-version":[{"id":72474,"href":"https:\/\/miradordeatarfe.es\/index.php?rest_route=\/wp\/v2\/posts\/72466\/revisions\/72474"}],"wp:featuredmedia":[{"embeddable":true,"href":"https:\/\/miradordeatarfe.es\/index.php?rest_route=\/wp\/v2\/media\/72468"}],"wp:attachment":[{"href":"https:\/\/miradordeatarfe.es\/index.php?rest_route=%2Fwp%2Fv2%2Fmedia&parent=72466"}],"wp:term":[{"taxonomy":"category","embeddable":true,"href":"https:\/\/miradordeatarfe.es\/index.php?rest_route=%2Fwp%2Fv2%2Fcategories&post=72466"},{"taxonomy":"post_tag","embeddable":true,"href":"https:\/\/miradordeatarfe.es\/index.php?rest_route=%2Fwp%2Fv2%2Ftags&post=72466"}],"curies":[{"name":"wp","href":"https:\/\/api.w.org\/{rel}","templated":true}]}}