{"id":72481,"date":"2024-11-07T10:08:00","date_gmt":"2024-11-07T09:08:00","guid":{"rendered":"https:\/\/miradordeatarfe.es\/?p=72481"},"modified":"2024-11-05T10:15:42","modified_gmt":"2024-11-05T09:15:42","slug":"el-discurso-de-la-irani-marjani-satrapi-al-recibir-el-princesa-de-asturias","status":"publish","type":"post","link":"https:\/\/miradordeatarfe.es\/?p=72481","title":{"rendered":"El discurso de la iran\u00ed Marjani Satrapi al recibir el Princesa de Asturias"},"content":{"rendered":"\n<p class=\"has-medium-font-size\"><br \/><strong>Antes que nada, quer\u00eda expresarles mi profundo agradecimiento por este extraordinario premio que me han concedido.<\/strong><\/p>\n\n\n\n<p>Y ahora, puesto que de eso se trata, hablemos de la humanidad.<\/p>\n\n\n\n<p>Entre los que los bi\u00f3logos denominan animales aut\u00e9nticos, es decir los mam\u00edferos, el hombre es el \u00fanico que mata a su hembra. Y calificamos ese acto como bestial, siendo as\u00ed que ninguna otra bestia, fuera de nosotros, lo comete. Eso es la humanidad.<\/p>\n\n\n\n<p>Pero tambi\u00e9n hay humanos que pierden la vida a manos de sus torturadores para proteger a sus semejantes, para no denunciarlos, y s\u00e9 muy bien de lo que estoy hablando. Esto tambi\u00e9n se llama humanidad.<\/p>\n\n\n\n<p>Est\u00e1n los miembros de la orquesta que tocan una sinfon\u00eda y nos regalan la forma m\u00e1s pura de la belleza, y est\u00e1n los que orquestan guerras y que, por cada cien litros de sangre derramada, son condecorados con una nueva medalla.<br \/>Y nosotros, aplaudimos con el mismo fervor a unos y a otros.<br \/>Con esto, quiero decirles que no tengo una visi\u00f3n idealizada de lo humano y que yo, en m\u00ed misma, experimento esa dualidad. Acepto tanto mi violencia como mi benevolencia, esperando siempre que la segunda prevalezca sobre la primera.<\/p>\n\n\n\n<p>Durante mucho tiempo he cre\u00eddo que la clave para que cualquier ser humano pudiera vivir con dignidad, para que nunca sufriera brutalidad o humillaci\u00f3n por su sexo, su etnia o su color, era la educaci\u00f3n. \u00bfPero no ten\u00eda Goebbels un doctorado en filosof\u00eda? \u00bfEl Dr. Mengele no hab\u00eda hecho el juramento hipocr\u00e1tico?<br \/>\u00bfEstaremos equivocados cuando definimos educaci\u00f3n? Quiz\u00e1s antes de educar a nuestros hijos para que tengan \u00e9xito econ\u00f3mico y social, debi\u00e9ramos ense\u00f1arles que el verdadero \u00e9xito radica ante todo en el humanismo.<\/p>\n\n\n\n<p>Que lo que permiti\u00f3 al hombre situarse por encima de todos los seres vivos fue que cre\u00f3 sociedades; y una sociedad solo existe porque \u2013a diferencia de un animal que est\u00e1 condenado a morir cuando se rompe una pata\u2013 nosotros cuidamos de nuestros semejantes. Los llevamos a hombros y los ponemos a salvo.<br \/>El hombre por s\u00ed solo no sobrevive en la naturaleza. S\u00f3lo sobrevive junt\u00e1ndose con otros y creando sociedades. Y la condici\u00f3n sine qua non para lograrlo es la empat\u00eda.<\/p>\n\n\n\n<p>Quiz\u00e1s en la educaci\u00f3n, en vez de ense\u00f1ar a nuestros hijos a aprenderlo todo de memoria y a recitarlo como loros, deber\u00edamos ense\u00f1arles \u00e9tica, civismo y sobre todo compasi\u00f3n y bondad. Y les aseguro que no soy de las que ponen la otra mejilla. Por una bofetada recibida devolver\u00eda diez, pero trato de no ser nunca yo quien pega la primera.<\/p>\n\n\n\n<p>Y, por \u00faltimo, les leer\u00e9 un poema de Saadi, gran poeta iran\u00ed del siglo XIII:<\/p>\n\n\n\n<p>Los seres humanos son parte de un mismo cuerpo, <\/p>\n\n\n\n<p>y tienen un mismo origen.<\/p>\n\n\n\n<p>Cuando la vida causa dolor a un miembro<\/p>\n\n\n\n<p>los dem\u00e1s no descansan.<\/p>\n\n\n\n<p>T\u00fa que eres indiferente al sufrimiento de los dem\u00e1s,<\/p>\n\n\n\n<p>No mereces llamarte humano.<\/p>\n\n\n\n<p>Gracias por haberme escuchado, y a la humanidad en\u00a0su\u00a0integridad.<\/p>\n","protected":false},"excerpt":{"rendered":"<p>Antes que nada, quer\u00eda expresarles mi profundo agradecimiento por este extraordinario premio que me han&#8230;<\/p>\n","protected":false},"author":1,"featured_media":72482,"comment_status":"closed","ping_status":"closed","sticky":false,"template":"","format":"standard","meta":{"_coblocks_attr":"","_coblocks_dimensions":"","_coblocks_responsive_height":"","_coblocks_accordion_ie_support":"","jetpack_post_was_ever_published":false,"_jetpack_newsletter_access":"","_jetpack_dont_email_post_to_subs":false,"_jetpack_newsletter_tier_id":0,"_jetpack_memberships_contains_paywalled_content":false,"_jetpack_memberships_contains_paid_content":false,"footnotes":"","jetpack_publicize_message":"","jetpack_publicize_feature_enabled":true,"jetpack_social_post_already_shared":true,"jetpack_social_options":{"image_generator_settings":{"template":"highway","default_image_id":0,"enabled":false},"version":2}},"categories":[1161,44,6937],"tags":[],"class_list":["post-72481","post","type-post","status-publish","format-standard","has-post-thumbnail","hentry","category-ciudadania","category-noticias-de-hoy","category-sociedad"],"jetpack_publicize_connections":[],"jetpack_featured_media_url":"https:\/\/i0.wp.com\/miradordeatarfe.es\/wp-content\/uploads\/2024\/11\/17298786973580-scaled.jpg?fit=2560%2C1707&ssl=1","jetpack_likes_enabled":true,"jetpack_sharing_enabled":true,"_links":{"self":[{"href":"https:\/\/miradordeatarfe.es\/index.php?rest_route=\/wp\/v2\/posts\/72481","targetHints":{"allow":["GET"]}}],"collection":[{"href":"https:\/\/miradordeatarfe.es\/index.php?rest_route=\/wp\/v2\/posts"}],"about":[{"href":"https:\/\/miradordeatarfe.es\/index.php?rest_route=\/wp\/v2\/types\/post"}],"author":[{"embeddable":true,"href":"https:\/\/miradordeatarfe.es\/index.php?rest_route=\/wp\/v2\/users\/1"}],"replies":[{"embeddable":true,"href":"https:\/\/miradordeatarfe.es\/index.php?rest_route=%2Fwp%2Fv2%2Fcomments&post=72481"}],"version-history":[{"count":1,"href":"https:\/\/miradordeatarfe.es\/index.php?rest_route=\/wp\/v2\/posts\/72481\/revisions"}],"predecessor-version":[{"id":72483,"href":"https:\/\/miradordeatarfe.es\/index.php?rest_route=\/wp\/v2\/posts\/72481\/revisions\/72483"}],"wp:featuredmedia":[{"embeddable":true,"href":"https:\/\/miradordeatarfe.es\/index.php?rest_route=\/wp\/v2\/media\/72482"}],"wp:attachment":[{"href":"https:\/\/miradordeatarfe.es\/index.php?rest_route=%2Fwp%2Fv2%2Fmedia&parent=72481"}],"wp:term":[{"taxonomy":"category","embeddable":true,"href":"https:\/\/miradordeatarfe.es\/index.php?rest_route=%2Fwp%2Fv2%2Fcategories&post=72481"},{"taxonomy":"post_tag","embeddable":true,"href":"https:\/\/miradordeatarfe.es\/index.php?rest_route=%2Fwp%2Fv2%2Ftags&post=72481"}],"curies":[{"name":"wp","href":"https:\/\/api.w.org\/{rel}","templated":true}]}}