{"id":72500,"date":"2024-11-07T09:12:00","date_gmt":"2024-11-07T08:12:00","guid":{"rendered":"https:\/\/miradordeatarfe.es\/?p=72500"},"modified":"2024-11-05T16:24:17","modified_gmt":"2024-11-05T15:24:17","slug":"alerta-roja-por-baltasar-garzon","status":"publish","type":"post","link":"https:\/\/miradordeatarfe.es\/?p=72500","title":{"rendered":"\u00abAlerta roja\u00bb por Baltasar Garz\u00f3n"},"content":{"rendered":"\n<p>Los peores enemigos de la sociedad son aquellos que, aprovech\u00e1ndose de sus privilegios democr\u00e1ticos, se dedican a sembrar odio e intolerancia, saltando por encima de las necesidades de las personas con el objetivo de instaurar el caos. Lo vimos durante la pandemia, cuando en un dur\u00edsimo momento los ciudadanos se apoyaron unos a otros y, en el caso de Madrid, aparecieron los denominados \u201ccayetanos\u201d, cacerola en ristre para enturbiar la armon\u00eda conseguida.<\/p>\n\n\n\n<p><br \/>El fascismo se ceba en las situaciones dif\u00edciles para tensar m\u00e1s la angustia y el temor. Sueltan su veneno entre la gente y la provocan a fin de que sigan su din\u00e1mica. En situaciones cr\u00edticas son capaces de soliviantar los \u00e1nimos para extraer el miedo y convertirlo en un arma arrojadiza contra el presunto enemigo, que suele coincidir con aquel que discrepa de la visi\u00f3n de ultraderecha.<br \/>De paso, desv\u00edan la atenci\u00f3n de sus propios desmanes. Lo ocurrido en Valencia, en el \u00e1mbito de las pol\u00edticas de prevenci\u00f3n de desastres naturales, tiene como origen pr\u00f3ximo la asociaci\u00f3n entre el PP y Vox para dirigir la comunidad aut\u00f3noma: la asignaci\u00f3n de la gesti\u00f3n de emergencias por parte de los populares a la ultraderecha \u2014que niega el cambio clim\u00e1tico\u2014, tuvo como primer efecto el desmantelamiento de la Unidad Valenciana de Emergencias, creada por el anterior gobierno progresista. El propio presidente de la Comunidad se jact\u00f3 de haber eliminado \u201cun chiringuito\u201d. La ruptura de relaciones entre ambas formaciones dio paso a la competencia de estas situaciones extremas al PP. Pero no parece que se le diera mayor importancia a su gesti\u00f3n, y ello a pesar de que la regi\u00f3n haya sufrido en diversas ocasiones gotas fr\u00edas e inundaciones, y aunque demasiadas de las poblaciones valencianas est\u00e9n construidas en el cauce de r\u00edos y barrancos, aut\u00e9ntica lacra de multitud de localidades espa\u00f1olas para mayor beneficio de promotores inmobiliarios con el benepl\u00e1cito municipal.<br \/>Protocolos<\/p>\n\n\n\n<p><br \/>Es un hecho contrastado que el d\u00eda fat\u00eddico de las inundaciones que han resultado desastrosas para la vida de centenares de personas y los bienes de miles conciudadanos de diversas localidades de la comunidad valenciana, los responsables no dieron la alarma con el tiempo suficiente y, para cuando los m\u00f3viles sonaron, muchos vecinos se encontraban ya con el agua al cuello. El complejo protocolo de respeto a las transferencias auton\u00f3micas hizo que el Gobierno no enviara de inicio a los efectivos del ej\u00e9rcito, al no elevar la Generalitat el nivel de aviso al punto en que la intervenci\u00f3n estatal est\u00e1 permitida. La verdad es que yo, personalmente, con mi consabida vehemencia, hubiera dado la orden de movilizar al ej\u00e9rcito desde que se empez\u00f3 a ver el desastre, pero probablemente hubiera metido al Gobierno en un l\u00edo y tampoco s\u00e9 si habr\u00eda sido efectivo.<\/p>\n\n\n\n<p><br \/>Torrentes desbocados, lluvias impensables, tornados, viento\u2026 todo se confabul\u00f3 para llevar la muerte y la destrucci\u00f3n. El hecho de que, a la hora de escribir estas l\u00edneas, contin\u00faen las labores de b\u00fasqueda de desaparecidos y de que el mar devuelva a las playas cuerpos sin vida mientras se decretaba una nueva alerta en la zona, no<br \/>hace sino acrecentar el duelo y ponernos frente a frente con la magnitud de la cat\u00e1strofe.<br \/>La verdad es que yo, personalmente, con mi consabida vehemencia, hubiera dado la orden de movilizar al ej\u00e9rcito desde que se empez\u00f3 a ver el desastre, pero probablemente hubiera metido al Gobierno en un l\u00edo y tampoco s\u00e9 si habr\u00eda sido efectivo<br \/><\/p>\n\n\n\n<p>A lo largo de estos tensos d\u00edas transcurridos hemos visto im\u00e1genes terribles, hemos llorado por nuestros familiares y amigos, hemos sentido una impotencia total ante algo que nos ha sobrepasado. Pero los hechos vergonzosos de Paiporta, en que el rey, la reina, el presidente del Gobierno espa\u00f1ol y el presidente de la Generalitat fueron increpados y se vieron golpeados con barro y con objetos contundentes, son inaceptables vengan de donde vengan en una democracia. Es cierto que la desesperaci\u00f3n es grande ante la magnitud de los acontecimientos; es verdad que esa visita no se deber\u00eda haber producido en las condiciones en que se realiz\u00f3; es innegable que a aquellos que se han quedado sin nada y han perdido todo, resulta imposible exigirles actitudes diferentes a la indignaci\u00f3n. Aun as\u00ed, no debemos olvidar que estamos ante la furia de la naturaleza y frente a ella, existen medidas paliativas y preventivas, pero en ning\u00fan caso se pueden prestar al cien por cien.<br \/>El tiempo de las responsabilidades vendr\u00e1 y se deber\u00e1n exigir con todo el rigor, as\u00ed como las garant\u00edas de que nunca m\u00e1s haya otra ocasi\u00f3n en la que aparezcamos inermes e impotentes ante el desastre. Lo ocurrido amerita una profunda reflexi\u00f3n sobre la situaci\u00f3n que vivimos en nuestro pa\u00eds.<br \/>Ultraderecha<br \/><\/p>\n\n\n\n<p>De la aflicci\u00f3n leg\u00edtima de las v\u00edctimas se aprovecha la ultraderecha, camuflando su propia responsabilidad y carg\u00e1ndola sobre otros. En esta ocasi\u00f3n, como en tantas otras, han desplegado su estrategia, propia del m\u00e1s rancio fascismo disfrazado o escondido tras la libertad de expresi\u00f3n, que consiste en aprovechar cualquier situaci\u00f3n para rebotarla contra el objetivo. Entre los impulsores de gritos y lanzamientos figuraban j\u00f3venes calentando el ambiente, llevando a vecinos de h\u00e1bitos y comportamientos serenos incluso en la dif\u00edcil situaci\u00f3n que est\u00e1n atravesando, a gritar y transformar el cansancio y la impotencia en rabia. No se extra\u00f1en si una vez identificados estos provocadores resultan efectivamente pr\u00f3ximos a los postulados del ultraderechista Santiago Abascal, quien no perdi\u00f3 el tiempo en lanzar un comunicado: \u201cGobierno criminal\u201d, lo calificaba el l\u00edder de Vox, al igual que aquellos j\u00f3venes insultaban: \u201casesinos, asesinos\u201d. Casualidades de la existencia y de la pol\u00edtica. Sin que falten los \u2018espont\u00e1neos\u2019 de siempre presentando denuncias contra el gobierno central.<br \/><\/p>\n\n\n\n<p>Qu\u00e9 tendremos que sufrir, o qu\u00e9 desgracia mayor tendremos que padecer para que los responsables pol\u00edticos se comporten como verdaderos representantes de la ciudadan\u00eda que los vota. Lo que el 3 de noviembre de 2024 vimos en los medios de comunicaci\u00f3n en directo y diferido y hoy es portada en muchos medios de comunicaci\u00f3n en el mundo no fueron los efectos mortales de la dana, sino el ataque a las m\u00e1ximas autoridades de un pa\u00eds que deber\u00eda estar unido frente al caos y el dolor.<br \/>El lema que se ha o\u00eddo estos d\u00edas de que \u2018solo el pueblo ayuda al pueblo\u2018 es falso y peligroso pues supone que el Estado no est\u00e1 haciendo nada. Por el contrario, esel Estado, a trav\u00e9s de sus diferentes administraciones, el que est\u00e1 posibilitando que se produzca esa ayuda, incluida la de los ciudadanos voluntarios, am\u00e9n de facilitar todos los medios econ\u00f3micos, sanitarios, de infraestructura y ayudas materiales que sean necesarios, sin perjuicio de que puedan mejorarse.<\/p>\n\n\n\n<p>La alarma terminar\u00e1, despu\u00e9s de haber segado cientos de vidas y destrozado la cotidianeidad de decenas de miles de seres humanos, su presente y quiz\u00e1s el futuro para muchos. Es de esperar que se agilicen las normas, que se d\u00e9 la urgencia debida a las disposiciones para confrontar el cambio clim\u00e1tico, que se actualicen los protocolos y que los partidos, los democr\u00e1ticos, se pongan de acuerdo para prevenir y tratar futuras situaciones. Pero en cuanto a la ultraderecha, a este fascismo que nos atenaza, debemos mantenernos en una alerta roja continua, porque en ello nos va la democracia.<\/p>\n\n\n\n<hr class=\"wp-block-separator has-alpha-channel-opacity\"\/>\n\n\n\n<p>Baltasar Garz\u00f3n es jurista y autor, entre otros libros, de &#8216;Los disfraces del fascismo&#8217;.<\/p>\n","protected":false},"excerpt":{"rendered":"<p>Los peores enemigos de la sociedad son aquellos que, aprovech\u00e1ndose de sus privilegios democr\u00e1ticos, se&#8230;<\/p>\n","protected":false},"author":1,"featured_media":72501,"comment_status":"closed","ping_status":"closed","sticky":false,"template":"","format":"standard","meta":{"_coblocks_attr":"","_coblocks_dimensions":"","_coblocks_responsive_height":"","_coblocks_accordion_ie_support":"","jetpack_post_was_ever_published":false,"_jetpack_newsletter_access":"","_jetpack_dont_email_post_to_subs":false,"_jetpack_newsletter_tier_id":0,"_jetpack_memberships_contains_paywalled_content":false,"_jetpack_memberships_contains_paid_content":false,"footnotes":"","jetpack_publicize_message":"","jetpack_publicize_feature_enabled":true,"jetpack_social_post_already_shared":true,"jetpack_social_options":{"image_generator_settings":{"template":"highway","default_image_id":0,"enabled":false},"version":2}},"categories":[1161,44,7671],"tags":[],"class_list":["post-72500","post","type-post","status-publish","format-standard","has-post-thumbnail","hentry","category-ciudadania","category-noticias-de-hoy","category-politica"],"jetpack_publicize_connections":[],"jetpack_featured_media_url":"https:\/\/i0.wp.com\/miradordeatarfe.es\/wp-content\/uploads\/2024\/11\/europapress-6319363-rey-felipe-vi-presidente-generalitat-valenciana-carlos-mazon-visita-zona.webp?fit=1920%2C1080&ssl=1","jetpack_likes_enabled":true,"jetpack_sharing_enabled":true,"_links":{"self":[{"href":"https:\/\/miradordeatarfe.es\/index.php?rest_route=\/wp\/v2\/posts\/72500","targetHints":{"allow":["GET"]}}],"collection":[{"href":"https:\/\/miradordeatarfe.es\/index.php?rest_route=\/wp\/v2\/posts"}],"about":[{"href":"https:\/\/miradordeatarfe.es\/index.php?rest_route=\/wp\/v2\/types\/post"}],"author":[{"embeddable":true,"href":"https:\/\/miradordeatarfe.es\/index.php?rest_route=\/wp\/v2\/users\/1"}],"replies":[{"embeddable":true,"href":"https:\/\/miradordeatarfe.es\/index.php?rest_route=%2Fwp%2Fv2%2Fcomments&post=72500"}],"version-history":[{"count":1,"href":"https:\/\/miradordeatarfe.es\/index.php?rest_route=\/wp\/v2\/posts\/72500\/revisions"}],"predecessor-version":[{"id":72502,"href":"https:\/\/miradordeatarfe.es\/index.php?rest_route=\/wp\/v2\/posts\/72500\/revisions\/72502"}],"wp:featuredmedia":[{"embeddable":true,"href":"https:\/\/miradordeatarfe.es\/index.php?rest_route=\/wp\/v2\/media\/72501"}],"wp:attachment":[{"href":"https:\/\/miradordeatarfe.es\/index.php?rest_route=%2Fwp%2Fv2%2Fmedia&parent=72500"}],"wp:term":[{"taxonomy":"category","embeddable":true,"href":"https:\/\/miradordeatarfe.es\/index.php?rest_route=%2Fwp%2Fv2%2Fcategories&post=72500"},{"taxonomy":"post_tag","embeddable":true,"href":"https:\/\/miradordeatarfe.es\/index.php?rest_route=%2Fwp%2Fv2%2Ftags&post=72500"}],"curies":[{"name":"wp","href":"https:\/\/api.w.org\/{rel}","templated":true}]}}