{"id":72504,"date":"2024-11-05T15:59:00","date_gmt":"2024-11-05T14:59:00","guid":{"rendered":"https:\/\/miradordeatarfe.es\/?p=72504"},"modified":"2024-11-05T16:14:55","modified_gmt":"2024-11-05T15:14:55","slug":"atarfe-conferencia-sobre-leda-y-el-cisne-origen-y-exito-de-un-mito","status":"publish","type":"post","link":"https:\/\/miradordeatarfe.es\/?p=72504","title":{"rendered":"ATARFE: CONFERENCIA SOBRE \u00abLEDA Y EL CISNE, Origen y \u00e9xito de un mito\u00bb"},"content":{"rendered":"\n<p class=\"has-medium-font-size\"><strong>El d\u00eda 7 de noviembre a las 19,30h en el Centro Cultural Medina Elvira organizado por la Asociaci\u00f3n \u00abLA HOGUERA de Atarfe\u00bb, Carlos Alcalde nos dar\u00e1 una conferencia\/ charla acerca de lo Mitos y en concreto sobre el mito de Leda y el cisne<\/strong><\/p>\n\n\n\n<p>Carlos Alcalde Mart\u00edn es un experto en la materia y hace muy poco dio est\u00e1 conferencia en la Facultad de filosof\u00eda y letras de C\u00f3rdoba, la adaptar\u00e1 para otro tipo de p\u00fablico m\u00e1s general  siendo una <strong>conferencia  interesante y amena<\/strong><\/p>\n\n\n\n<p>Los mitos griegos se originaron en las tradiciones populares m\u00e1s antiguas y estaban \u00edntimamente relacionados con los ritos y las creencias religiosas. A nosotros no nos han llegado en su estado primigenio sino a trav\u00e9s de los poetas griegos, que, en funci\u00f3n de sus intereses, los recreaban y transformaban continuamente.<\/p>\n\n\n\n<p> En las versiones po\u00e9ticas de los mitos se inspiraban los artistas pl\u00e1sticos, que los reproduc\u00edan, tambi\u00e9n con aportaciones propias, tanto en sus pinturas como en sus esculturas. Roma continu\u00f3 la transmisi\u00f3n de los mitos griegos en la literatura y el arte, y la cultura europea posterior es receptora, aunque ya bajo otros supuestos, de estas tradiciones y las contin\u00faa hasta la actualidad. En todas las \u00e9pocas, desde la Antig\u00fcedad griega hasta nuestros d\u00edas, los mitos han evolucionado y se han transformado para servir de veh\u00edculo a los prop\u00f3sitos y las ideas de artistas, poetas y pensadores en general.<\/p>\n\n\n\n<p>La leyenda de la uni\u00f3n sexual de Leda con Zeus metamorfoseado en cisne, que surgi\u00f3 a finales del s. V a.e., espole\u00f3 la fantas\u00eda de los poetas y, sobre todo, la de los artistas desde la Antig\u00fcedad griega y romana hasta nuestros d\u00edas. La fascinaci\u00f3n que ha producido tan ins\u00f3lita y extravagante relaci\u00f3n sexual ha convertido este mito en uno de los m\u00e1s conocidos en la historia del arte hasta nuestros d\u00edas. El motivo de su \u00e9xito ha sido casi siempre puramente er\u00f3tico, pero algunas veces ha habido tambi\u00e9n una carga ideol\u00f3gica en su representaci\u00f3n como alegor\u00eda filos\u00f3fica y moral e incluso, en la actualidad, se ha reinterpretado desde una perspectiva que podr\u00edamos calificar de feminista.<\/p>\n\n\n\n<figure class=\"wp-block-image size-large\"><img data-recalc-dims=\"1\" loading=\"lazy\" decoding=\"async\" width=\"640\" height=\"640\" src=\"https:\/\/i0.wp.com\/miradordeatarfe.es\/wp-content\/uploads\/2024\/11\/Imagen-de-WhatsApp-2024-10-30-a-las-13.24.22_41ff2a11.jpg?resize=640%2C640&#038;ssl=1\" alt=\"\" class=\"wp-image-72505\" srcset=\"https:\/\/i0.wp.com\/miradordeatarfe.es\/wp-content\/uploads\/2024\/11\/Imagen-de-WhatsApp-2024-10-30-a-las-13.24.22_41ff2a11.jpg?resize=1024%2C1024&amp;ssl=1 1024w, https:\/\/i0.wp.com\/miradordeatarfe.es\/wp-content\/uploads\/2024\/11\/Imagen-de-WhatsApp-2024-10-30-a-las-13.24.22_41ff2a11.jpg?resize=300%2C300&amp;ssl=1 300w, https:\/\/i0.wp.com\/miradordeatarfe.es\/wp-content\/uploads\/2024\/11\/Imagen-de-WhatsApp-2024-10-30-a-las-13.24.22_41ff2a11.jpg?resize=150%2C150&amp;ssl=1 150w, https:\/\/i0.wp.com\/miradordeatarfe.es\/wp-content\/uploads\/2024\/11\/Imagen-de-WhatsApp-2024-10-30-a-las-13.24.22_41ff2a11.jpg?resize=768%2C768&amp;ssl=1 768w, https:\/\/i0.wp.com\/miradordeatarfe.es\/wp-content\/uploads\/2024\/11\/Imagen-de-WhatsApp-2024-10-30-a-las-13.24.22_41ff2a11.jpg?w=1080&amp;ssl=1 1080w\" sizes=\"auto, (max-width: 640px) 100vw, 640px\" \/><\/figure>\n\n\n\n<blockquote class=\"wp-block-quote is-layout-flow wp-block-quote-is-layout-flow\">\n\n<\/blockquote>\n\n\n\n\n\n\n\n<div class=\"wp-block-buttons is-layout-flex wp-block-buttons-is-layout-flex\"><\/div>\n","protected":false},"excerpt":{"rendered":"<p>El d\u00eda 7 de noviembre a las 19,30h en el Centro Cultural Medina Elvira organizado&#8230;<\/p>\n","protected":false},"author":1,"featured_media":72506,"comment_status":"closed","ping_status":"closed","sticky":false,"template":"","format":"standard","meta":{"_coblocks_attr":"","_coblocks_dimensions":"","_coblocks_responsive_height":"","_coblocks_accordion_ie_support":"","jetpack_post_was_ever_published":false,"_jetpack_newsletter_access":"","_jetpack_dont_email_post_to_subs":false,"_jetpack_newsletter_tier_id":0,"_jetpack_memberships_contains_paywalled_content":false,"_jetpack_memberships_contains_paid_content":false,"footnotes":"","jetpack_publicize_message":"","jetpack_publicize_feature_enabled":true,"jetpack_social_post_already_shared":true,"jetpack_social_options":{"image_generator_settings":{"template":"highway","default_image_id":0,"enabled":false},"version":2}},"categories":[12,186,44],"tags":[],"class_list":["post-72504","post","type-post","status-publish","format-standard","has-post-thumbnail","hentry","category-cultura","category-instituciones","category-noticias-de-hoy"],"jetpack_publicize_connections":[],"jetpack_featured_media_url":"https:\/\/i0.wp.com\/miradordeatarfe.es\/wp-content\/uploads\/2024\/11\/Leda-and-the-Swan-th-1.jpg?fit=1024%2C600&ssl=1","jetpack_likes_enabled":true,"jetpack_sharing_enabled":true,"_links":{"self":[{"href":"https:\/\/miradordeatarfe.es\/index.php?rest_route=\/wp\/v2\/posts\/72504","targetHints":{"allow":["GET"]}}],"collection":[{"href":"https:\/\/miradordeatarfe.es\/index.php?rest_route=\/wp\/v2\/posts"}],"about":[{"href":"https:\/\/miradordeatarfe.es\/index.php?rest_route=\/wp\/v2\/types\/post"}],"author":[{"embeddable":true,"href":"https:\/\/miradordeatarfe.es\/index.php?rest_route=\/wp\/v2\/users\/1"}],"replies":[{"embeddable":true,"href":"https:\/\/miradordeatarfe.es\/index.php?rest_route=%2Fwp%2Fv2%2Fcomments&post=72504"}],"version-history":[{"count":1,"href":"https:\/\/miradordeatarfe.es\/index.php?rest_route=\/wp\/v2\/posts\/72504\/revisions"}],"predecessor-version":[{"id":72507,"href":"https:\/\/miradordeatarfe.es\/index.php?rest_route=\/wp\/v2\/posts\/72504\/revisions\/72507"}],"wp:featuredmedia":[{"embeddable":true,"href":"https:\/\/miradordeatarfe.es\/index.php?rest_route=\/wp\/v2\/media\/72506"}],"wp:attachment":[{"href":"https:\/\/miradordeatarfe.es\/index.php?rest_route=%2Fwp%2Fv2%2Fmedia&parent=72504"}],"wp:term":[{"taxonomy":"category","embeddable":true,"href":"https:\/\/miradordeatarfe.es\/index.php?rest_route=%2Fwp%2Fv2%2Fcategories&post=72504"},{"taxonomy":"post_tag","embeddable":true,"href":"https:\/\/miradordeatarfe.es\/index.php?rest_route=%2Fwp%2Fv2%2Ftags&post=72504"}],"curies":[{"name":"wp","href":"https:\/\/api.w.org\/{rel}","templated":true}]}}