{"id":72508,"date":"2024-11-07T11:26:00","date_gmt":"2024-11-07T10:26:00","guid":{"rendered":"https:\/\/miradordeatarfe.es\/?p=72508"},"modified":"2024-11-07T13:26:19","modified_gmt":"2024-11-07T12:26:19","slug":"atarfe-y-su-solidaridad-con-los-afectados-por-la-dana-de-valencia","status":"publish","type":"post","link":"https:\/\/miradordeatarfe.es\/?p=72508","title":{"rendered":"ATARFE Y SU SOLIDARIDAD CON LOS AFECTADOS POR LA DANA DE VALENCIA"},"content":{"rendered":"\n<p class=\"has-medium-font-size\"><strong>Ayer  mi\u00e9rcoles 6 de noviembre, a las 19:00, salieron los dos tr\u00e1iler cargados de solidaridad con destino a Algemes\u00ed desde la Plaza de Toros de ATARFE<\/strong><\/p>\n\n\n\n<p class=\"has-medium-font-size\">El Ayuntamiento de Atarfe dedic\u00f3 el fin de semana ( y ampliado dos d\u00edas m\u00e1s) para  recoger distintas ropas y alimentos como ayuda urgente para paliar la p\u00e9rdida de bienes de primera necesidad de las personas f\u00edsicas, producida por el temporal de viento y lluvias iniciado el 29 de octubre d<strong>e 2024<\/strong><\/p>\n\n\n\n<p>Muchos voluntarios han clasificado y ordenado todas las donaciones para que dos grandes camiones tr\u00e1iler hayan sido llenados y enviados a la comunidad Valenciana<\/p>\n\n\n\n<p>El pasado <strong>29 de octubre<\/strong>, la <strong>DANA<\/strong> dej\u00f3 uno de los peores temporales en la <strong>Comunidad Valenciana<\/strong> del \u00faltimo siglo. Aunque el fen\u00f3meno tambi\u00e9n sobrepas\u00f3 puntos de Andaluc\u00eda, Murcia y provincias de Castilla-La Mancha, los peores estragos se han localizado en <strong>Valencia<\/strong> y los pueblos que la rodean. Las im\u00e1genes que se han visto en las redes sociales hablan por s\u00ed solas y, aunque lo peor del temporal ya ha pasado, la regi\u00f3n ha amanecido con las consecuencias de esta cat\u00e1strofe: casas inundadas, r\u00edos desbordados, coches amontonados en calles y carreteras\u2026 y la sensaci\u00f3n real, para muchos, de haberlo perdido todo. El agua ha arrasado con todo a su paso.<\/p>\n\n\n\n<figure class=\"wp-block-image size-full is-resized\"><img data-recalc-dims=\"1\" loading=\"lazy\" decoding=\"async\" width=\"640\" height=\"752\" src=\"https:\/\/i0.wp.com\/miradordeatarfe.es\/wp-content\/uploads\/2024\/11\/Imagen-de-WhatsApp-2024-11-07-a-las-10.06.46_48528844.jpg?resize=640%2C752&#038;ssl=1\" alt=\"\" class=\"wp-image-72524\" style=\"width:840px;height:auto\" srcset=\"https:\/\/i0.wp.com\/miradordeatarfe.es\/wp-content\/uploads\/2024\/11\/Imagen-de-WhatsApp-2024-11-07-a-las-10.06.46_48528844.jpg?w=719&amp;ssl=1 719w, https:\/\/i0.wp.com\/miradordeatarfe.es\/wp-content\/uploads\/2024\/11\/Imagen-de-WhatsApp-2024-11-07-a-las-10.06.46_48528844.jpg?resize=255%2C300&amp;ssl=1 255w\" sizes=\"auto, (max-width: 640px) 100vw, 640px\" \/><\/figure>\n\n\n\n<p>El Ayuntamiento ha compartido en redes estas palabras de agradecimiento:<\/p>\n\n\n\n<p><em>Ayer vivimos momentos de emoci\u00f3n y orgullo en la despedida de los tr\u00e1ilers que partieron hacia <strong>Algemes\u00ed, <\/strong>cargados de solidaridad, amor y esperanza para los afectados por la DANA en Valencia. Esto fue posible gracias a la generosidad de los atarfe\u00f1os y atarfe\u00f1as, y tambi\u00e9n de muchas personas de municipios vecinos que sumaron su granito de ayuda.<\/em> <em>Gracias a cada persona que ha aportado, a cada voluntario y voluntaria que dedic\u00f3 su tiempo y al personal del Ayuntamiento de Atarfe por hacer posible esta iniciativa. La uni\u00f3n y la generosidad de nuestro pueblo brilla en estos momentos dif\u00edciles, y nos sentimos inmensamente orgullosos de todos vosotros\/a<\/em><\/p>\n\n\n\n<figure class=\"wp-block-embed is-type-video is-provider-youtube wp-block-embed-youtube wp-embed-aspect-16-9 wp-has-aspect-ratio\"><div class=\"wp-block-embed__wrapper\">\n<iframe loading=\"lazy\" title=\"\ud83d\udcaa \u00a1Atarfe con Valencia! \ud83d\udcaa\" width=\"540\" height=\"960\" src=\"https:\/\/www.youtube.com\/embed\/CkCju0gR5Lk?feature=oembed\" frameborder=\"0\" allow=\"accelerometer; autoplay; clipboard-write; encrypted-media; gyroscope; picture-in-picture; web-share\" referrerpolicy=\"strict-origin-when-cross-origin\" allowfullscreen><\/iframe>\n<\/div><\/figure>\n\n\n\n<p class=\"has-large-font-size\">L<strong>AS ADMINISTRACIONES RECOMIENDAN REALIZAR DONACIONES ADEM\u00c1S DE AGRADECER TODAS LAS DONACIONES DE ROPA Y COMIDA. <\/strong><\/p>\n\n\n\n<p><strong>C\u00e1ritas<\/strong>, en colaboraci\u00f3n con el Ayuntamiento de Valencia, ha lanzado una campa\u00f1a para canalizar la ayuda a Valencia y Albacete. Las cuentas son Banco Santander (ES4500491892642110553738), Banco Sabadell ES5400810216700002187226 y BIZUM (00089). Toda la informaci\u00f3n est\u00e1 disponible en su <a href=\"https:\/\/www.caritasvalencia.org\/\" target=\"_blank\" rel=\"noreferrer noopener\">p\u00e1gina web<\/a>.<\/p>\n\n\n\n<p>La <a href=\"https:\/\/www.fesbal.org.es\/\" target=\"_blank\" rel=\"noreferrer noopener\"><strong>Federaci\u00f3n Espa\u00f1ola del Banco de Alimentos<\/strong><\/a> est\u00e1 trabajando desde sus 54 bancos de alimentos en brindar bienes b\u00e1sicos a las v\u00edctimas. Tambi\u00e9n, asociaciones como <a href=\"https:\/\/www.oxfamintermon.org\/es\/emergencia\/personas-vulnerables-afectadas-dana\" target=\"_blank\" rel=\"noreferrer noopener\"><strong>Oxfam Interm\u00f3n<\/strong><\/a>, o la <a href=\"https:\/\/mensajerosdelapaz.org\/\" target=\"_blank\" rel=\"noreferrer noopener\"><strong>Fundaci\u00f3n Mensajeros de la Paz.<\/strong><\/a> Toda la informaci\u00f3n acerca de c\u00f3mo colaborar con ellos se encuentra en los links se\u00f1alados y en sus p\u00e1ginas web.<\/p>\n\n\n\n<p>Otra de las muchas iniciativas populares que han surgido a ra\u00edz de estas inundaciones es <a href=\"https:\/\/www.instagram.com\/danakidsvlc\/?igsh=M2ozZ2F1bnB0ZmNu\" target=\"_blank\" rel=\"noreferrer noopener\"><strong>DANA Kids<\/strong><\/a>, <strong>un proyecto centrado en el cuidado de los m\u00e1s peque\u00f1os<\/strong>. Las tareas de limpieza son esenciales, pero muchas familias tienen que compaginarlas con atender a sus hijos. Esta iniciativa ha reunido ya a m\u00e1s de 700 voluntarios que se est\u00e1n organizando para hacer de monitores de grupos de ni\u00f1os y para ofrecer su ayuda en cualquiera de las tareas que se necesiten durante los pr\u00f3ximos d\u00edas. <strong>Empezar\u00e1n ofrecer sus servicios desde el 5 de noviembre y toda la informaci\u00f3n est\u00e1 en su cuenta de Instagram<\/strong>.<\/p>\n","protected":false},"excerpt":{"rendered":"<p>Ayer mi\u00e9rcoles 6 de noviembre, a las 19:00, salieron los dos tr\u00e1iler cargados de solidaridad&#8230;<\/p>\n","protected":false},"author":1,"featured_media":72509,"comment_status":"closed","ping_status":"closed","sticky":false,"template":"","format":"standard","meta":{"_coblocks_attr":"","_coblocks_dimensions":"","_coblocks_responsive_height":"","_coblocks_accordion_ie_support":"","jetpack_post_was_ever_published":false,"_jetpack_newsletter_access":"","_jetpack_dont_email_post_to_subs":false,"_jetpack_newsletter_tier_id":0,"_jetpack_memberships_contains_paywalled_content":false,"_jetpack_memberships_contains_paid_content":false,"footnotes":"","jetpack_publicize_message":"","jetpack_publicize_feature_enabled":true,"jetpack_social_post_already_shared":true,"jetpack_social_options":{"image_generator_settings":{"template":"highway","default_image_id":0,"enabled":false},"version":2}},"categories":[6916,1161,44,6937],"tags":[],"class_list":["post-72508","post","type-post","status-publish","format-standard","has-post-thumbnail","hentry","category-ayuntamiento-de-atarfe","category-ciudadania","category-noticias-de-hoy","category-sociedad"],"jetpack_publicize_connections":[],"jetpack_featured_media_url":"https:\/\/i0.wp.com\/miradordeatarfe.es\/wp-content\/uploads\/2024\/11\/Imagen-de-WhatsApp-2024-11-04-a-las-21.57.36_8aec2b71.jpg?fit=1600%2C1200&ssl=1","jetpack_likes_enabled":true,"jetpack_sharing_enabled":true,"_links":{"self":[{"href":"https:\/\/miradordeatarfe.es\/index.php?rest_route=\/wp\/v2\/posts\/72508","targetHints":{"allow":["GET"]}}],"collection":[{"href":"https:\/\/miradordeatarfe.es\/index.php?rest_route=\/wp\/v2\/posts"}],"about":[{"href":"https:\/\/miradordeatarfe.es\/index.php?rest_route=\/wp\/v2\/types\/post"}],"author":[{"embeddable":true,"href":"https:\/\/miradordeatarfe.es\/index.php?rest_route=\/wp\/v2\/users\/1"}],"replies":[{"embeddable":true,"href":"https:\/\/miradordeatarfe.es\/index.php?rest_route=%2Fwp%2Fv2%2Fcomments&post=72508"}],"version-history":[{"count":7,"href":"https:\/\/miradordeatarfe.es\/index.php?rest_route=\/wp\/v2\/posts\/72508\/revisions"}],"predecessor-version":[{"id":72551,"href":"https:\/\/miradordeatarfe.es\/index.php?rest_route=\/wp\/v2\/posts\/72508\/revisions\/72551"}],"wp:featuredmedia":[{"embeddable":true,"href":"https:\/\/miradordeatarfe.es\/index.php?rest_route=\/wp\/v2\/media\/72509"}],"wp:attachment":[{"href":"https:\/\/miradordeatarfe.es\/index.php?rest_route=%2Fwp%2Fv2%2Fmedia&parent=72508"}],"wp:term":[{"taxonomy":"category","embeddable":true,"href":"https:\/\/miradordeatarfe.es\/index.php?rest_route=%2Fwp%2Fv2%2Fcategories&post=72508"},{"taxonomy":"post_tag","embeddable":true,"href":"https:\/\/miradordeatarfe.es\/index.php?rest_route=%2Fwp%2Fv2%2Ftags&post=72508"}],"curies":[{"name":"wp","href":"https:\/\/api.w.org\/{rel}","templated":true}]}}