{"id":72513,"date":"2024-11-06T09:12:00","date_gmt":"2024-11-06T08:12:00","guid":{"rendered":"https:\/\/miradordeatarfe.es\/?p=72513"},"modified":"2024-11-06T11:17:34","modified_gmt":"2024-11-06T10:17:34","slug":"el-debate-como-condicionan-las-redes-y-los-bulos-nuestro-modelo-de-convivencia","status":"publish","type":"post","link":"https:\/\/miradordeatarfe.es\/?p=72513","title":{"rendered":"El debate | \u00bfC\u00f3mo condicionan las redes y los bulos nuestro modelo de convivencia?"},"content":{"rendered":"\n<p class=\"has-medium-font-size\"><strong>La tragedia de la dana y la campa\u00f1a electoral en EE UU han puesto en evidencia el descarado papel de las plataformas en la propagaci\u00f3n de desinformaci\u00f3n y su capacidad para amenazar la seguridad ciudadana y, a la larga, la propia democracia<\/strong><\/p>\n\n\n\n<p>Las redes sociales han amplificado el alcance y el impacto social del viejo fen\u00f3meno de la desinformaci\u00f3n hasta niveles que amenazan tanto cuestiones de seguridad como los procesos electorales sobre los que se sustenta la democracia. La tragedia de la dana en Valencia y la campa\u00f1a electoral en Estados Unidos son claros ejemplos de c\u00f3mo interact\u00faan las redes sociales en la propagaci\u00f3n de bulos y su impacto sobre la vida de los ciudadanos.<\/p>\n\n\n\n<p>Dec\u00eda la fil\u00f3sofa Hannah Arendt que \u201cmentir constantemente no tiene como objetivo hacer que la gente crea una mentira, sino garantizar que nadie crea en nada\u201d y esa es sin duda la mayor amenaza a la que se enfrenta nuestro modelo de convivencia. <strong>Javier Salas<\/strong>, periodista de EL PA\u00cdS, incide en que no es casualidad que el Rey, recibiendo una lluvia de barro de los vecinos en Paiporta, se\u00f1alara con rotundidad que la desinformaci\u00f3n hab\u00eda emponzo\u00f1ado el ambiente, mientras que <strong>Marta Peirano<\/strong>, ensayista especializada en tecnolog\u00eda, analiza c\u00f3mo ha cambiado el ecosistema medi\u00e1tico en Estados Unidos en los \u00faltimos a\u00f1os y el papel central que desempe\u00f1an las plataformas en el discurso pol\u00edtico.<\/p>\n\n\n\n<h3 class=\"wp-block-heading\">Tras la m\u00e1quina del veneno hay personas interesadas<\/h3>\n\n\n\n<h6 class=\"wp-block-heading\">Javier Salas<\/h6>\n\n\n\n<p>Nadie que siga las redes sociales espa\u00f1olas puede haberse sorprendido por el estallido de contenidos t\u00f3xicos tras <a href=\"https:\/\/elpais.com\/noticias\/inundaciones-dana-octubre-2024\/\" target=\"_blank\" rel=\"noreferrer noopener\">la tragedia de la dana.<\/a> Es la din\u00e1mica natural de ese ecosistema cada vez que hay un evento estremecedor: en apenas unas horas, la consternaci\u00f3n da paso a la toxicidad, cuando no directamente al odio. Y a los bulos, que llevaron al inspector jefe de Bomberos de Valencia, Jos\u00e9 Miguel Basset, a se\u00f1alar que estaban siendo un <a href=\"https:\/\/elpais.com\/tecnologia\/2024-10-30\/las-fake-news-provocan-problemas-de-orden-publico-bulos-sobre-agua-no-potable-rotura-de-presas-y-telefonos-de-emergencias.html\" target=\"_blank\" rel=\"noreferrer noopener\">\u201cproblema de orden p\u00fablico\u201d por confundir y asustar a la poblaci\u00f3n<\/a> en unos momentos especialmente delicados, la ma\u00f1ana del mi\u00e9rcoles 30. Desde entonces, la desinformaci\u00f3n ha cristalizado en forma de mentiras brutales, medias verdades interesadas y se\u00f1alamientos para ganar la batalla del relato.<\/p>\n\n\n\n<p>La percepci\u00f3n inicial es que el volumen de veneno y falsedades es monumental, casi como concentrar lo que sufrimos en la pandemia en unos pocos d\u00edas. En muchos casos, se han roto algunos de los filtros b\u00e1sicos de contenci\u00f3n de bulos, ya que <a href=\"https:\/\/elpais.com\/television\/2024-11-05\/en-valencia-no-nos-hacia-falta-mas-fango-iker-jimenez.html\" target=\"_blank\" rel=\"noreferrer noopener\">aparecen con naturalidad en programas con millones de espectadores<\/a> y concentran la atenci\u00f3n de periodistas guiados por una nueva audiencia: la que demanda las verdades que han visto en las redes. Por eso, tras varios d\u00edas asomados al pozo de las mentiras, y ya cansados de pedir regulaci\u00f3n y transparencia a las plataformas digitales, surge la pregunta: \u00bfC\u00f3mo es posible que sigamos a\u00fan en el primer curso de redes sociales? \u00bfC\u00f3mo es posible que no hayamos aprendido a usarlas y que sigan desbordando su lodazal sobre la vida real?<\/p>\n\n\n\n<p>La primera lecci\u00f3n que deber\u00edamos aprender es que no existe la dicotom\u00eda entre lo real y lo digital. Lo hemos visto cientos de veces y no terminamos de entender que nuestras emociones, intereses y conflictos fluyen por lo digital y vuelven hacia nosotros, como en una m\u00e1quina de di\u00e1lisis inversa, en la que nuestra sangre se ensucia si no aplicamos filtros. <a href=\"https:\/\/elpais.com\/icon\/2024-05-11\/encontrar-humor-en-medio-de-la-tension-asi-se-vivio-en-las-redes-sociales-la-gala-mas-controvertida-de-eurovision.html\" target=\"_blank\" rel=\"noreferrer noopener\">Cuando segu\u00edamos Eurovisi\u00f3n por Twitter, la experiencia pod\u00eda ser muy gratificante<\/a>: no hay nada m\u00e1s satisfactorio que la risa colectiva. Pero en momentos de miedo y desasosiego, las redes pueden ser aut\u00e9ntico chapapote pegajoso en nuestros sentimientos. Conozco gente que es capaz de mirar las redes en circunstancias como estas sin sufrir cicatrices, pero creo que la experiencia general es la contraria: yo he perdido un a\u00f1o de vida por cada d\u00eda que he mirado Telegram y X durante la crisis de la dana.<\/p>\n\n\n\n<p>La segunda lecci\u00f3n es que no hay nada espont\u00e1neo en las redes. Absolutamente nada. Cuando es el algoritmo el que manda, el m\u00f3vil nos maneja como una tragaperras. Y en el escaso margen que no son capaces de controlar y explotar desde Silicon Valley, se cuelan numerosos actores que se dedican profesionalmente a aprovechar esos vac\u00edos. Conozco bien Instagram o TikTok por pasar muchas horas delante, pero hay gente que estudia cada l\u00ednea del c\u00f3digo de la red social para colarse delante de mis ojos, para meterse en mi vida. Pueden ser profesionales de la publicidad, pero tambi\u00e9n profesionales de la toxicidad. Es la industria del bulo, que trabaja sin descanso para generar narrativas falsas, con la convicci\u00f3n de que alguna de esas mentiras se terminar\u00e1 filtrando hacia el gran p\u00fablico. Fue especialmente notable que <a href=\"https:\/\/elpais.com\/espana\/2024-11-03\/los-reyes-sanchez-y-mazon-increpados-al-grito-de-asesinos-en-su-visita-a-paiporta.html\" target=\"_blank\" rel=\"noreferrer noopener\">el Rey, mientras volaba el barro en Paiporta<\/a>, se\u00f1alara con rotundidad que la desinformaci\u00f3n hab\u00eda emponzo\u00f1ado el ambiente. El dolor de los vecinos es real, pero hay pir\u00f3manos echando gasolina en los m\u00f3viles.<\/p>\n\n\n\n<p>La tercera lecci\u00f3n, y decisiva, es la importancia del factor humano. Los estudios m\u00e1s recientes sobre desinformaci\u00f3n coinciden en que muchas veces <a href=\"https:\/\/elpais.com\/tecnologia\/2024-10-31\/la-trifulca-en-redes-por-la-dana-resucita-a-franco-y-el-bulo-de-las-presas-demolidas.html\" target=\"_blank\" rel=\"noreferrer noopener\">los usuarios diseminamos bulos a sabiendas<\/a>: porque fastidiar al contrario da placer, porque es un granito de arena m\u00e1s en mi discurso, porque da la raz\u00f3n a mi bando. Y porque pensamos: \u201cAl final y al cabo, si no es real, podr\u00eda serlo\u201d. Por eso, los agitadores se aprovechan sin dificultades de nuestros sesgos y prejuicios. Y ese factor humano, el de los activistas del odio, tambi\u00e9n debemos visualizarlo: detr\u00e1s de la m\u00e1quina del veneno hay personas interesadas. Como en la escena de <em>El mago de Oz<\/em>: cuando se corre la cortina, vemos que tras esa temible voz atronadora hay un fr\u00e1gil se\u00f1or de carne y hueso. Con sus intereses e incentivos. A este lado del m\u00f3vil, hay una persona. Al otro lado del bulo, tambi\u00e9n.<\/p>\n\n\n\n<p><strong>Javier Salas <\/strong>es jefe de la secci\u00f3n de Tecnolog\u00eda de EL PA\u00cdS.<\/p>\n","protected":false},"excerpt":{"rendered":"<p>La tragedia de la dana y la campa\u00f1a electoral en EE UU han puesto en&#8230;<\/p>\n","protected":false},"author":1,"featured_media":72514,"comment_status":"closed","ping_status":"closed","sticky":false,"template":"","format":"standard","meta":{"_coblocks_attr":"","_coblocks_dimensions":"","_coblocks_responsive_height":"","_coblocks_accordion_ie_support":"","jetpack_post_was_ever_published":false,"_jetpack_newsletter_access":"","_jetpack_dont_email_post_to_subs":false,"_jetpack_newsletter_tier_id":0,"_jetpack_memberships_contains_paywalled_content":false,"_jetpack_memberships_contains_paid_content":false,"footnotes":"","jetpack_publicize_message":"","jetpack_publicize_feature_enabled":true,"jetpack_social_post_already_shared":true,"jetpack_social_options":{"image_generator_settings":{"template":"highway","default_image_id":0,"enabled":false},"version":2}},"categories":[1161,44,6937,6920],"tags":[],"class_list":["post-72513","post","type-post","status-publish","format-standard","has-post-thumbnail","hentry","category-ciudadania","category-noticias-de-hoy","category-sociedad","category-tecnologia"],"jetpack_publicize_connections":[],"jetpack_featured_media_url":"https:\/\/i0.wp.com\/miradordeatarfe.es\/wp-content\/uploads\/2024\/11\/Screenshot-2024-11-06-at-11-13-16-El-debate-%C2%BFComo-condicionan-las-redes-y-los-bulos-nuestro-modelo-de-convivencia-Opinion-EL-PAIS.png?fit=729%2C399&ssl=1","jetpack_likes_enabled":true,"jetpack_sharing_enabled":true,"_links":{"self":[{"href":"https:\/\/miradordeatarfe.es\/index.php?rest_route=\/wp\/v2\/posts\/72513","targetHints":{"allow":["GET"]}}],"collection":[{"href":"https:\/\/miradordeatarfe.es\/index.php?rest_route=\/wp\/v2\/posts"}],"about":[{"href":"https:\/\/miradordeatarfe.es\/index.php?rest_route=\/wp\/v2\/types\/post"}],"author":[{"embeddable":true,"href":"https:\/\/miradordeatarfe.es\/index.php?rest_route=\/wp\/v2\/users\/1"}],"replies":[{"embeddable":true,"href":"https:\/\/miradordeatarfe.es\/index.php?rest_route=%2Fwp%2Fv2%2Fcomments&post=72513"}],"version-history":[{"count":1,"href":"https:\/\/miradordeatarfe.es\/index.php?rest_route=\/wp\/v2\/posts\/72513\/revisions"}],"predecessor-version":[{"id":72515,"href":"https:\/\/miradordeatarfe.es\/index.php?rest_route=\/wp\/v2\/posts\/72513\/revisions\/72515"}],"wp:featuredmedia":[{"embeddable":true,"href":"https:\/\/miradordeatarfe.es\/index.php?rest_route=\/wp\/v2\/media\/72514"}],"wp:attachment":[{"href":"https:\/\/miradordeatarfe.es\/index.php?rest_route=%2Fwp%2Fv2%2Fmedia&parent=72513"}],"wp:term":[{"taxonomy":"category","embeddable":true,"href":"https:\/\/miradordeatarfe.es\/index.php?rest_route=%2Fwp%2Fv2%2Fcategories&post=72513"},{"taxonomy":"post_tag","embeddable":true,"href":"https:\/\/miradordeatarfe.es\/index.php?rest_route=%2Fwp%2Fv2%2Ftags&post=72513"}],"curies":[{"name":"wp","href":"https:\/\/api.w.org\/{rel}","templated":true}]}}