{"id":72519,"date":"2024-11-08T11:05:00","date_gmt":"2024-11-08T10:05:00","guid":{"rendered":"https:\/\/miradordeatarfe.es\/?p=72519"},"modified":"2024-11-08T13:34:53","modified_gmt":"2024-11-08T12:34:53","slug":"i-duatlon-cros-ermita-los-tres-juanes-atarfe","status":"publish","type":"post","link":"https:\/\/miradordeatarfe.es\/?p=72519","title":{"rendered":"I DUATL\u00d3N CROS ERMITA LOS TRES JUANES ATARFE"},"content":{"rendered":"\n<p class=\"has-medium-font-size\"><strong>Revive los mejores momentos de la primera edici\u00f3n del Duatl\u00f3n Cros en la Ermita de los Tres Juanes!\u00a0<\/strong> <\/p>\n\n\n\n<p>Nuestros j\u00f3venes deportistas brillaron con su talento y entrega en esta exigente disciplina, demostrando que el futuro del deporte est\u00e1 en buenas manos. <\/p>\n\n\n\n<p>Esta emocionante prueba form\u00f3 parte de la VI Copa de Andaluc\u00eda de Duatl\u00f3n Cros de Menores y del V Circuito Provincial Babyschool de Triatl\u00f3n de Menores, consolidando a Atarfe como un punto de referencia en el deporte andaluz.<\/p>\n\n\n\n<p>El domingo 27 de octubre, se celebr\u00f3 en Atarfe (Granada) la<strong> primera edici\u00f3n del Duatl\u00f3n Cros de Menores Ermita de Los 3tres Juanes \u2013 C.D. Tribabyschool Atarf<\/strong>e. Una prueba en la que menores de edad combinar\u00e1n las disciplinas de carrera a pie y ciclismo BTT.<\/p>\n\n\n\n<p>La competici\u00f3n se realiz\u00f3 en el <strong>entorno de la Ermita de Atarfe, junto al lago<\/strong>. All\u00ed estaban ubicadas las zonas de salida, meta y transici\u00f3n y fue desde donde arranc\u00f3 la prueba a las 10 horas.<\/p>\n\n\n\n<p>La prueba, organizada por el C.D. TRICLUB BABYSCHOOL, con la colaboraci\u00f3n de Acidesa, el Ayuntamiento de Atarfe, la Junta de Andaluc\u00eda y la Federaci\u00f3n Andaluza de Triatl\u00f3n, ha sido puntuable para la <a href=\"https:\/\/triatlonandalucia.org\/wp-content\/uploads\/2024\/07\/NORMATIVA-DE-LA-VI-COPA-DE-ANDALUCIA-DE-DUATLON-CROS-DE-MENORES-2024-V2.pdf\">VI Copa de Andaluc\u00eda de Duatl\u00f3n Cros de Menores<\/a> y tambi\u00e9n para el <a href=\"https:\/\/triatlonandalucia.org\/wp-content\/uploads\/2024\/01\/NORMATIVA-DEL-V-CIRCUITO-PROVINCIAL-BABYSCHOOL-DE-TRIATLON-DE-MENORES-DE-GRANADA-2024-V2.pdf\">V Circuito Provincial BabySchool de Triatl\u00f3n de Menores de Granada<\/a>.<\/p>\n\n\n\n<p>Las inscripciones  a la prueba han sido un total de 147 menores que van desde la categor\u00eda prebenjam\u00edn (nacidos\/as en el 2017-18) hasta la categor\u00eda juvenil (nacidos\/as en el 2007-08) tanto federados\/as como no federados\/as en triatl\u00f3n.<\/p>\n\n\n\n<p>\u00a1Gracias a todos los participantes y a quienes hicieron posible esta jornada deportiva inolvidable!&nbsp;<\/p>\n\n\n\n<p>&nbsp;\u00a1Dale al play y disfruta del video!<\/p>\n\n\n\n<figure class=\"wp-block-embed is-type-video is-provider-youtube wp-block-embed-youtube wp-embed-aspect-16-9 wp-has-aspect-ratio\"><div class=\"wp-block-embed__wrapper\">\n<iframe loading=\"lazy\" title=\"\ud83c\udfc5 I DUATL\u00d3N CROS ERMITA LOS TRES JUANES ATARFE \ud83c\udfc5\" width=\"540\" height=\"960\" src=\"https:\/\/www.youtube.com\/embed\/ynokyCLK0o8?feature=oembed\" frameborder=\"0\" allow=\"accelerometer; autoplay; clipboard-write; encrypted-media; gyroscope; picture-in-picture; web-share\" referrerpolicy=\"strict-origin-when-cross-origin\" allowfullscreen><\/iframe>\n<\/div><\/figure>\n","protected":false},"excerpt":{"rendered":"<p>Revive los mejores momentos de la primera edici\u00f3n del Duatl\u00f3n Cros en la Ermita de&#8230;<\/p>\n","protected":false},"author":1,"featured_media":72520,"comment_status":"closed","ping_status":"closed","sticky":false,"template":"","format":"standard","meta":{"_coblocks_attr":"","_coblocks_dimensions":"","_coblocks_responsive_height":"","_coblocks_accordion_ie_support":"","jetpack_post_was_ever_published":false,"_jetpack_newsletter_access":"","_jetpack_dont_email_post_to_subs":false,"_jetpack_newsletter_tier_id":0,"_jetpack_memberships_contains_paywalled_content":false,"_jetpack_memberships_contains_paid_content":false,"footnotes":"","jetpack_publicize_message":"","jetpack_publicize_feature_enabled":true,"jetpack_social_post_already_shared":true,"jetpack_social_options":{"image_generator_settings":{"template":"highway","default_image_id":0,"enabled":false},"version":2}},"categories":[182,186,44,1],"tags":[],"class_list":["post-72519","post","type-post","status-publish","format-standard","has-post-thumbnail","hentry","category-deportes","category-instituciones","category-noticias-de-hoy","category-uncategorized"],"jetpack_publicize_connections":[],"jetpack_featured_media_url":"https:\/\/i0.wp.com\/miradordeatarfe.es\/wp-content\/uploads\/2024\/11\/Screenshot-2024-11-06-at-14-09-38-I-DUATLON-CROS-DE-MENORES-ERMITA-DE-LOS-3TRES-JUANES-C.D.-TRIBABYSCHOOL-ATARFE-Federacion-Andaluza-de-Triatlon.png?fit=509%2C168&ssl=1","jetpack_likes_enabled":true,"jetpack_sharing_enabled":true,"_links":{"self":[{"href":"https:\/\/miradordeatarfe.es\/index.php?rest_route=\/wp\/v2\/posts\/72519","targetHints":{"allow":["GET"]}}],"collection":[{"href":"https:\/\/miradordeatarfe.es\/index.php?rest_route=\/wp\/v2\/posts"}],"about":[{"href":"https:\/\/miradordeatarfe.es\/index.php?rest_route=\/wp\/v2\/types\/post"}],"author":[{"embeddable":true,"href":"https:\/\/miradordeatarfe.es\/index.php?rest_route=\/wp\/v2\/users\/1"}],"replies":[{"embeddable":true,"href":"https:\/\/miradordeatarfe.es\/index.php?rest_route=%2Fwp%2Fv2%2Fcomments&post=72519"}],"version-history":[{"count":1,"href":"https:\/\/miradordeatarfe.es\/index.php?rest_route=\/wp\/v2\/posts\/72519\/revisions"}],"predecessor-version":[{"id":72521,"href":"https:\/\/miradordeatarfe.es\/index.php?rest_route=\/wp\/v2\/posts\/72519\/revisions\/72521"}],"wp:featuredmedia":[{"embeddable":true,"href":"https:\/\/miradordeatarfe.es\/index.php?rest_route=\/wp\/v2\/media\/72520"}],"wp:attachment":[{"href":"https:\/\/miradordeatarfe.es\/index.php?rest_route=%2Fwp%2Fv2%2Fmedia&parent=72519"}],"wp:term":[{"taxonomy":"category","embeddable":true,"href":"https:\/\/miradordeatarfe.es\/index.php?rest_route=%2Fwp%2Fv2%2Fcategories&post=72519"},{"taxonomy":"post_tag","embeddable":true,"href":"https:\/\/miradordeatarfe.es\/index.php?rest_route=%2Fwp%2Fv2%2Ftags&post=72519"}],"curies":[{"name":"wp","href":"https:\/\/api.w.org\/{rel}","templated":true}]}}