{"id":72545,"date":"2024-11-01T11:00:00","date_gmt":"2024-11-01T10:00:00","guid":{"rendered":"https:\/\/miradordeatarfe.es\/?p=72545"},"modified":"2024-11-09T13:10:22","modified_gmt":"2024-11-09T12:10:22","slug":"no-tengo-tejado-tengo-tejado-pero-me-sale-muy-caro-mi-comercio-no-puede-instalar-placas-solares-vivo-de-alquiler-pues-te-interesa-esta-noticia","status":"publish","type":"post","link":"https:\/\/miradordeatarfe.es\/?p=72545","title":{"rendered":"ATARFE: \u00a1No tengo tejado para poner placas!, \u00a1Tengo tejado pero me sale muy caro! \u00a1Mi comercio no puede instalar placas! \u00a1Vivo de Alquiler ! Pues te interesa esta noticia"},"content":{"rendered":"\n<p class=\"has-medium-font-size\"><strong>Constituida la COMUNIDAD ENERG\u00c9TICA ATARFE, ahora se dispone a constituir la Directiva para continuar las gestiones con Ayuntamiento (cesi\u00f3n de tejado) y con la  empresa instaladora.<\/strong><\/p>\n\n\n\n<p class=\"has-medium-font-size\">Ya est\u00e1 constituida la COMUNIDAD ENERG\u00c9TICA LOCAL de ATARFE,(CELA) ahora nos disponemos a constituir la Directiva para continuar las gestiones con Ayuntamiento (cesi\u00f3n de tejado) y con empresa instaladora.<\/p>\n\n\n\n<p class=\"has-medium-font-size\">Si tu eres de los que te identificas con las frases anteriores: \u00a1No tengo tejado!, \u00a1Tengo tejado pero me sale muy caro! \u00a1Mi comercio no puede instalar placas solares! \u00a1Vivo de Alquiler ! lee las <strong>Razones por la que te conviene pertenecer a la comunidad energ\u00e9tica de Atarfe<\/strong><\/p>\n\n\n\n<p class=\"has-medium-font-size\">Vecinos y vecinas de Atarfe hemos puestos en marcha un proyecto de creaci\u00f3n de una Comunidad Energ\u00e9tica Local como respuesta al precio de la luz para sus vecinos y empresas. Esta Comunidad Energ\u00e9tica Local se plantea como una estrategia de autoconsumo compartido para ahorrar en la factura de la luz.<\/p>\n\n\n\n<p class=\"has-medium-font-size\"> Esta Comunidad Energ\u00e9tica Local es una agrupaci\u00f3n de vecinos\/as, Pymes, Empresas peque\u00f1as , Empresas medianas, Comunidades de vecinos\/as, instituciones de un mismo municipio en la que pueden beneficiarse de las ventajas medioambientales, econ\u00f3micas y sociales que conlleva el autoconsumo de energ\u00eda compartido. Las comunidades energ\u00e9ticas son grupos de personas que se unen para gestionar, producir y consumir su propia energ\u00eda limpia.<\/p>\n\n\n\n<p class=\"has-large-font-size\">Razones para ser parte del proyecto<\/p>\n\n\n\n<p class=\"has-medium-font-size\">1.- <strong>La energ\u00eda solar ayudar en la reducci\u00f3n de costos de energ\u00eda<\/strong>. La Comunidad Energ\u00e9tica Local de Atarfe (CELA), realiza su propia generaci\u00f3n de energ\u00eda renovable en el propio municipio, de esta forma los miembros de la CELA consumen su propia energ\u00eda a un <strong><em>precio m\u00e1s reducido<\/em><\/strong>, utilizando una energ\u00eda 100% renovable y de km0. <\/p>\n\n\n\n<p class=\"has-medium-font-size\">Las placas se instalar\u00edan en casas  particulares y en tejado cedido por el Ayuntamiento de Atarfe a la COMUNIDAD ENERG\u00c9TICA DE ATARFE, para unos 25 a\u00f1os, periodo medio de vida de las placas fotovoltaicas.<\/p>\n\n\n\n<p>2.- Las personas de la comunidad energ\u00e9tica  que quieran tener su propia instalaci\u00f3n de energ\u00eda renovable, la Comunidad Energ\u00e9tica<strong> negociar\u00e1 con la empresa instaladora la FINANCIACI\u00d3N <\/strong>de las instalaciones de placas solares  para que sea m\u00e1s barato que si las instala de forma individual.  Estas personas ser\u00e1n socios\/as que quieren instalar placas solares y que con una compra colectiva les sale m\u00e1s barato y <strong>aumenta el valor de la propiedad<\/strong><\/p>\n\n\n\n<p>3.- Se negociar\u00e1 <strong>contratar colectivamente con  la compa\u00f1\u00eda Comercializadora<\/strong>, de modo que mejore el precio de la luz. Adem\u00e1s  se negociar\u00e1 con la empresa el  mantenimiento de la instalaci\u00f3n de las placas solares de todos los socios\/as que lo deseen y que sean miembros de la comunidad energ\u00e9tica <\/p>\n\n\n\n<p>Se trata de saber cuantas personas quieren participar  para saber  las necesidades Energ\u00e9ticas que los socios\/as necesitan y negociar con las empresas<\/p>\n\n\n\n<p>Pero la comunidad energ\u00e9tica necesita que toda<em><strong> persona interesada en participar o conocer<\/strong><\/em>, rellenane el formulario que  se difunde en el enlace de abajo<strong>.  NO SUPONE COMPROMISO NINGUNO DE COMPRA. <\/strong> Esta informaci\u00f3n es la que nos servir\u00e1 tanto a La Comunidad Energ\u00e9tica como al Ayuntamiento para saber cuales son las necesidades reales de las personas atarfe\u00f1as interesadas en abaratar los costes de luz de manera sostenible.<\/p>\n\n\n\n<p class=\"has-large-font-size\">RELLENA EL FORMULARIO Y ASISTE <strong>El mi\u00e9rcoles, 13 noviembre, a las 18:30, Centro C\u00edvico<\/strong>, nos reunimos para ESTUDIAR nuestros avances.<\/p>\n\n\n\n<p class=\"has-large-font-size\"><br \/>\u00a1Contacta con nosotros y te asesoramos en todo lo que necesites!<\/p>\n\n\n\n<p class=\"has-large-font-size\"><a href=\"https:\/\/forms.gle\/9XMkZ7smDF9c6rfZ6\">https:\/\/forms.gle\/9XMkZ7smDF9c6rfZ6<\/a><\/p>\n\n\n\n<p>FOTO:<a href=\" https:\/\/www.limpiezapanelessolares.es\/blog\/energia-solar-que-es-y-como-funciona-esta-fuente-renovable\/\"> https:\/\/www.limpiezapanelessolares.es\/blog\/energia-solar-que-es-y-como-funciona-esta-fuente-renovable\/<\/a><\/p>\n\n\n\n<p class=\"has-medium-font-size\"><br \/><\/p>\n\n\n\n\n","protected":false},"excerpt":{"rendered":"<p>Constituida la COMUNIDAD ENERG\u00c9TICA ATARFE, ahora se dispone a constituir la Directiva para continuar las&#8230;<\/p>\n","protected":false},"author":1,"featured_media":72546,"comment_status":"closed","ping_status":"closed","sticky":false,"template":"","format":"standard","meta":{"_coblocks_attr":"","_coblocks_dimensions":"","_coblocks_responsive_height":"","_coblocks_accordion_ie_support":"","jetpack_post_was_ever_published":false,"_jetpack_newsletter_access":"","_jetpack_dont_email_post_to_subs":false,"_jetpack_newsletter_tier_id":0,"_jetpack_memberships_contains_paywalled_content":false,"_jetpack_memberships_contains_paid_content":false,"footnotes":"","jetpack_publicize_message":"","jetpack_publicize_feature_enabled":true,"jetpack_social_post_already_shared":false,"jetpack_social_options":{"image_generator_settings":{"template":"highway","default_image_id":0,"enabled":false},"version":2}},"categories":[1161,10800,186,44],"tags":[],"class_list":["post-72545","post","type-post","status-publish","format-standard","has-post-thumbnail","hentry","category-ciudadania","category-comunidad-energetica-de-atarfe","category-instituciones","category-noticias-de-hoy"],"jetpack_publicize_connections":[],"jetpack_featured_media_url":"https:\/\/i0.wp.com\/miradordeatarfe.es\/wp-content\/uploads\/2024\/11\/beneficios-de-la-energia-solar-en-el-hogar-ahorro-y-sostenibilidad.jpg?fit=800%2C600&ssl=1","jetpack_likes_enabled":true,"jetpack_sharing_enabled":true,"_links":{"self":[{"href":"https:\/\/miradordeatarfe.es\/index.php?rest_route=\/wp\/v2\/posts\/72545","targetHints":{"allow":["GET"]}}],"collection":[{"href":"https:\/\/miradordeatarfe.es\/index.php?rest_route=\/wp\/v2\/posts"}],"about":[{"href":"https:\/\/miradordeatarfe.es\/index.php?rest_route=\/wp\/v2\/types\/post"}],"author":[{"embeddable":true,"href":"https:\/\/miradordeatarfe.es\/index.php?rest_route=\/wp\/v2\/users\/1"}],"replies":[{"embeddable":true,"href":"https:\/\/miradordeatarfe.es\/index.php?rest_route=%2Fwp%2Fv2%2Fcomments&post=72545"}],"version-history":[{"count":3,"href":"https:\/\/miradordeatarfe.es\/index.php?rest_route=\/wp\/v2\/posts\/72545\/revisions"}],"predecessor-version":[{"id":72552,"href":"https:\/\/miradordeatarfe.es\/index.php?rest_route=\/wp\/v2\/posts\/72545\/revisions\/72552"}],"wp:featuredmedia":[{"embeddable":true,"href":"https:\/\/miradordeatarfe.es\/index.php?rest_route=\/wp\/v2\/media\/72546"}],"wp:attachment":[{"href":"https:\/\/miradordeatarfe.es\/index.php?rest_route=%2Fwp%2Fv2%2Fmedia&parent=72545"}],"wp:term":[{"taxonomy":"category","embeddable":true,"href":"https:\/\/miradordeatarfe.es\/index.php?rest_route=%2Fwp%2Fv2%2Fcategories&post=72545"},{"taxonomy":"post_tag","embeddable":true,"href":"https:\/\/miradordeatarfe.es\/index.php?rest_route=%2Fwp%2Fv2%2Ftags&post=72545"}],"curies":[{"name":"wp","href":"https:\/\/api.w.org\/{rel}","templated":true}]}}