{"id":72564,"date":"2024-11-09T11:24:00","date_gmt":"2024-11-09T10:24:00","guid":{"rendered":"https:\/\/miradordeatarfe.es\/?p=72564"},"modified":"2024-11-09T14:05:28","modified_gmt":"2024-11-09T13:05:28","slug":"avisos-del-ayuntamiento-de-atarfe-3","status":"publish","type":"post","link":"https:\/\/miradordeatarfe.es\/?p=72564","title":{"rendered":"AVISOS DEL AYUNTAMIENTO DE ATARFE"},"content":{"rendered":"\n<p class=\"has-vivid-red-color has-text-color has-link-color has-medium-font-size wp-elements-8c142b30e2cbcf7e37c7ba81508ec8a1\"><strong>CIERRE DEL PARQUE PINK FLOYD por Reformas, Y CAMPA\u00d1A CONTRA EL VIRUS DEL NILO<\/strong><\/p>\n\n\n\n\n\n\n\n<p>Informamos a todos los vecinos y vecinas que han comenzado las reformas en el Parque Pink Floyd. Esta actuaci\u00f3n es necesaria para mejorar las instalaciones y ofrecer un mejor espacio de ocio para todos.<\/p>\n\n\n\n<p>Se van a sustituir los columpios y se rehabilitar\u00e1n las zonas deterioradas.<\/p>\n\n\n\n<p>Pedimos disculpas por las molestias ocasionadas y agradecemos vuestra comprensi\u00f3n. Estas mejoras son parte de una actuaci\u00f3n integral para hacer de nuestros parques un lugar m\u00e1s seguro y disfrutable.<\/p>\n\n\n\n<figure class=\"wp-block-image size-full\"><img data-recalc-dims=\"1\" loading=\"lazy\" decoding=\"async\" width=\"600\" height=\"849\" src=\"https:\/\/i0.wp.com\/miradordeatarfe.es\/wp-content\/uploads\/2024\/11\/PINK.jpg?resize=600%2C849&#038;ssl=1\" alt=\"\" class=\"wp-image-72565\" srcset=\"https:\/\/i0.wp.com\/miradordeatarfe.es\/wp-content\/uploads\/2024\/11\/PINK.jpg?w=600&amp;ssl=1 600w, https:\/\/i0.wp.com\/miradordeatarfe.es\/wp-content\/uploads\/2024\/11\/PINK.jpg?resize=212%2C300&amp;ssl=1 212w\" sizes=\"auto, (max-width: 600px) 100vw, 600px\" \/><\/figure>\n\n\n\n<p class=\"has-large-font-size\"><strong>Campa\u00f1a de Prevenci\u00f3n contra la Fiebre del Nilo <\/strong><\/p>\n\n\n\n<p>Para protegernos de los mosquitos y prevenir la Fiebre del Nilo, el Ayuntamiento de Atarfe est\u00e1 realizando un tratamiento adulticida en todos nuestros parques y zonas p\u00fablicas susceptibles de la presencia de mosquitos. Tambi\u00e9n se est\u00e1 realizando un tratamiento en imbornales para el control de larvas.<\/p>\n\n\n\n<p>Os adjuntamos informaci\u00f3n para que actu\u00e9is en vuestras casas. Agradecemos la colaboraci\u00f3n de todos los vecinos y vecinas en esta importante acci\u00f3n preventiva.<\/p>\n\n\n\n<figure class=\"wp-block-image size-large is-resized\"><img data-recalc-dims=\"1\" loading=\"lazy\" decoding=\"async\" width=\"640\" height=\"454\" src=\"https:\/\/i0.wp.com\/miradordeatarfe.es\/wp-content\/uploads\/2024\/11\/Screenshot-2024-11-08-at-14-02-23-Mosquitos-Chiclana_Athisa_AF-servicio-municipal-control-mosquitos.pdf.png?resize=640%2C454&#038;ssl=1\" alt=\"\" class=\"wp-image-72566\" style=\"width:906px;height:auto\" srcset=\"https:\/\/i0.wp.com\/miradordeatarfe.es\/wp-content\/uploads\/2024\/11\/Screenshot-2024-11-08-at-14-02-23-Mosquitos-Chiclana_Athisa_AF-servicio-municipal-control-mosquitos.pdf.png?resize=1024%2C727&amp;ssl=1 1024w, https:\/\/i0.wp.com\/miradordeatarfe.es\/wp-content\/uploads\/2024\/11\/Screenshot-2024-11-08-at-14-02-23-Mosquitos-Chiclana_Athisa_AF-servicio-municipal-control-mosquitos.pdf.png?resize=300%2C213&amp;ssl=1 300w, https:\/\/i0.wp.com\/miradordeatarfe.es\/wp-content\/uploads\/2024\/11\/Screenshot-2024-11-08-at-14-02-23-Mosquitos-Chiclana_Athisa_AF-servicio-municipal-control-mosquitos.pdf.png?resize=768%2C545&amp;ssl=1 768w, https:\/\/i0.wp.com\/miradordeatarfe.es\/wp-content\/uploads\/2024\/11\/Screenshot-2024-11-08-at-14-02-23-Mosquitos-Chiclana_Athisa_AF-servicio-municipal-control-mosquitos.pdf.png?w=1234&amp;ssl=1 1234w\" sizes=\"auto, (max-width: 640px) 100vw, 640px\" \/><\/figure>\n\n\n\n\n\n\n\n<figure class=\"wp-block-image size-large is-resized\"><img data-recalc-dims=\"1\" loading=\"lazy\" decoding=\"async\" width=\"640\" height=\"458\" src=\"https:\/\/i0.wp.com\/miradordeatarfe.es\/wp-content\/uploads\/2024\/11\/Screenshot-2024-11-08-at-14-03-02-Mosquitos-Chiclana_Athisa_AF-servicio-municipal-control-mosquitos.pdf.png?resize=640%2C458&#038;ssl=1\" alt=\"\" class=\"wp-image-72567\" style=\"width:928px;height:auto\" srcset=\"https:\/\/i0.wp.com\/miradordeatarfe.es\/wp-content\/uploads\/2024\/11\/Screenshot-2024-11-08-at-14-03-02-Mosquitos-Chiclana_Athisa_AF-servicio-municipal-control-mosquitos.pdf.png?resize=1024%2C733&amp;ssl=1 1024w, https:\/\/i0.wp.com\/miradordeatarfe.es\/wp-content\/uploads\/2024\/11\/Screenshot-2024-11-08-at-14-03-02-Mosquitos-Chiclana_Athisa_AF-servicio-municipal-control-mosquitos.pdf.png?resize=300%2C215&amp;ssl=1 300w, https:\/\/i0.wp.com\/miradordeatarfe.es\/wp-content\/uploads\/2024\/11\/Screenshot-2024-11-08-at-14-03-02-Mosquitos-Chiclana_Athisa_AF-servicio-municipal-control-mosquitos.pdf.png?resize=768%2C550&amp;ssl=1 768w, https:\/\/i0.wp.com\/miradordeatarfe.es\/wp-content\/uploads\/2024\/11\/Screenshot-2024-11-08-at-14-03-02-Mosquitos-Chiclana_Athisa_AF-servicio-municipal-control-mosquitos.pdf.png?w=1231&amp;ssl=1 1231w\" sizes=\"auto, (max-width: 640px) 100vw, 640px\" \/><\/figure>\n\n\n\n<figure class=\"wp-block-embed is-type-video is-provider-youtube wp-block-embed-youtube wp-embed-aspect-16-9 wp-has-aspect-ratio\"><div class=\"wp-block-embed__wrapper\">\n<iframe loading=\"lazy\" title=\"\ud83d\udeab Campa\u00f1a de Prevenci\u00f3n contra la Fiebre del Nilo \ud83d\udeab\" width=\"640\" height=\"360\" src=\"https:\/\/www.youtube.com\/embed\/uwZaW5YTGeI?feature=oembed\" frameborder=\"0\" allow=\"accelerometer; autoplay; clipboard-write; encrypted-media; gyroscope; picture-in-picture; web-share\" referrerpolicy=\"strict-origin-when-cross-origin\" allowfullscreen><\/iframe>\n<\/div><\/figure>\n","protected":false},"excerpt":{"rendered":"<p>CIERRE DEL PARQUE PINK FLOYD por Reformas, Y CAMPA\u00d1A CONTRA EL VIRUS DEL NILO Informamos&#8230;<\/p>\n","protected":false},"author":1,"featured_media":72568,"comment_status":"closed","ping_status":"closed","sticky":false,"template":"","format":"standard","meta":{"_coblocks_attr":"","_coblocks_dimensions":"","_coblocks_responsive_height":"","_coblocks_accordion_ie_support":"","jetpack_post_was_ever_published":false,"_jetpack_newsletter_access":"","_jetpack_dont_email_post_to_subs":false,"_jetpack_newsletter_tier_id":0,"_jetpack_memberships_contains_paywalled_content":false,"_jetpack_memberships_contains_paid_content":false,"footnotes":"","jetpack_publicize_message":"","jetpack_publicize_feature_enabled":true,"jetpack_social_post_already_shared":true,"jetpack_social_options":{"image_generator_settings":{"template":"highway","default_image_id":0,"enabled":false},"version":2}},"categories":[6916,1161,44],"tags":[],"class_list":["post-72564","post","type-post","status-publish","format-standard","has-post-thumbnail","hentry","category-ayuntamiento-de-atarfe","category-ciudadania","category-noticias-de-hoy"],"jetpack_publicize_connections":[],"jetpack_featured_media_url":"https:\/\/i0.wp.com\/miradordeatarfe.es\/wp-content\/uploads\/2024\/11\/andalucia-granada-salud-detecta-la-presencia-del-virus-del-nilo-en-santa-fe-tras-tres-casos-en-la-provincia.webp?fit=1920%2C1080&ssl=1","jetpack_likes_enabled":true,"jetpack_sharing_enabled":true,"_links":{"self":[{"href":"https:\/\/miradordeatarfe.es\/index.php?rest_route=\/wp\/v2\/posts\/72564","targetHints":{"allow":["GET"]}}],"collection":[{"href":"https:\/\/miradordeatarfe.es\/index.php?rest_route=\/wp\/v2\/posts"}],"about":[{"href":"https:\/\/miradordeatarfe.es\/index.php?rest_route=\/wp\/v2\/types\/post"}],"author":[{"embeddable":true,"href":"https:\/\/miradordeatarfe.es\/index.php?rest_route=\/wp\/v2\/users\/1"}],"replies":[{"embeddable":true,"href":"https:\/\/miradordeatarfe.es\/index.php?rest_route=%2Fwp%2Fv2%2Fcomments&post=72564"}],"version-history":[{"count":2,"href":"https:\/\/miradordeatarfe.es\/index.php?rest_route=\/wp\/v2\/posts\/72564\/revisions"}],"predecessor-version":[{"id":72598,"href":"https:\/\/miradordeatarfe.es\/index.php?rest_route=\/wp\/v2\/posts\/72564\/revisions\/72598"}],"wp:featuredmedia":[{"embeddable":true,"href":"https:\/\/miradordeatarfe.es\/index.php?rest_route=\/wp\/v2\/media\/72568"}],"wp:attachment":[{"href":"https:\/\/miradordeatarfe.es\/index.php?rest_route=%2Fwp%2Fv2%2Fmedia&parent=72564"}],"wp:term":[{"taxonomy":"category","embeddable":true,"href":"https:\/\/miradordeatarfe.es\/index.php?rest_route=%2Fwp%2Fv2%2Fcategories&post=72564"},{"taxonomy":"post_tag","embeddable":true,"href":"https:\/\/miradordeatarfe.es\/index.php?rest_route=%2Fwp%2Fv2%2Ftags&post=72564"}],"curies":[{"name":"wp","href":"https:\/\/api.w.org\/{rel}","templated":true}]}}