{"id":72570,"date":"2024-11-10T11:13:00","date_gmt":"2024-11-10T10:13:00","guid":{"rendered":"https:\/\/miradordeatarfe.es\/?p=72570"},"modified":"2024-11-09T12:28:30","modified_gmt":"2024-11-09T11:28:30","slug":"atarfe-tiene-la-mujer-los-mismos-derechos-que-el-hombre-en-las-leyes","status":"publish","type":"post","link":"https:\/\/miradordeatarfe.es\/?p=72570","title":{"rendered":"ATARFE: \u00bf TIENE LA MUJER LOS MISMOS DERECHOS QUE EL HOMBRE, EN LAS LEYES?"},"content":{"rendered":"\n<p class=\"has-medium-font-size\"><strong>Conferencia: \u00abConstruyendo un nuevo marco jur\u00eddico hacia la ciudadan\u00eda completa de la mujer\u00bb Martes, 12 de Noviembre a las  19:00 en el  Centro C\u00edvico<\/strong><\/p>\n\n\n\n<p>En el marco de las <strong>actividades previas al 25N, D\u00eda Internacional de la Eliminaci\u00f3n de la Violencia contra las Mujeres, te<\/strong> invitamos a esta interesante charla organizada por la Concejal\u00eda de Participaci\u00f3n Ciudadana en colaboraci\u00f3n con la Concejal\u00eda de Igualdad.<\/p>\n\n\n\n<p>&#x1f469;&#x200d;&#x1f3eb; Impartida por<strong> D\u00f1a. Juana Mar\u00eda Gil Ruiz, Catedr\u00e1tica de Filosof\u00eda del Derecho de la UGR<\/strong> y Presidenta de la Sociedad Espa\u00f1ola de Filosof\u00eda Jur\u00eddica y Pol\u00edtica, quien nos ofrecer\u00e1 una reflexi\u00f3n sobre el feminismo y su papel en la creaci\u00f3n de nuevos marcos jur\u00eddicos y pol\u00edticos para una ciudadan\u00eda plena de la mujer.<\/p>\n\n\n\n<p>La inclusi\u00f3n del principio de igualdad y no discriminaci\u00f3n por raz\u00f3n de sexo es, en t\u00e9rminos hist\u00f3ricos, relativamente reciente en los textos constitucionales y se ha configurado como el cauce para el reconocimiento de las mujeres como ciudadanas y como sujetos de derechos. Sin embargo ni la consagraci\u00f3n de la igualdad en las Constituciones ni su desarrollo normativo, especialmente en la \u00faltima d\u00e9cada, ha posibilitado la erradicaci\u00f3n de la situaci\u00f3n secular de desigualdad de mujeres y hombres<\/p>\n\n\n\n<p>El feminismo ha desarrollado nuevos marcos conceptuales, jur\u00eddicos y pol\u00edticos para pensar el mundo p\u00fablico al cuestionar las convenciones que han naturalizado el poder jer\u00e1rquico y al se\u00f1alar que el poder pol\u00edtico, puede y debe ser ejercido tambi\u00e9n en el \u00e1mbito de las relaciones familiares y de la intimidad, con la participaci\u00f3n de todos sus integrantes.<\/p>\n\n\n\n<p><strong>D\u00eda: Martes, 12 de Noviembre<br \/> Hora: 19:00<br \/> Lugar: Centro C\u00edvico<\/strong><\/p>\n\n\n\n<figure class=\"wp-block-image size-large\"><img data-recalc-dims=\"1\" loading=\"lazy\" decoding=\"async\" width=\"640\" height=\"905\" src=\"https:\/\/i0.wp.com\/miradordeatarfe.es\/wp-content\/uploads\/2024\/11\/Imagen-de-WhatsApp-2024-11-08-a-las-10.14.29_307cab36.jpg?resize=640%2C905&#038;ssl=1\" alt=\"\" class=\"wp-image-72571\" srcset=\"https:\/\/i0.wp.com\/miradordeatarfe.es\/wp-content\/uploads\/2024\/11\/Imagen-de-WhatsApp-2024-11-08-a-las-10.14.29_307cab36.jpg?resize=724%2C1024&amp;ssl=1 724w, https:\/\/i0.wp.com\/miradordeatarfe.es\/wp-content\/uploads\/2024\/11\/Imagen-de-WhatsApp-2024-11-08-a-las-10.14.29_307cab36.jpg?resize=212%2C300&amp;ssl=1 212w, https:\/\/i0.wp.com\/miradordeatarfe.es\/wp-content\/uploads\/2024\/11\/Imagen-de-WhatsApp-2024-11-08-a-las-10.14.29_307cab36.jpg?resize=768%2C1086&amp;ssl=1 768w, https:\/\/i0.wp.com\/miradordeatarfe.es\/wp-content\/uploads\/2024\/11\/Imagen-de-WhatsApp-2024-11-08-a-las-10.14.29_307cab36.jpg?resize=1086%2C1536&amp;ssl=1 1086w, https:\/\/i0.wp.com\/miradordeatarfe.es\/wp-content\/uploads\/2024\/11\/Imagen-de-WhatsApp-2024-11-08-a-las-10.14.29_307cab36.jpg?resize=1024%2C1448&amp;ssl=1 1024w, https:\/\/i0.wp.com\/miradordeatarfe.es\/wp-content\/uploads\/2024\/11\/Imagen-de-WhatsApp-2024-11-08-a-las-10.14.29_307cab36.jpg?resize=1320%2C1867&amp;ssl=1 1320w, https:\/\/i0.wp.com\/miradordeatarfe.es\/wp-content\/uploads\/2024\/11\/Imagen-de-WhatsApp-2024-11-08-a-las-10.14.29_307cab36.jpg?w=1448&amp;ssl=1 1448w\" sizes=\"auto, (max-width: 640px) 100vw, 640px\" \/><\/figure>\n","protected":false},"excerpt":{"rendered":"<p>Conferencia: \u00abConstruyendo un nuevo marco jur\u00eddico hacia la ciudadan\u00eda completa de la mujer\u00bb Martes, 12&#8230;<\/p>\n","protected":false},"author":1,"featured_media":72572,"comment_status":"closed","ping_status":"closed","sticky":false,"template":"","format":"standard","meta":{"_coblocks_attr":"","_coblocks_dimensions":"","_coblocks_responsive_height":"","_coblocks_accordion_ie_support":"","jetpack_post_was_ever_published":false,"_jetpack_newsletter_access":"","_jetpack_dont_email_post_to_subs":false,"_jetpack_newsletter_tier_id":0,"_jetpack_memberships_contains_paywalled_content":false,"_jetpack_memberships_contains_paid_content":false,"footnotes":"","jetpack_publicize_message":"","jetpack_publicize_feature_enabled":true,"jetpack_social_post_already_shared":true,"jetpack_social_options":{"image_generator_settings":{"template":"highway","default_image_id":0,"enabled":false},"version":2}},"categories":[6916,1161,14,44],"tags":[],"class_list":["post-72570","post","type-post","status-publish","format-standard","has-post-thumbnail","hentry","category-ayuntamiento-de-atarfe","category-ciudadania","category-feminismo","category-noticias-de-hoy"],"jetpack_publicize_connections":[],"jetpack_featured_media_url":"https:\/\/i0.wp.com\/miradordeatarfe.es\/wp-content\/uploads\/2024\/11\/Imagen-de-WhatsApp-2024-11-08-a-las-10.14.29_307cab36-1.jpg?fit=1431%2C1105&ssl=1","jetpack_likes_enabled":true,"jetpack_sharing_enabled":true,"_links":{"self":[{"href":"https:\/\/miradordeatarfe.es\/index.php?rest_route=\/wp\/v2\/posts\/72570","targetHints":{"allow":["GET"]}}],"collection":[{"href":"https:\/\/miradordeatarfe.es\/index.php?rest_route=\/wp\/v2\/posts"}],"about":[{"href":"https:\/\/miradordeatarfe.es\/index.php?rest_route=\/wp\/v2\/types\/post"}],"author":[{"embeddable":true,"href":"https:\/\/miradordeatarfe.es\/index.php?rest_route=\/wp\/v2\/users\/1"}],"replies":[{"embeddable":true,"href":"https:\/\/miradordeatarfe.es\/index.php?rest_route=%2Fwp%2Fv2%2Fcomments&post=72570"}],"version-history":[{"count":3,"href":"https:\/\/miradordeatarfe.es\/index.php?rest_route=\/wp\/v2\/posts\/72570\/revisions"}],"predecessor-version":[{"id":72576,"href":"https:\/\/miradordeatarfe.es\/index.php?rest_route=\/wp\/v2\/posts\/72570\/revisions\/72576"}],"wp:featuredmedia":[{"embeddable":true,"href":"https:\/\/miradordeatarfe.es\/index.php?rest_route=\/wp\/v2\/media\/72572"}],"wp:attachment":[{"href":"https:\/\/miradordeatarfe.es\/index.php?rest_route=%2Fwp%2Fv2%2Fmedia&parent=72570"}],"wp:term":[{"taxonomy":"category","embeddable":true,"href":"https:\/\/miradordeatarfe.es\/index.php?rest_route=%2Fwp%2Fv2%2Fcategories&post=72570"},{"taxonomy":"post_tag","embeddable":true,"href":"https:\/\/miradordeatarfe.es\/index.php?rest_route=%2Fwp%2Fv2%2Ftags&post=72570"}],"curies":[{"name":"wp","href":"https:\/\/api.w.org\/{rel}","templated":true}]}}