{"id":72620,"date":"2024-11-11T09:16:00","date_gmt":"2024-11-11T08:16:00","guid":{"rendered":"https:\/\/miradordeatarfe.es\/?p=72620"},"modified":"2024-11-10T19:20:01","modified_gmt":"2024-11-10T18:20:01","slug":"estar-a-la-altura-de-los-valencianos","status":"publish","type":"post","link":"https:\/\/miradordeatarfe.es\/?p=72620","title":{"rendered":"Estar a la altura de los valencianos"},"content":{"rendered":"\n<p class=\"has-medium-font-size\"><strong>La indignaci\u00f3n en Valencia cobra forma en una multitudinaria manifestaci\u00f3n para exigir la dimisi\u00f3n de Maz\u00f3n y su equipo<\/strong><\/p>\n\n\n\n<p>Doce d\u00edas despu\u00e9s de que un episodio de gota fr\u00eda sin precedentes en este siglo se llevara por delante al menos 214 vidas en Valencia, decenas de desaparecidos y dejara pueblos enteros devastados por el agua y millonarios da\u00f1os materiales, <a href=\"https:\/\/elpais.com\/espana\/2024-11-09\/ultima-hora-de-la-dana-en-directo.html\" target=\"_blank\" rel=\"noreferrer noopener\">la creciente indignaci\u00f3n de la sociedad valenciana cobr\u00f3 forma este s\u00e1bado en una manifestaci\u00f3n <\/a>en la capital que se replic\u00f3 tambi\u00e9n en otros lugares como Alicante. La manifestaci\u00f3n se celebr\u00f3 de forma pac\u00edfica, pero no en silencio como ped\u00edan sus convocantes. Acudieron 130.000 personas, seg\u00fan la Delegaci\u00f3n del Gobierno, para pedir a gritos la dimisi\u00f3n del <em>president<\/em> de la Generalitat, Carlos Maz\u00f3n, por su nefasta gesti\u00f3n de la cat\u00e1strofe y los intentos de ocultar <a href=\"https:\/\/elpais.com\/clima-y-medio-ambiente\/2024-11-07\/asi-fueron-las-horas-clave-antes-de-que-la-catastrofica-riada-del-barranco-del-poyo-arrasara-paiporta.html\" target=\"_blank\" rel=\"noreferrer noopener\">la cadena de incompetencia en la jornada del 29 de octubre <\/a>y los momentos cr\u00edticos en los que hab\u00eda que tomar decisiones ante el peligro. Los manifestantes convocados por organizaciones sociales y sindicatos exigieron la depuraci\u00f3n de responsabilidades pol\u00edticas por \u201cuna cronolog\u00eda contrastada por los servicios meteorol\u00f3gicos\u201d, como la Aemet, que hab\u00edan decretado la alerta roja por la ma\u00f1ana temprano mientras el Gobierno regional permiti\u00f3 que la vida laboral y escolar continuara sin un aviso general a la poblaci\u00f3n que no lleg\u00f3 hasta pasadas las ocho de la tarde.<\/p>\n\n\n\n<p>Muchos de los manifestantes hab\u00edan trabajado como v<a href=\"https:\/\/elpais.com\/espana\/2024-11-09\/los-voluntarios-ese-loco-ejercito-organizado-a-su-modo-necesario-y-util.html\" target=\"_blank\" rel=\"noreferrer noopener\">oluntarios por la ma\u00f1ana en alguno de los 80 municipios afectados por la dana<\/a> que a\u00fan luchan contra el lodo y la putrefacci\u00f3n en las calles. Su papel est\u00e1 siendo decisivo en la respuesta a la crisis. La ola de solidaridad ciudadana inmediata tras las inundaciones del pasado 29 de octubre reflejan el pulso c\u00edvico de la sociedad valenciana y espa\u00f1ola, que se ha hecho cargo de la magnitud de la tragedia con mayor rapidez que sus autoridades. En el manifiesto le\u00eddo al final de la manifestaci\u00f3n se denuncia que el pueblo valenciano se vio abandonado a su suerte durante cinco d\u00edas y critica al Gobierno espa\u00f1ol por no haber \u201cpresionado de manera contundente e inmediata al Ejecutivo valenciano ante su inacci\u00f3n\u201d.<\/p>\n\n\n\n<p>Las costuras de la indignaci\u00f3n social ya saltaron hace una semana cuando los Reyes y los presidentes del Gobierno y de la Comunidad Valenciana acudieron a Paiporta. Y ese sentimiento ha ido a m\u00e1s al conocer que el d\u00eda de la cat\u00e1strofe, cuando hab\u00eda alertas rojas meteorol\u00f3gicas desde el amanecer, el presidente <a href=\"https:\/\/elpais.com\/espana\/2024-11-09\/mazon-sostiene-que-la-dana-era-una-tormenta-normal-hasta-las-siete-de-la-tarde-cuando-todo-cambio.html\" target=\"_blank\" rel=\"noreferrer noopener\">Maz\u00f3n pas\u00f3 horas comiendo en un c\u00e9ntrico restaurante de Valencia <\/a>para ofrecer la direcci\u00f3n de la televisi\u00f3n auton\u00f3mica a una periodista. Que el propio <em>president<\/em> considere que esa cita disculpa su ausencia da la medida de la distancia entre su manera de entender la responsabilidad y lo que su sociedad demanda. Cuando Maz\u00f3n decidi\u00f3 interesarse por la emergencia, la situaci\u00f3n ya era de colapso. En ese tiempo, la consejera responsable de gestionar la cat\u00e1strofe dej\u00f3 patente su desconocimiento de las competencias de su \u00e1rea. En su huida hacia adelante para justificarse, Maz\u00f3n public\u00f3 un SMS que le envi\u00f3 la vicepresidenta Teresa Ribera a las 20:20 de ese d\u00eda tras no lograr hablar con \u00e9l por la tarde. El mensaje, en realidad, dice que el Gobierno central estaba \u201cpendiente y preocupado\u201d y le ofrec\u00eda toda la ayuda.<\/p>\n\n\n\n<p><a href=\"https:\/\/elpais.com\/espana\/comunidad-valenciana\/2024-11-09\/el-pp-duda-de-la-salida-de-la-responsable-de-emergencias-si-cae-la-consejera-el-siguiente-es-mazon.html\" target=\"_blank\" rel=\"noreferrer noopener\">El PP no ha apoyado expresamente a Maz\u00f3n pero ha puesto en marcha su conocido ventilador <\/a>de acusaciones a otros en las tragedias. Es evidente que solo trata de ganar tiempo para intentar contener la profunda crisis pol\u00edtica que afronta en la Comunidad. No sabemos a\u00fan cuantas responsabilidades habr\u00e1 que depurar y har\u00edan mal todos los partidos y las instituciones en creer que la indignaci\u00f3n ciudadana se limita a los territorios afectados. El conjunto de la sociedad espa\u00f1ola ha sufrido una gran conmoci\u00f3n y van a ser necesarios muchos esfuerzos y mucha clarificaci\u00f3n para restablecer la confianza de los ciudadanos en las instituciones y en sus gobernantes.<\/p>\n\n\n\n<p>ELPAIS<\/p>\n\n\n\n<p>FOTO: Manifestaci\u00f3n en Valencia contra la gesti\u00f3n de la dana celebrada este s\u00e1bado frente al Ayuntamiento.Albert Garcia<\/p>\n\n\n\n<p><a href=\"https:\/\/elpais.com\/opinion\/2024-11-10\/estar-a-la-altura-de-los-valencianos.html\">https:\/\/elpais.com\/opinion\/2024-11-10\/estar-a-la-altura-de-los-valencianos.html<\/a><\/p>\n\n\n\n\n","protected":false},"excerpt":{"rendered":"<p>La indignaci\u00f3n en Valencia cobra forma en una multitudinaria manifestaci\u00f3n para exigir la dimisi\u00f3n de&#8230;<\/p>\n","protected":false},"author":1,"featured_media":72621,"comment_status":"closed","ping_status":"closed","sticky":false,"template":"","format":"standard","meta":{"_coblocks_attr":"","_coblocks_dimensions":"","_coblocks_responsive_height":"","_coblocks_accordion_ie_support":"","jetpack_post_was_ever_published":false,"_jetpack_newsletter_access":"","_jetpack_dont_email_post_to_subs":false,"_jetpack_newsletter_tier_id":0,"_jetpack_memberships_contains_paywalled_content":false,"_jetpack_memberships_contains_paid_content":false,"footnotes":"","jetpack_publicize_message":"","jetpack_publicize_feature_enabled":true,"jetpack_social_post_already_shared":true,"jetpack_social_options":{"image_generator_settings":{"template":"highway","default_image_id":0,"enabled":false},"version":2}},"categories":[1161,44,6937],"tags":[],"class_list":["post-72620","post","type-post","status-publish","format-standard","has-post-thumbnail","hentry","category-ciudadania","category-noticias-de-hoy","category-sociedad"],"jetpack_publicize_connections":[],"jetpack_featured_media_url":"https:\/\/i0.wp.com\/miradordeatarfe.es\/wp-content\/uploads\/2024\/11\/Screenshot-2024-11-10-at-19-17-19-Estar-a-la-altura-de-los-valencianos-Opinion-EL-PAIS.png?fit=423%2C375&ssl=1","jetpack_likes_enabled":true,"jetpack_sharing_enabled":true,"_links":{"self":[{"href":"https:\/\/miradordeatarfe.es\/index.php?rest_route=\/wp\/v2\/posts\/72620","targetHints":{"allow":["GET"]}}],"collection":[{"href":"https:\/\/miradordeatarfe.es\/index.php?rest_route=\/wp\/v2\/posts"}],"about":[{"href":"https:\/\/miradordeatarfe.es\/index.php?rest_route=\/wp\/v2\/types\/post"}],"author":[{"embeddable":true,"href":"https:\/\/miradordeatarfe.es\/index.php?rest_route=\/wp\/v2\/users\/1"}],"replies":[{"embeddable":true,"href":"https:\/\/miradordeatarfe.es\/index.php?rest_route=%2Fwp%2Fv2%2Fcomments&post=72620"}],"version-history":[{"count":1,"href":"https:\/\/miradordeatarfe.es\/index.php?rest_route=\/wp\/v2\/posts\/72620\/revisions"}],"predecessor-version":[{"id":72622,"href":"https:\/\/miradordeatarfe.es\/index.php?rest_route=\/wp\/v2\/posts\/72620\/revisions\/72622"}],"wp:featuredmedia":[{"embeddable":true,"href":"https:\/\/miradordeatarfe.es\/index.php?rest_route=\/wp\/v2\/media\/72621"}],"wp:attachment":[{"href":"https:\/\/miradordeatarfe.es\/index.php?rest_route=%2Fwp%2Fv2%2Fmedia&parent=72620"}],"wp:term":[{"taxonomy":"category","embeddable":true,"href":"https:\/\/miradordeatarfe.es\/index.php?rest_route=%2Fwp%2Fv2%2Fcategories&post=72620"},{"taxonomy":"post_tag","embeddable":true,"href":"https:\/\/miradordeatarfe.es\/index.php?rest_route=%2Fwp%2Fv2%2Ftags&post=72620"}],"curies":[{"name":"wp","href":"https:\/\/api.w.org\/{rel}","templated":true}]}}