{"id":72629,"date":"2024-11-15T11:00:27","date_gmt":"2024-11-15T10:00:27","guid":{"rendered":"https:\/\/miradordeatarfe.es\/?p=72629"},"modified":"2024-11-14T12:41:06","modified_gmt":"2024-11-14T11:41:06","slug":"traileres-de-solidaridad-desde-los-pueblos-del-area-metropolitana-de-granada-hasta-valencia","status":"publish","type":"post","link":"https:\/\/miradordeatarfe.es\/?p=72629","title":{"rendered":"Tr\u00e1ileres de solidaridad desde los pueblos del \u00c1rea Metropolitana de Granada hasta Valencia"},"content":{"rendered":"\n<p class=\"has-large-font-size\"><strong>ATARFE ENTRE LOS PUEBLOS SOLIDARIOS DE NUESTRA COMARCA <\/strong><\/p>\n\n\n\n<h1 class=\"wp-block-heading has-medium-font-size\">Los municipios de la comarca se vuelcan con toneladas de productos que en la mayor\u00eda de casos ya han sido entregados en localidades afectadas tras el devastador paso de la DANA<\/h1>\n\n\n\n<figure class=\"wp-block-image\"><img data-recalc-dims=\"1\" decoding=\"async\" src=\"https:\/\/i0.wp.com\/www.ahoragranada.com\/wp-content\/uploads\/2024\/11\/Ayuda-Dana-Valencia-desde-Albolote-01.jpg?w=640&#038;ssl=1\" alt=\"\" class=\"wp-image-270467\"\/><figcaption class=\"wp-element-caption\">Los tr\u00e1ileres que partieron desde Albolote a comienzos de semana con material procedente de varios pueblos. Foto: Protecci\u00f3n Civil Hu\u00e9tor Vega<\/figcaption><\/figure>\n\n\n\n<p>Los pueblos del <strong>\u00c1rea Metropolitana de Granada<\/strong> han demostrado en los \u00faltimos d\u00edas su lado m\u00e1s solidario con el env\u00edo de toneladas de material y productos para ayudar a los damnificados por la <strong>DANA de Valencia <\/strong>que ha causado dos centenares de muertos.<\/p>\n\n\n\n<p>Las localidades se movilizaron desde el fin de semana para cuanto antes enviar su ayuda a las localidades que as\u00ed lo necesitaron, con la partida de tr\u00e1ileres, camiones y furgonetas con destino a algunas de las localidades que necesitan ayuda humanitaria tras el temporal, que ha causado cuantiosos da\u00f1os.<\/p>\n\n\n\n<p>Una de las iniciativas m\u00e1s llamativas parti\u00f3 el pasado lunes desde <strong>Albolote<\/strong>, donde 18 tr\u00e1ileres cargados de ayuda humanitaria procedentes de varios pueblos parti\u00f3 hasta Valencia despu\u00e9s de recabar material durante todo el fin de semana.<\/p>\n\n\n\n<p>Y es que las acciones organizadas han llegado a todas las localidades del Cintur\u00f3n metropolitano, entre ellas <strong>Albolote, Atarfe, Hu\u00e9tor Vega, Alfacar, C\u00e1jar, Cijuela, G\u00f3jar, L\u00e1char, Monachil, Otura, Pinos Genil y Peligros<\/strong>. Otros municipios han recogido en sus redes sociales las iniciativas desarrolladas.<\/p>\n\n\n\n<figure class=\"wp-block-image\"><img data-recalc-dims=\"1\" decoding=\"async\" src=\"https:\/\/i0.wp.com\/www.ahoragranada.com\/wp-content\/uploads\/2024\/11\/Ayuda-Dana-Valencia-Armilla.jpg?w=640&#038;ssl=1\" alt=\"\" class=\"wp-image-270466\"\/><\/figure>\n\n\n\n<h3 class=\"wp-block-heading\">Armilla<\/h3>\n\n\n\n<p>Desde la ciudad metropolitana de <strong>Armilla <\/strong>se han enviado cuatro camiones cargados hasta Valencia. El Ayuntamiento ha recordado que ya no se necesitan m\u00e1s suministros por el momento, por lo que cesan la recogida de alimentos y materiales, si bien han invitado a los vecinos a colaborar a trav\u00e9s de donaciones como las que ofrecen organizaciones como Cruz Roja.<\/p>\n\n\n\n<figure class=\"wp-block-image\"><img data-recalc-dims=\"1\" decoding=\"async\" src=\"https:\/\/i0.wp.com\/www.ahoragranada.com\/wp-content\/uploads\/2024\/11\/Ayuda-Valencia-Alhendin.jpg?w=640&#038;ssl=1\" alt=\"\" class=\"wp-image-270473\"\/><\/figure>\n\n\n\n<h3 class=\"wp-block-heading\">Alhend\u00edn<\/h3>\n\n\n\n<p><strong>Alhend\u00edn <\/strong>fue uno de los primeros municipios en enviar toda la ayuda recogida durante el s\u00e1bado hasta los municipios afectados, con hasta 48 palets repletos de ayuda. En cada uno de ellos hab\u00eda alimentos, productos de higiene, ropa, pa\u00f1ales, agua, colchones y hasta carritos de beb\u00e9. Un vecino fue el encargado de ceder camiones peque\u00f1os para trasladarlos hasta Aupatrans con la participaci\u00f3n de Ambulancias Nazar\u00ed tambi\u00e9n.<\/p>\n\n\n\n<hr class=\"wp-block-separator has-alpha-channel-opacity\"\/>\n\n\n\n<figure class=\"wp-block-image\"><img data-recalc-dims=\"1\" decoding=\"async\" src=\"https:\/\/i0.wp.com\/www.ahoragranada.com\/wp-content\/uploads\/2024\/11\/Ayuda-Valencia-Atarfe-03.jpg?w=640&#038;ssl=1\" alt=\"\" class=\"wp-image-270475\"\/><\/figure>\n\n\n\n<h3 class=\"wp-block-heading\">Atarfe<\/h3>\n\n\n\n<p>La solidaridad desplegada en <strong>Atarfe <\/strong>ha alcanzado al menos <strong>75 palets que han viajado hasta Algemes\u00ed despu\u00e9s de 30 horas ininterrumpida de trabajo. Dos tr\u00e1ileres y dos furgonetas han sido las encargadas de cargar con toda la ayuda enviada hasta Valencia,<\/strong> donde tambi\u00e9n se han desplazado cinco voluntarios de protecci\u00f3n civil, dos trabajadores de obras y servicios, el jefe de la Polic\u00eda Local y seis ciudadanos voluntarios de Atarfe.<\/p>\n\n\n\n<hr class=\"wp-block-separator has-alpha-channel-opacity\"\/>\n\n\n\n<figure class=\"wp-block-image\"><img data-recalc-dims=\"1\" decoding=\"async\" src=\"https:\/\/i0.wp.com\/www.ahoragranada.com\/wp-content\/uploads\/2024\/11\/Ayuda-Valencia-Cenes-de-la-Vega.jpg?w=640&#038;ssl=1\" alt=\"\" class=\"wp-image-270476\"\/><\/figure>\n\n\n\n<h3 class=\"wp-block-heading\">Cenes de la Vega<\/h3>\n\n\n\n<p>Despu\u00e9s de dos d\u00edas de recogida en <strong>Cenes de la Vega<\/strong>, la participaci\u00f3n de los vecinos ha sido extraordinaria tras la petici\u00f3n formulada por el Ayuntamiento, que ha agradecido a los voluntarios su participaci\u00f3n en esta cita solidaria y tambi\u00e9n a las personas que han donado material.<\/p>\n\n\n\n<hr class=\"wp-block-separator has-alpha-channel-opacity\"\/>\n\n\n\n<figure class=\"wp-block-image\"><img data-recalc-dims=\"1\" decoding=\"async\" src=\"https:\/\/i0.wp.com\/www.ahoragranada.com\/wp-content\/uploads\/2024\/11\/Ayuda-Valencia-Chauchina.jpg?w=640&#038;ssl=1\" alt=\"\" class=\"wp-image-270477\"\/><\/figure>\n\n\n\n<h3 class=\"wp-block-heading\">Chauchina<\/h3>\n\n\n\n<p>El Ayuntamiento de <strong>Chauchina <\/strong>ha enviado material a las zonas afectadas recogido por los vecinos del munciipio durante estos d\u00edas. Se ha informado que en las pr\u00f3ximas fechas, cuando se les indiquen, anunciar\u00e1n nuevas jornadas de recogida de material para seguir ayudando a quienes lo necesitan.<\/p>\n\n\n\n<hr class=\"wp-block-separator has-alpha-channel-opacity\"\/>\n\n\n\n<figure class=\"wp-block-image\"><img data-recalc-dims=\"1\" decoding=\"async\" src=\"https:\/\/i0.wp.com\/www.ahoragranada.com\/wp-content\/uploads\/2024\/11\/Ayuda-Valencia-Churriana-de-la-Vega.jpg?w=640&#038;ssl=1\" alt=\"\" class=\"wp-image-270479\"\/><\/figure>\n\n\n\n<h3 class=\"wp-block-heading\">Churriana de la Vega<\/h3>\n\n\n\n<p>M\u00e1s de 15.000 kilos de materiales y productos ha logrado reunir en solo dos d\u00edas la localidad metropolitana de <strong>Churriana de la Vega<\/strong>, quedando \u00abdemostrado\u00bb su solidaridad. El material se ir\u00e1 dosificando debido a la ingente cantidad recabada, si bien gran parte ya se encuentra en Valencia. Se har\u00e1 llamamientos conforme vaya habiendo m\u00e1s necesidades.<\/p>\n\n\n\n<hr class=\"wp-block-separator has-alpha-channel-opacity\"\/>\n\n\n\n<figure class=\"wp-block-image\"><img data-recalc-dims=\"1\" decoding=\"async\" src=\"https:\/\/i0.wp.com\/www.ahoragranada.com\/wp-content\/uploads\/2024\/11\/Ayuda-Valencia-Cullar-Vega.jpg?w=640&#038;ssl=1\" alt=\"\" class=\"wp-image-270480\"\/><\/figure>\n\n\n\n<h3 class=\"wp-block-heading\">C\u00fallar Vega<\/h3>\n\n\n\n<p><strong>C\u00fallar Vega <\/strong>ha logrado 13 portes de cami\u00f3n llenos de alimentos, art\u00edculos de limpieza, agua y ropa. Desde el Ayuntamiento han destacado la \u00abemoci\u00f3n\u00bb de ver a las familias ayudar con la particiaci\u00f3n de j\u00f3venes, mayores, comercios y asociaciones, as\u00ed como residentes procedenes de otros pa\u00edses. El alcalde, Jorge S\u00e1nchez, ha agradecido a todos los que han aportado su grano de arena, entre ellos los comercios, voluntarias y colectivos as\u00ed como integrantes del Gobierno local.<\/p>\n\n\n\n<hr class=\"wp-block-separator has-alpha-channel-opacity\"\/>\n\n\n\n<h3 class=\"wp-block-heading\">D\u00edlar<\/h3>\n\n\n\n<p>La solidaridad en <strong>D\u00edlar <\/strong>tambi\u00e9n ha hecho que el pueblo se vuelque para recoger productos que han sido enviados hasta Valencia a favor de los m\u00e1s afectados por la DANA.<\/p>\n\n\n\n<hr class=\"wp-block-separator has-alpha-channel-opacity\"\/>\n\n\n\n<h3 class=\"wp-block-heading\">Fuente Vaqueros<\/h3>\n\n\n\n<p><strong>Fuente Vaqueros<\/strong> tambi\u00e9n ha enviado material en un tr\u00e1iler para los damnificados, demostrando su \u00abunidad y solidaridad\u00bb de los vecinos y empresas que han contribuido a recabar ayuda humanitaria.<\/p>\n\n\n\n<hr class=\"wp-block-separator has-alpha-channel-opacity\"\/>\n\n\n\n<figure class=\"wp-block-image\"><img data-recalc-dims=\"1\" decoding=\"async\" src=\"https:\/\/i0.wp.com\/www.ahoragranada.com\/wp-content\/uploads\/2024\/11\/Ayuda-Valencia-Guevejar.jpg?w=640&#038;ssl=1\" alt=\"\" class=\"wp-image-270481\"\/><\/figure>\n\n\n\n<h3 class=\"wp-block-heading\">G\u00fcev\u00e9jar<\/h3>\n\n\n\n<p>Dos camiones de medio tama\u00f1o repletos han sido los protagonistas que han partido desde <strong>G\u00fcev\u00e9jar <\/strong>hasta Valencia, con productos de limpieza, higiene, comida, agua o ropa recabados en solo dos d\u00edas.<\/p>\n\n\n\n<hr class=\"wp-block-separator has-alpha-channel-opacity\"\/>\n\n\n\n<figure class=\"wp-block-image\"><img data-recalc-dims=\"1\" decoding=\"async\" src=\"https:\/\/i0.wp.com\/www.ahoragranada.com\/wp-content\/uploads\/2024\/11\/Ayuda-Dana-Valencia-Huetor-Vega.jpg?w=640&#038;ssl=1\" alt=\"\" class=\"wp-image-270469\"\/><\/figure>\n\n\n\n<h3 class=\"wp-block-heading\">Hu\u00e9tor Vega<\/h3>\n\n\n\n<p>Al menos ocho furgones partieron desde <strong>Hu\u00e9tor Vega<\/strong> para recabar todo lo necesario a favor de los damnificados de la DANA. Protecci\u00f3n Civil contin\u00faa recabando todo lo necesario durante varios d\u00edas.<\/p>\n\n\n\n<hr class=\"wp-block-separator has-alpha-channel-opacity\"\/>\n\n\n\n<h3 class=\"wp-block-heading\">Jun<\/h3>\n\n\n\n<p>El Ayuntamiento de <strong>Jun <\/strong>ha organizado la recogida de material en su edificio municipal, donde los vecinos tambi\u00e9n se han volcado para ofrecer su ayuda con todo tipo de materiales.<\/p>\n\n\n\n<hr class=\"wp-block-separator has-alpha-channel-opacity\"\/>\n\n\n\n<figure class=\"wp-block-image\"><img data-recalc-dims=\"1\" decoding=\"async\" src=\"https:\/\/i0.wp.com\/www.ahoragranada.com\/wp-content\/uploads\/2024\/11\/Ayuda-Valencia-La-Zubia.jpg?w=640&#038;ssl=1\" alt=\"\" class=\"wp-image-270483\"\/><\/figure>\n\n\n\n<h3 class=\"wp-block-heading\">La Zubia<\/h3>\n\n\n\n<p>Despu\u00e9s de varios d\u00edas de recogida, <strong>La Zubia<\/strong> suspendi\u00f3 la acci\u00f3n al contar con multitud de productos y materiales que se fueron depositando en la Casa Pint\u00e1, a instancias de la Federaci\u00f3n Espa\u00f1ola de Municipios y Provincias (FEMP) hasta nuevo aviso.<\/p>\n\n\n\n<hr class=\"wp-block-separator has-alpha-channel-opacity\"\/>\n\n\n\n<figure class=\"wp-block-image\"><img data-recalc-dims=\"1\" decoding=\"async\" src=\"https:\/\/i0.wp.com\/www.ahoragranada.com\/wp-content\/uploads\/2024\/11\/Ayuda-Dana-Valencia-Las-Gabias.jpg?w=640&#038;ssl=1\" alt=\"\" class=\"wp-image-270470\"\/><\/figure>\n\n\n\n<h3 class=\"wp-block-heading\">Las Gabias<\/h3>\n\n\n\n<p><strong>Las Gabias <\/strong>tambi\u00e9n ha recibido una respuesta multitudinaria en la recogida de productos, que se paraliz\u00f3 debido a la alta colaboraci\u00f3n de los vecinos hasta que se vuelvan a organizar nuevas acciones similares.<\/p>\n\n\n\n<hr class=\"wp-block-separator has-alpha-channel-opacity\"\/>\n\n\n\n<figure class=\"wp-block-image\"><img data-recalc-dims=\"1\" decoding=\"async\" src=\"https:\/\/i0.wp.com\/www.ahoragranada.com\/wp-content\/uploads\/2024\/11\/Maracena-Dana-Ayuda-Valencia.png?w=640&#038;ssl=1\" alt=\"\" class=\"wp-image-270374\"\/><\/figure>\n\n\n\n<h3 class=\"wp-block-heading\">Maracena<\/h3>\n\n\n\n<p><strong>Maracena <\/strong>ha donado m\u00e1s de 35 toneladas de alimentos y material de primera necesidad, que ya han llegado a Valencia para apoyar a las familias afectadas por la reciente DANA en la provincia. Esta iniciativa solidaria ha sido posible gracias a la colaboraci\u00f3n y coordinaci\u00f3n entre el Ayuntamiento de Maracena y los municipios de Albal, Massanassa y Algemes\u00ed.<\/p>\n\n\n\n<hr class=\"wp-block-separator has-alpha-channel-opacity\"\/>\n\n\n\n<figure class=\"wp-block-image\"><img data-recalc-dims=\"1\" decoding=\"async\" src=\"https:\/\/i0.wp.com\/www.ahoragranada.com\/wp-content\/uploads\/2024\/11\/Ayuda-Dana-Valencia-Ogijares.jpg?w=640&#038;ssl=1\" alt=\"\" class=\"wp-image-270471\"\/><\/figure>\n\n\n\n<h3 class=\"wp-block-heading\">Og\u00edjares<\/h3>\n\n\n\n<p>El equipo de Gobierno, encabezados por el alcalde de <strong>Og\u00edjares<\/strong>, Est\u00e9fano Polo, miembros de protecci\u00f3n civil y dos choferes han estado presentes en la acci\u00f3n solidaria desarrollada por el municipio, que ya han llevado hasta Algemes\u00ed el material recabado por los vecinos durante estos d\u00edas con la ayude de la UME, pudiendo descargar el cami\u00f3n que ha partido hasta tierras valencianas.<\/p>\n\n\n\n<hr class=\"wp-block-separator has-alpha-channel-opacity\"\/>\n\n\n\n<figure class=\"wp-block-image\"><img data-recalc-dims=\"1\" decoding=\"async\" src=\"https:\/\/i0.wp.com\/www.ahoragranada.com\/wp-content\/uploads\/2024\/11\/Ayuda-Dana-Valencia-Pinos-Puente.jpg?w=640&#038;ssl=1\" alt=\"\" class=\"wp-image-270472\"\/><\/figure>\n\n\n\n<h3 class=\"wp-block-heading\">Pinos Puente<\/h3>\n\n\n\n<p>Los kilos de solidaridad en <strong>Pinos Puente<\/strong> se han contado tambi\u00e9n por centenares en la sede de Protecci\u00f3n Civil. Si bien de momento este material permanecer\u00e1 clasificado en el municipio, a instancias de la FEMP dado que los centros de distribuci\u00f3n est\u00e1n saturados. El Ayuntamiento ha agradecido la ayuda de todos.<\/p>\n\n\n\n<figure class=\"wp-block-image\"><img data-recalc-dims=\"1\" decoding=\"async\" src=\"https:\/\/i0.wp.com\/www.ahoragranada.com\/wp-content\/uploads\/2024\/11\/Ayuda-Valencia-Pulianas-02.jpg?w=640&#038;ssl=1\" alt=\"\" class=\"wp-image-270484\"\/><\/figure>\n\n\n\n<h3 class=\"wp-block-heading\">Pulianas<\/h3>\n\n\n\n<p>En <strong>Pulianas <\/strong>la movilizaci\u00f3n ha partido por parte del Ayuntamiento para recoger todo lo donado por vecinos, comercios y distintos colectivos. Se han recogido 25 toneladas de material que han sido transportados en dos tr\u00e1ileres. La recogida se realiz\u00f3 entre el domingo y el lunes, con la intenci\u00f3n de que su entrega fuera \u00abinmediata\u00bb, seg\u00fan expone el alcalde, Jos\u00e9 Antonio Carranza. El martes por la noche sali\u00f3 un primer tr\u00e1iler compartido con Fuente Vaqueros. El segundo de ellos ha partido este jueves con el restante de lo que a\u00fan quedaba por mandar. Este veh\u00edculo ha sido aportado por el Consistorioc con el apoyo del Parque Comercial Granaita. El Ayuntamiento tambi\u00e9n ha realizado una compra espec\u00edfica con 3.000 euros de inversi\u00f3n en material que ha sido menos habitual entre las aportaciones de la ciudadan\u00eda, as\u00ed como alimentaci\u00f3n para celiacos.<\/p>\n\n\n\n<figure class=\"wp-block-image\"><img data-recalc-dims=\"1\" decoding=\"async\" src=\"https:\/\/i0.wp.com\/www.ahoragranada.com\/wp-content\/uploads\/2024\/11\/Ayuda-Valencia-Santa-Fe-02.jpg?w=640&#038;ssl=1\" alt=\"\" class=\"wp-image-270486\"\/><\/figure>\n\n\n\n<h3 class=\"wp-block-heading\">Santa Fe<\/h3>\n\n\n\n<p>Tres convoyes han partido desde <strong>Santa Fe<\/strong> hasta diferentes localidades de Valencia con las que el Ayuntamiento hab\u00eda concertado el env\u00edo de todo lo recogido por los vecinos, asociaciones, hermandades, colectivos, comercios y empresas del n\u00facleo santaferino.<\/p>\n\n\n\n<hr class=\"wp-block-separator has-alpha-channel-opacity\"\/>\n\n\n\n<figure class=\"wp-block-image\"><img data-recalc-dims=\"1\" decoding=\"async\" src=\"https:\/\/i0.wp.com\/www.ahoragranada.com\/wp-content\/uploads\/2024\/11\/Ayuda-Valencia-Valderrubio.jpg?w=640&#038;ssl=1\" alt=\"\" class=\"wp-image-270488\"\/><\/figure>\n\n\n\n<h3 class=\"wp-block-heading\">Valderrubio<\/h3>\n\n\n\n<p>Varios camiones partieron desde <strong>Valderrubio <\/strong>esta semana cargados de alimentos, agua, art\u00edculos de higiene y limpieza y mascarillas para los afectados por la DANA. Estos fueron trasladados al punto de recogida en Esc\u00fazar, desde donde han partido hasta Valencia. El Ayuntamiento ha agradecido a quienes han puesto su \u00abgranito de arena\u00bb para aportar estos prouctos en la nave municipal.<\/p>\n\n\n\n<hr class=\"wp-block-separator has-alpha-channel-opacity\"\/>\n\n\n\n<figure class=\"wp-block-image\"><img data-recalc-dims=\"1\" decoding=\"async\" src=\"https:\/\/i0.wp.com\/www.ahoragranada.com\/wp-content\/uploads\/2024\/11\/Ayuda-Valencia-Vegas-del-Genil.jpg?w=640&#038;ssl=1\" alt=\"\" class=\"wp-image-270490\"\/><\/figure>\n\n\n\n<h3 class=\"wp-block-heading\">Vegas del Genil<\/h3>\n\n\n\n<p><strong>Vegas del Genil<\/strong> ha logrado llenar un cami\u00f3n de todo el material recogido en el Ayuntamiento para ayudar a las familias afectadas. Desde la localidad han salido dos expediciones cargadas.<\/p>\n\n\n\n<hr class=\"wp-block-separator has-alpha-channel-opacity\"\/>\n\n\n\n<figure class=\"wp-block-image\"><img data-recalc-dims=\"1\" decoding=\"async\" src=\"https:\/\/i0.wp.com\/www.ahoragranada.com\/wp-content\/uploads\/2024\/11\/Ayuda-Valencia-Vegas-del-Genil-Viznar.jpg?w=640&#038;ssl=1\" alt=\"\" class=\"wp-image-270489\"\/><\/figure>\n\n\n\n<h3 class=\"wp-block-heading\">V\u00edznar<\/h3>\n\n\n\n<p><strong>V\u00edznar <\/strong>ha mostrado su solidaridad con Algemes\u00ed con distintas donaciones realizadas por sus vecinos, entre ellas 125 kilos de alimentos, 26 kilos de comida para beb\u00e9s, m\u00e1s de 100 litros de leche, 25 litros de bebidas o 76 litros de agua, entre otros.<\/p>\n\n\n\n<p><em>Esta informaci\u00f3n ha sido elaborada con los datos remitidos por los propios ayuntamientos o de aquellos que lo han hecho p\u00fablico a trav\u00e9s de sus redes sociales<\/em>. <em>Fotos publicadas por los ayuntamientos.<\/em><\/p>\n\n\n\n<p class=\"has-medium-font-size\"><strong>Luis F. Ruiz &#8211; Noelia S. Lorca<\/strong><\/p>\n\n\n\n<figure class=\"wp-block-embed is-type-wp-embed is-provider-ahora-granada wp-block-embed-ahora-granada\"><div class=\"wp-block-embed__wrapper\">\n<blockquote class=\"wp-embedded-content\" data-secret=\"lTIhLPOjF2\"><a href=\"https:\/\/www.ahoragranada.com\/noticias\/traileres-de-solidaridad-desde-los-pueblos-del-area-metropolitana-de-granada-hasta-valencia\/\">Tr\u00e1ileres de solidaridad desde los pueblos del \u00c1rea Metropolitana de Granada hasta Valencia<\/a><\/blockquote><iframe loading=\"lazy\" class=\"wp-embedded-content\" sandbox=\"allow-scripts\" security=\"restricted\" style=\"position: absolute; visibility: hidden;\" title=\"\u00abTr\u00e1ileres de solidaridad desde los pueblos del \u00c1rea Metropolitana de Granada hasta Valencia\u00bb \u2014 Ahora Granada\" src=\"https:\/\/www.ahoragranada.com\/noticias\/traileres-de-solidaridad-desde-los-pueblos-del-area-metropolitana-de-granada-hasta-valencia\/embed\/#?secret=5q9VTNnQTn#?secret=lTIhLPOjF2\" data-secret=\"lTIhLPOjF2\" width=\"600\" height=\"338\" frameborder=\"0\" marginwidth=\"0\" marginheight=\"0\" scrolling=\"no\"><\/iframe>\n<\/div><\/figure>\n","protected":false},"excerpt":{"rendered":"<p>ATARFE ENTRE LOS PUEBLOS SOLIDARIOS DE NUESTRA COMARCA Los municipios de la comarca se vuelcan&#8230;<\/p>\n","protected":false},"author":1,"featured_media":72630,"comment_status":"closed","ping_status":"closed","sticky":false,"template":"","format":"standard","meta":{"_coblocks_attr":"","_coblocks_dimensions":"","_coblocks_responsive_height":"","_coblocks_accordion_ie_support":"","jetpack_post_was_ever_published":false,"_jetpack_newsletter_access":"","_jetpack_dont_email_post_to_subs":false,"_jetpack_newsletter_tier_id":0,"_jetpack_memberships_contains_paywalled_content":false,"_jetpack_memberships_contains_paid_content":false,"footnotes":"","jetpack_publicize_message":"","jetpack_publicize_feature_enabled":true,"jetpack_social_post_already_shared":true,"jetpack_social_options":{"image_generator_settings":{"template":"highway","default_image_id":0,"enabled":false},"version":2}},"categories":[186,44,10799],"tags":[],"class_list":["post-72629","post","type-post","status-publish","format-standard","has-post-thumbnail","hentry","category-instituciones","category-noticias-de-hoy","category-voluntariado"],"jetpack_publicize_connections":[],"jetpack_featured_media_url":"https:\/\/i0.wp.com\/miradordeatarfe.es\/wp-content\/uploads\/2024\/11\/Ayuda-Dana-Valencia-desde-Albolote-01.jpg?fit=970%2C545&ssl=1","jetpack_likes_enabled":true,"jetpack_sharing_enabled":true,"_links":{"self":[{"href":"https:\/\/miradordeatarfe.es\/index.php?rest_route=\/wp\/v2\/posts\/72629","targetHints":{"allow":["GET"]}}],"collection":[{"href":"https:\/\/miradordeatarfe.es\/index.php?rest_route=\/wp\/v2\/posts"}],"about":[{"href":"https:\/\/miradordeatarfe.es\/index.php?rest_route=\/wp\/v2\/types\/post"}],"author":[{"embeddable":true,"href":"https:\/\/miradordeatarfe.es\/index.php?rest_route=\/wp\/v2\/users\/1"}],"replies":[{"embeddable":true,"href":"https:\/\/miradordeatarfe.es\/index.php?rest_route=%2Fwp%2Fv2%2Fcomments&post=72629"}],"version-history":[{"count":1,"href":"https:\/\/miradordeatarfe.es\/index.php?rest_route=\/wp\/v2\/posts\/72629\/revisions"}],"predecessor-version":[{"id":72631,"href":"https:\/\/miradordeatarfe.es\/index.php?rest_route=\/wp\/v2\/posts\/72629\/revisions\/72631"}],"wp:featuredmedia":[{"embeddable":true,"href":"https:\/\/miradordeatarfe.es\/index.php?rest_route=\/wp\/v2\/media\/72630"}],"wp:attachment":[{"href":"https:\/\/miradordeatarfe.es\/index.php?rest_route=%2Fwp%2Fv2%2Fmedia&parent=72629"}],"wp:term":[{"taxonomy":"category","embeddable":true,"href":"https:\/\/miradordeatarfe.es\/index.php?rest_route=%2Fwp%2Fv2%2Fcategories&post=72629"},{"taxonomy":"post_tag","embeddable":true,"href":"https:\/\/miradordeatarfe.es\/index.php?rest_route=%2Fwp%2Fv2%2Ftags&post=72629"}],"curies":[{"name":"wp","href":"https:\/\/api.w.org\/{rel}","templated":true}]}}