{"id":7264,"date":"2016-03-05T10:13:16","date_gmt":"2016-03-05T09:13:16","guid":{"rendered":"http:\/\/miradordeatarfe.es\/?p=7264"},"modified":"2019-12-28T12:57:53","modified_gmt":"2019-12-28T11:57:53","slug":"la-ceramica-califal-por-jose-enrique-granados","status":"publish","type":"post","link":"https:\/\/miradordeatarfe.es\/?p=7264","title":{"rendered":"\u00abLA CERAMICA CALIFAL\u00bb por Jos\u00e9 Enrique Granados"},"content":{"rendered":"<div class=\"_5x46\">\n<div class=\"clearfix _5va3\">\n<div class=\"clearfix _42ef\">\n<div class=\"_5va4\">\n<div>\n<div class=\"_6a _5u5j\">\n<div class=\"_6a _5u5j _6b\">\n<div class=\"\">\n<div class=\"_5pcp\">\u00b7 <i class=\"lock img sp_IM-1eX2Tr8B sx_fe710e\"><\/i><\/div>\n<\/div>\n<\/div>\n<\/div>\n<\/div>\n<\/div>\n<\/div>\n<\/div>\n<\/div>\n<div id=\"js_3\" class=\"_5pbx userContent\" data-ft=\"{&quot;tn&quot;:&quot;K&quot;}\">\n<p>En el especial de las fiestas de IDEAL de 1993, <strong>Bernardo S\u00e1nchez,<\/strong> ceramista, nos acercaba al conocimiento de la cer\u00e1mica califal en Elvira.<\/p>\n<p><!--more--><\/p>\n<p style=\"text-align: justify;\">\n<p style=\"text-align: justify;\">BERNARDO SANCHEZ dec\u00eda as\u00ed:<\/p>\n<p style=\"text-align: justify;\">La cer\u00e1mica es una actividad que ha acompa\u00f1ado al hombre en la sucesi\u00f3n de pueblos y culturas, y cuyos restos nos hablan de cada una de ellas cual libro abierto. En el siglo X, la unidad pol\u00edtica y religiosa que supon\u00eda el Califato de C\u00f3rdoba para la casi totalidad de la Pen\u00ednsula, hace que se extiendan por todo el territorio los mismos gustos y t\u00e9cnicas de trabajo en los alfares; as\u00ed hemos tenido el privilegio de encontrar entre los restos de la antigua ciudad \u00e1rabe de Ilbira, piezas de cer\u00e1mica como el plato del caballo, o el de la botella de las liebres, que aunque difieren en el estilo con las piezas de cer\u00e1mica de la misma \u00e9poca de la ciudad palatina de Medina Zahara, ya que en \u00e9sta abundan los motivos epigr\u00e1ficos, guardan una gran similitud sobre todo en la t\u00e9cnica de vidriado blanco de plomo y esta\u00f1o y decoraci\u00f3n en verde y manganeso, que no podemos decir que sea original, ya que hay antecedentes de esta t\u00e9cnica en Siria e Irak en el siglo IX, pero lo que s\u00ed podemos decir es que hasta el siglo XIII hay una influencia mutua entre el Oriente y el Occidente (Al-Andalus) del mundo isl\u00e1mico .<\/p>\n<p style=\"text-align: justify;\">Y nos podemos preguntar, \u00bfcu\u00e1les son los logros y la singularidad de estas piezas?. Pues nada menos que la utilizaci\u00f3n de los vidriados que se anticipan en m\u00e1s de quinientos a\u00f1os a su utilizaci\u00f3n en la cultura nacionalista-cristiana, hecho de indiscutible valor, ya que son muy superiores estas piezas a las de simple barro cocido que siempre quedan impregnadas con restos de alimentos y olores. Adem\u00e1s a\u00f1aden la posibilidad, al disponer de un fondo de vidriado blanco, de plasmar cualquier motivo decorativo.<\/p>\n<p style=\"text-align: justify;\">En relaci\u00f3n a los motivos decorativos de la cer\u00e1mica califal, se han realizado m\u00faltiples estudios para desentra\u00f1ar su simbolog\u00eda, lo que podr\u00edamos sintetizar que, desde el mismo color verde, color del Islam, sobre fondo blanco, color de la dinast\u00eda Omeya, a los motivos epigr\u00e1ficos basados en la caligraf\u00eda c\u00fafica y c\u00fafico-florido, que siempre son alegor\u00edas al nombre de Dios o a sus cualidades, como el m\u00e1s frecuente: almulk (El Reino), propios de la cer\u00e1mica de Medina Zahara, y las alegor\u00edas de animales, que simbolizan cualidades humanas o de la creaci\u00f3n.<\/p>\n<p style=\"text-align: justify;\">Pero es sobre todo, el mayor valor de esta cer\u00e1mica, que podr\u00edamos decir, importada de Oriente, el haber servido de puente a una sucesi\u00f3n de t\u00e9cnicas que s\u00ed podr\u00edamos considerar aut\u00f3ctonas, a lo largo de varios per\u00edodos sucesivos durante m\u00e1s de cuatrocientos a\u00f1os, tales como la cuerda seca en el per\u00edodo almohade hasta el siglo XII, y la policrom\u00eda de la cer\u00e1mica andalus\u00ed al introducir un color m\u00e1s, el azul por medio del \u00f3xido de cobalto, hasta llegar al esplendor cultural sin precedentes en la Historia de la Humanidad, durante la dinast\u00eda Nazar\u00ed del Reino de Granada, con el desarrollo de una cer\u00e1mica t\u00e9cnicamente espectacular, ya que a\u00f1aden los dorados en reducci\u00f3n o loza dorada y una decoraci\u00f3n preciosista y una decoraci\u00f3n preciosista, s\u00f3lo comparable con la cer\u00e1mica de la dinast\u00eda Ming en China.<\/p>\n<p style=\"text-align: justify;\">En la fotograf\u00eda, jarra de las liebres, cer\u00e1mica vidriada verde y manganeso, siglo X-XI (Museo Arqueol\u00f3gico de Granada).<\/p>\n<p>Curiosidades elvirenses.<\/p>\n<\/div>\n<p>&nbsp;<\/p>\n","protected":false},"excerpt":{"rendered":"<p>\u00b7 En el especial de las fiestas de IDEAL de 1993, Bernardo S\u00e1nchez, ceramista, nos&#8230;<\/p>\n","protected":false},"author":1,"featured_media":7265,"comment_status":"closed","ping_status":"closed","sticky":false,"template":"","format":"standard","meta":{"_coblocks_attr":"","_coblocks_dimensions":"","_coblocks_responsive_height":"","_coblocks_accordion_ie_support":"","jetpack_post_was_ever_published":false,"_jetpack_newsletter_access":"","_jetpack_dont_email_post_to_subs":false,"_jetpack_newsletter_tier_id":0,"_jetpack_memberships_contains_paywalled_content":false,"_jetpack_memberships_contains_paid_content":false,"footnotes":"","jetpack_publicize_message":"","jetpack_publicize_feature_enabled":true,"jetpack_social_post_already_shared":false,"jetpack_social_options":{"image_generator_settings":{"template":"highway","default_image_id":0,"enabled":false},"version":2}},"categories":[2,12,1225,38,44,15],"tags":[2303,2302,90],"class_list":["post-7264","post","type-post","status-publish","format-standard","has-post-thumbnail","hentry","category-atarfe","category-cultura","category-ha-de-atarfe","category-opinion-de-jose-enrique-granados","category-noticias-de-hoy","category-ultimas-noticias","tag-califal","tag-ceramica","tag-cultura"],"jetpack_publicize_connections":[],"jetpack_featured_media_url":"https:\/\/i0.wp.com\/miradordeatarfe.es\/wp-content\/uploads\/2016\/03\/12472534_969451149807567_4793426988617399594_n.jpg?fit=480%2C373&ssl=1","jetpack_likes_enabled":true,"jetpack_sharing_enabled":true,"_links":{"self":[{"href":"https:\/\/miradordeatarfe.es\/index.php?rest_route=\/wp\/v2\/posts\/7264","targetHints":{"allow":["GET"]}}],"collection":[{"href":"https:\/\/miradordeatarfe.es\/index.php?rest_route=\/wp\/v2\/posts"}],"about":[{"href":"https:\/\/miradordeatarfe.es\/index.php?rest_route=\/wp\/v2\/types\/post"}],"author":[{"embeddable":true,"href":"https:\/\/miradordeatarfe.es\/index.php?rest_route=\/wp\/v2\/users\/1"}],"replies":[{"embeddable":true,"href":"https:\/\/miradordeatarfe.es\/index.php?rest_route=%2Fwp%2Fv2%2Fcomments&post=7264"}],"version-history":[{"count":2,"href":"https:\/\/miradordeatarfe.es\/index.php?rest_route=\/wp\/v2\/posts\/7264\/revisions"}],"predecessor-version":[{"id":36470,"href":"https:\/\/miradordeatarfe.es\/index.php?rest_route=\/wp\/v2\/posts\/7264\/revisions\/36470"}],"wp:featuredmedia":[{"embeddable":true,"href":"https:\/\/miradordeatarfe.es\/index.php?rest_route=\/wp\/v2\/media\/7265"}],"wp:attachment":[{"href":"https:\/\/miradordeatarfe.es\/index.php?rest_route=%2Fwp%2Fv2%2Fmedia&parent=7264"}],"wp:term":[{"taxonomy":"category","embeddable":true,"href":"https:\/\/miradordeatarfe.es\/index.php?rest_route=%2Fwp%2Fv2%2Fcategories&post=7264"},{"taxonomy":"post_tag","embeddable":true,"href":"https:\/\/miradordeatarfe.es\/index.php?rest_route=%2Fwp%2Fv2%2Ftags&post=7264"}],"curies":[{"name":"wp","href":"https:\/\/api.w.org\/{rel}","templated":true}]}}