{"id":72652,"date":"2024-11-13T11:23:00","date_gmt":"2024-11-13T10:23:00","guid":{"rendered":"https:\/\/miradordeatarfe.es\/?p=72652"},"modified":"2024-11-12T10:35:34","modified_gmt":"2024-11-12T09:35:34","slug":"omega-de-enrique-morente-el-mejor-disco-espanol-de-la-historia","status":"publish","type":"post","link":"https:\/\/miradordeatarfe.es\/?p=72652","title":{"rendered":"\u00abOMEGA\u00bb de Enrique Morente: \u00bfEl mejor disco espa\u00f1ol de la historia?"},"content":{"rendered":"\n<p class=\"has-large-font-size\"><strong>MA\u00d1ANA EN ATARFE HOMENAJE A ENRIQUE MORENTE A LAS 17H EN EL CENTRO CULTURAL MEDINA ELVIRA DE ATARFE<\/strong><\/p>\n\n\n\n<p>Enrique Morente combin\u00f3 el flamenco con <strong>Lorca, Leonard Cohen<\/strong> y el rock de <strong>Lagartija Nick<\/strong><\/p>\n\n\n\n<p>En el marco del D\u00eda Internacional del Flamenco, os invitamos a un evento \u00fanico en honor al maestro Enrique Morente. Una oportunidad para descubrir su legado a trav\u00e9s de dos actividades muy especiales:<\/p>\n\n\n\n<p><strong>Charla-Coloquio<\/strong><br \/>Con la participaci\u00f3n de <em><strong>Aurora Carbonell y Sole\u00e1 Morente<\/strong><\/em>, familiares de Enrique, junto a Cristina Cruces, antrop\u00f3loga especializada en flamenco. Entre las tres desgranar\u00e1n la figura de Enrique Morente, su influencia en el flamenco actual y la importancia del disco \u00abOmega\u00bb para la historia del flamenco.<\/p>\n\n\n\n<p><strong>Proyecci\u00f3n del documental \u00abOMEGA\u00bb<\/strong><br \/>Obra nominada al Goya en 2017, que nos muestra la creaci\u00f3n del disco que fusion\u00f3 el flamenco y el rock, con la poes\u00eda de Lorca y la m\u00fasica de Leonard Cohen.<\/p>\n\n\n\n<p>El pr\u00f3ximo mes de diciembre se cumplen\u00a0<strong>25 a\u00f1os de la publicaci\u00f3n del disco\u00a0<em><a href=\"https:\/\/www.rtve.es\/play\/audios\/programa\/enrique-morente-omega-poema-para-muertos\/962638\/\" target=\"_blank\" rel=\"noreferrer noopener\">Omega<\/a><\/em><\/strong> de <a href=\"https:\/\/www.rtve.es\/play\/videos\/para-todos-la-2\/para-todos-2-enrique-morente\/1044794\/\" target=\"_blank\" rel=\"noreferrer noopener\">Enrique Morente<\/a>, y aunque sea imposible responder si se trata del mejor disco espa\u00f1ol de la historia \u2013fundamentalmente depender\u00e1 del gusto de cada uno-, hay muchos motivos por los que podr\u00edamos considerarlo as\u00ed. Los vamos a condensar en cinco:<\/p>\n\n\n\n<h2 class=\"wp-block-heading\">1. El concepto<\/h2>\n\n\n\n<p><strong>Invent\u00f3 algo realmente nuev<\/strong>o, un sonido que nunca se hab\u00eda escuchado, que adem\u00e1s proced\u00eda de dos tradiciones musicales muy alejadas como son la espa\u00f1ola y la norteamericana. Enrique Morente lo contaba en una entrevista:&nbsp;<strong>a \u00e9l le importaba m\u00e1s el concepto que la propia ejecuci\u00f3n, <\/strong>&nbsp;ya que ese concepto podr\u00eda ser utilizado por los dem\u00e1s en el futuro.<\/p>\n\n\n\n<h2 class=\"wp-block-heading\">2. M\u00e1s all\u00e1 del flamenco<\/h2>\n\n\n\n<p>No empleaba unos ingredientes cualesquiera, todos tienen un peso cultural e hist\u00f3rico abrumador, con legiones de amantes incondicionales de ellos en estado puro. Si habl\u00e1semos de pintura, es como si hubiese metido en una coctelera a Vel\u00e1zquez, Picasso, Hopper y Pollock. \u00bfQu\u00e9 podr\u00eda salir mal? Todo. \u00bfQu\u00e9 puntos en com\u00fan tienen Vel\u00e1zquez y Hopper? \u00bfEl flamenco y&nbsp;<a href=\"https:\/\/www.rtve.es\/play\/audios\/musica-con-subtitulos\/musica-subtitulos-leonard-cohen-12-11-16\/3797980\/\" target=\"_blank\" rel=\"noreferrer noopener\">Leonard Cohen<\/a>? Solo Enrique Morente se pudo dar cuenta de que&nbsp;<strong><a href=\"https:\/\/www.rtve.es\/play\/audios\/circulos-excentricos\/federico-garcia-lorca-traves-musica\/6011962\/\" target=\"_blank\" rel=\"noreferrer noopener\">Federico Garc\u00eda Lorca<\/a><\/strong>era ese nexo (Picasso en nuestro ejemplo pict\u00f3rico). Pero, por si fuera poco, dio otro triple salto mortal y sin red, incluyendo las guitarras distorsionantes y la bater\u00eda del grupo granadino&nbsp;<a href=\"https:\/\/www.rtve.es\/radio\/20080620\/omega-enrique-morente-lagartija-nick\/97390.shtml\" target=\"_blank\" rel=\"noreferrer noopener\">Lagartija Nick<\/a> (un poquito de action painting de Pollock para ali\u00f1ar nuestro lienzo).<\/p>\n\n\n\n<p><video preload=\"auto\" poster=\"https:\/\/img2.rtve.es\/v\/6224665?w=800&amp;preview=1637658344149.jpg\" autoplay=\"autoplay\" src=\"blob:https:\/\/www.rtve.es\/7a4dbe0b-3e57-4cd6-8127-9113bfcf1cb3\"><\/video><\/p>\n\n\n\n<p>Antonio Orozco habla sobre el flamenco de Enrique Morente<\/p>\n\n\n\n<p> <a href=\"https:\/\/www.rtve.es\/play\/videos\/imprescindibles\/antonio-orozco-flamenco-enrique-morente\/6224665\/?t=02s\">https:\/\/www.rtve.es\/play\/videos\/imprescindibles\/antonio-orozco-flamenco-enrique-morente\/6224665\/?t=02s<\/a><\/p>\n\n\n\n<h2 class=\"wp-block-heading\">3. La gestaci\u00f3n del dis<\/h2>\n\n\n\n<p>Antonio Orozco habla sobre el flamenco de Enrique Morente<\/p>\n\n\n\n<h2 class=\"wp-block-heading\">3. La gestaci\u00f3n del disco<\/h2>\n\n\n\n<p>La historia de la gestaci\u00f3n del disco contiene mucha \u00e9pica. No sab\u00edan del todo hacia d\u00f3nde iban. Segu\u00edan una intuici\u00f3n que pod\u00eda haberles llevado al fracaso, a la irrelevancia o a la decepci\u00f3n de sus fieles. Enrique Morente ten\u00eda 54 a\u00f1os cuando se public\u00f3 el disco, y a esa edad pocos creadores siguen rompiendo esquemas. La mayor\u00eda repiten la f\u00f3rmula del \u00e9xito con peque\u00f1as variaciones. Morente, sin embargo, desde casi cero (salvo por alg\u00fan escarceo previo con Lorca)&nbsp;<strong>cre\u00f3 un nuevo ecosistema sonoro y lleg\u00f3 a la cima de su carrera<\/strong>. Y todo ello con una figura bienhechora y generosa de fondo que empapa todo de una trascendencia a\u00fan mayor: Leonard Cohen.<\/p>\n\n\n\n<h2 class=\"wp-block-heading\">4. Su \u00e9xito<\/h2>\n\n\n\n<p>Aunque los inicios fueron complicados, finalmente el disco acab\u00f3 cosechando un&nbsp;<strong>\u00e9xito incontestable tanto de cr\u00edtica como de p\u00fablico. <\/strong>&nbsp;Y entre otras cosas, permiti\u00f3 que un flamenco, Enrique Morente, fuera la estrella del festival alternativo m\u00e1s importante de Espa\u00f1a, el de Benic\u00e0ssim.<\/p>\n\n\n\n<p><img decoding=\"async\" src=\"https:\/\/img2.rtve.es\/v\/6224631?w=1600&amp;preview=1637660788453.jpg\" alt=\"El \u00e9xito de 'Omega', el disco de Enrique Morente\"\/><\/p>\n\n\n\n<p>El \u00e9xito de &#8216;Omega&#8217;, el disco de Enrique Morente<\/p>\n\n\n\n<p><a href=\"https:\/\/www.rtve.es\/play\/videos\/imprescindibles\/exito-omega-enrique-morente\/6224631\">https:\/\/www.rtve.es\/play\/videos\/imprescindibles\/exito-omega-enrique-morente\/6224631<\/a><\/p>\n\n\n\n<h2 class=\"wp-block-heading\">5. Final feliz<\/h2>\n\n\n\n<p>Este cuento tiene un principio y un final magn\u00edficos. El estreno por sorpresa en el&nbsp;<strong><a href=\"https:\/\/www.rtve.es\/noticias\/20081117\/mundo-cultura-unido-para-salvar-albeniz\/195635.shtml\" target=\"_blank\" rel=\"noreferrer noopener\">Teatro Alb\u00e9niz de Madrid<\/a><\/strong> ante un p\u00fablico que iba a ver al Enrique cantaor \u2013en el marco de un festival flamenco- y los insultos y hasta casi violencia cuando les soltaron all\u00ed el \u201cruido\u201d de los&nbsp;<strong>Lagartija<\/strong>&nbsp;es insuperable. Tambi\u00e9n lo son los frutos que ha dado con el tiempo el universo Omega:&nbsp;<strong>varias reediciones y nuevas versiones, un exitoso documental, un libro y varias giras nacionales e internacionales<\/strong>. Pese a lo oscuro de algunas de las canciones del disco, esta parece una pel\u00edcula de Hollywood de las que acaban bien.<\/p>\n\n\n\n<figure class=\"wp-block-image size-large\"><img data-recalc-dims=\"1\" loading=\"lazy\" decoding=\"async\" width=\"640\" height=\"905\" src=\"https:\/\/i0.wp.com\/miradordeatarfe.es\/wp-content\/uploads\/2024\/10\/Imagen-de-WhatsApp-2024-10-31-a-las-12.18.56_ce57aaf4.jpg?resize=640%2C905&#038;ssl=1\" alt=\"\" class=\"wp-image-72398\" srcset=\"https:\/\/i0.wp.com\/miradordeatarfe.es\/wp-content\/uploads\/2024\/10\/Imagen-de-WhatsApp-2024-10-31-a-las-12.18.56_ce57aaf4.jpg?resize=724%2C1024&amp;ssl=1 724w, https:\/\/i0.wp.com\/miradordeatarfe.es\/wp-content\/uploads\/2024\/10\/Imagen-de-WhatsApp-2024-10-31-a-las-12.18.56_ce57aaf4.jpg?resize=212%2C300&amp;ssl=1 212w, https:\/\/i0.wp.com\/miradordeatarfe.es\/wp-content\/uploads\/2024\/10\/Imagen-de-WhatsApp-2024-10-31-a-las-12.18.56_ce57aaf4.jpg?resize=768%2C1086&amp;ssl=1 768w, https:\/\/i0.wp.com\/miradordeatarfe.es\/wp-content\/uploads\/2024\/10\/Imagen-de-WhatsApp-2024-10-31-a-las-12.18.56_ce57aaf4.jpg?resize=1086%2C1536&amp;ssl=1 1086w, https:\/\/i0.wp.com\/miradordeatarfe.es\/wp-content\/uploads\/2024\/10\/Imagen-de-WhatsApp-2024-10-31-a-las-12.18.56_ce57aaf4.jpg?resize=1024%2C1449&amp;ssl=1 1024w, https:\/\/i0.wp.com\/miradordeatarfe.es\/wp-content\/uploads\/2024\/10\/Imagen-de-WhatsApp-2024-10-31-a-las-12.18.56_ce57aaf4.jpg?w=1131&amp;ssl=1 1131w\" sizes=\"auto, (max-width: 640px) 100vw, 640px\" \/><\/figure>\n","protected":false},"excerpt":{"rendered":"<p>MA\u00d1ANA EN ATARFE HOMENAJE A ENRIQUE MORENTE A LAS 17H EN EL CENTRO CULTURAL MEDINA&#8230;<\/p>\n","protected":false},"author":1,"featured_media":72399,"comment_status":"closed","ping_status":"closed","sticky":false,"template":"","format":"standard","meta":{"_coblocks_attr":"","_coblocks_dimensions":"","_coblocks_responsive_height":"","_coblocks_accordion_ie_support":"","jetpack_post_was_ever_published":false,"_jetpack_newsletter_access":"","_jetpack_dont_email_post_to_subs":false,"_jetpack_newsletter_tier_id":0,"_jetpack_memberships_contains_paywalled_content":false,"_jetpack_memberships_contains_paid_content":false,"footnotes":"","jetpack_publicize_message":"","jetpack_publicize_feature_enabled":true,"jetpack_social_post_already_shared":true,"jetpack_social_options":{"image_generator_settings":{"template":"highway","default_image_id":0,"enabled":false},"version":2}},"categories":[186,44,10801],"tags":[],"class_list":["post-72652","post","type-post","status-publish","format-standard","has-post-thumbnail","hentry","category-instituciones","category-noticias-de-hoy","category-participa-atarfe"],"jetpack_publicize_connections":[],"jetpack_featured_media_url":"https:\/\/i0.wp.com\/miradordeatarfe.es\/wp-content\/uploads\/2024\/10\/enrique-morente-cantaor-granada.jpg?fit=700%2C700&ssl=1","jetpack_likes_enabled":true,"jetpack_sharing_enabled":true,"_links":{"self":[{"href":"https:\/\/miradordeatarfe.es\/index.php?rest_route=\/wp\/v2\/posts\/72652","targetHints":{"allow":["GET"]}}],"collection":[{"href":"https:\/\/miradordeatarfe.es\/index.php?rest_route=\/wp\/v2\/posts"}],"about":[{"href":"https:\/\/miradordeatarfe.es\/index.php?rest_route=\/wp\/v2\/types\/post"}],"author":[{"embeddable":true,"href":"https:\/\/miradordeatarfe.es\/index.php?rest_route=\/wp\/v2\/users\/1"}],"replies":[{"embeddable":true,"href":"https:\/\/miradordeatarfe.es\/index.php?rest_route=%2Fwp%2Fv2%2Fcomments&post=72652"}],"version-history":[{"count":2,"href":"https:\/\/miradordeatarfe.es\/index.php?rest_route=\/wp\/v2\/posts\/72652\/revisions"}],"predecessor-version":[{"id":72655,"href":"https:\/\/miradordeatarfe.es\/index.php?rest_route=\/wp\/v2\/posts\/72652\/revisions\/72655"}],"wp:featuredmedia":[{"embeddable":true,"href":"https:\/\/miradordeatarfe.es\/index.php?rest_route=\/wp\/v2\/media\/72399"}],"wp:attachment":[{"href":"https:\/\/miradordeatarfe.es\/index.php?rest_route=%2Fwp%2Fv2%2Fmedia&parent=72652"}],"wp:term":[{"taxonomy":"category","embeddable":true,"href":"https:\/\/miradordeatarfe.es\/index.php?rest_route=%2Fwp%2Fv2%2Fcategories&post=72652"},{"taxonomy":"post_tag","embeddable":true,"href":"https:\/\/miradordeatarfe.es\/index.php?rest_route=%2Fwp%2Fv2%2Ftags&post=72652"}],"curies":[{"name":"wp","href":"https:\/\/api.w.org\/{rel}","templated":true}]}}