{"id":72666,"date":"2024-11-13T09:17:43","date_gmt":"2024-11-13T08:17:43","guid":{"rendered":"https:\/\/miradordeatarfe.es\/?p=72666"},"modified":"2024-11-13T09:17:45","modified_gmt":"2024-11-13T08:17:45","slug":"granada-activa-el-plan-territorial-de-emergencias-en-fase-de-prealerta-por-inundaciones","status":"publish","type":"post","link":"https:\/\/miradordeatarfe.es\/?p=72666","title":{"rendered":"Granada activa el Plan Territorial de Emergencias en fase de prealerta por inundaciones"},"content":{"rendered":"\n<h2 class=\"wp-block-heading\">Muchos  Ayuntamientos han puesto en marcha este nivel \u00abante la notificaci\u00f3n de precipitaciones intensas en nivel naranja\u00bb<\/h2>\n\n\n\n<figure class=\"wp-block-image\"><img data-recalc-dims=\"1\" height=\"377\" width=\"640\" decoding=\"async\" src=\"https:\/\/i0.wp.com\/www.granadadigital.es\/wp-content\/uploads\/2024\/11\/prevencion-riesgo-inundacion-granada-lluvias-dana-3-1010x595.jpeg?resize=640%2C377&#038;ssl=1\" alt=\"prevencion-riesgo-inundacion-granada-lluvias-dana (3)\"\/><figcaption class=\"wp-element-caption\">Protecci\u00f3n Civil ha lanzado una serie de recomendaciones | Foto: Gabinete<\/figcaption><\/figure>\n\n\n\n<p>\u00a0Los ayuntamientos  han activado el Plan Territorial de Emergencias\u00a0<strong>\u00abcon efecto inmediato\u00bb<\/strong>\u00a0en fase de Preemergencia por inundaciones. Cada Consistorio lo ha comunicado a \u00faltima hora de este martes,\u00a0<a href=\"https:\/\/www.granadadigital.es\/costa-granada-suspende-clases-lluvias-miercoles\/\" target=\"_blank\" rel=\"noreferrer noopener\"><strong>dada la previsi\u00f3n de fuertes precipitaciones durante este mi\u00e9rcoles en toda la provincia<\/strong><\/a>. En la capital,<a href=\"https:\/\/www.granadadigital.es\/junta-activa-fase-emergencia-granada-riesgo-inundaciones\/\" target=\"_blank\" rel=\"noreferrer noopener\"><strong>\u00a0Aemet ha activado la alerta naranja y la Junta de Andaluc\u00eda elevado a fase de emergencia por el riesgo asociado a las lluvias.<\/strong><\/a><\/p>\n\n\n\n<figure class=\"wp-block-image\"><img decoding=\"async\" src=\"https:\/\/granadadigitaladserver.granadadigital.es\/www\/delivery\/lg.php?bannerid=0&amp;campaignid=0&amp;zoneid=48&amp;loc=https%3A%2F%2Fwww.granadadigital.es%2Fgranada-activa-plan-territorial-emergencias-fase-prealerta-inundaciones%2F&amp;referer=https%3A%2F%2Fwww.granadadigital.es%2F&amp;cb=384bc31a6b\" alt=\"\"\/><\/figure>\n\n\n<div class=\"wp-block-image\">\n<figure class=\"aligncenter\"><img data-recalc-dims=\"1\" height=\"377\" width=\"640\" decoding=\"async\" src=\"https:\/\/i0.wp.com\/www.granadadigital.es\/wp-content\/uploads\/2024\/11\/prevencion-riesgo-inundacion-granada-lluvias-dana-3-713x420.jpeg?resize=640%2C377&#038;ssl=1\" alt=\"\" class=\"wp-image-675671\"\/><\/figure>\n<\/div>\n\n\n<p>\u00a0<strong>\u00abLa fase de Preemergencia se activa ante la notificaci\u00f3n de predicciones meteorol\u00f3gicas de precipitaciones intensas en nivel naranja que la Agencia Estatal de Meteorolog\u00eda ha previsto\u00bb<\/strong>\u00a0para la Cuenca del Genil. Ello supone que las lluvias\u00a0<a href=\"https:\/\/www.granadadigital.es\/universidad-granada-cancela-actividad-todos-campus-alerta\/\" target=\"_blank\" rel=\"noreferrer noopener\"><strong>\u00abpueden ocasionar cierto riesgo de inundaciones\u00bb<\/strong><\/a>. \u00abDurante esta fase se har\u00e1 un seguimiento de los sucesos, hasta que un an\u00e1lisis de su evoluci\u00f3n llegue a la conclusi\u00f3n de que la inundaci\u00f3n es inminente, o bien determine la vuelta a la normalidad\u00bb<\/p>\n\n\n\n<figure class=\"wp-block-image\"><img decoding=\"async\" src=\"https:\/\/granadadigitaladserver.granadadigital.es\/www\/delivery\/lg.php?bannerid=4694&amp;campaignid=2906&amp;zoneid=106&amp;loc=https%3A%2F%2Fwww.granadadigital.es%2Fgranada-activa-plan-territorial-emergencias-fase-prealerta-inundaciones%2F&amp;referer=https%3A%2F%2Fwww.granadadigital.es%2F&amp;cb=5a84c78be2\" alt=\"\"\/><\/figure>\n\n\n<div class=\"wp-block-image\">\n<figure class=\"aligncenter\"><img data-recalc-dims=\"1\" height=\"372\" width=\"640\" decoding=\"async\" src=\"https:\/\/i0.wp.com\/www.granadadigital.es\/wp-content\/uploads\/2024\/11\/prevencion-riesgo-inundacion-granada-lluvias-dana-4-723x420.jpeg?resize=640%2C372&#038;ssl=1\" alt=\"\" class=\"wp-image-675668\"\/><\/figure>\n<\/div>\n\n\n<p>\u00abEl objetivo de esta fase ser\u00e1 la alerta a las autoridades y a los servicios implicados en este Plan, as\u00ed como, la informaci\u00f3n a la poblaci\u00f3n potencialmente afectada\u00bb. Protecci\u00f3n Civil, adem\u00e1s, ha lanzado una serie de recomendaciones ante la situaci\u00f3n meteorol\u00f3gica prevista este mi\u00e9rcoles. El cuerpo sugiere evitar cruzar por zonas inundadas, ya sea a pie o en coche, y abandonar los veh\u00edculos si se atascan, si el nivel del agua empezara a subir o si llegara a superar los ejes de las ruedas. En caso de que las puertas quedaran bloqueadas, indica que habr\u00eda que salir por las ventanillas.<\/p>\n\n\n<div class=\"wp-block-image\">\n<figure class=\"aligncenter\"><img data-recalc-dims=\"1\" height=\"420\" width=\"631\" decoding=\"async\" src=\"https:\/\/i0.wp.com\/www.granadadigital.es\/wp-content\/uploads\/2024\/11\/prevencion-riesgo-inundacion-granada-lluvias-dana-631x420.jpeg?resize=631%2C420&#038;ssl=1\" alt=\"\" class=\"wp-image-675669\"\/><\/figure>\n<\/div>\n\n\n<p>Si se inundara la vivienda, Protecci\u00f3n Civil se\u00f1ala que hay que salir de s\u00f3tanos y plantas bajas lo antes posible, adem\u00e1s de desconectar la energ\u00eda el\u00e9ctrica y utilizar una linterna si fuera posible. En caso de tener que viajar, recomienda utilizar autopistas y autov\u00edas, as\u00ed como alejarse de r\u00edos, arroyos y zonas bajas, entre otras advertencias.<\/p>\n\n\n\n<figure class=\"wp-block-image\"><img decoding=\"async\" src=\"https:\/\/granadadigitaladserver.granadadigital.es\/www\/delivery\/lg.php?bannerid=0&amp;campaignid=0&amp;zoneid=107&amp;loc=https%3A%2F%2Fwww.granadadigital.es%2Fgranada-activa-plan-territorial-emergencias-fase-prealerta-inundaciones%2F&amp;referer=https%3A%2F%2Fwww.granadadigital.es%2F&amp;cb=3f8beee4fe\" alt=\"\"\/><\/figure>\n\n\n<div class=\"wp-block-image\">\n<figure class=\"aligncenter\"><img data-recalc-dims=\"1\" height=\"383\" width=\"640\" decoding=\"async\" src=\"https:\/\/i0.wp.com\/www.granadadigital.es\/wp-content\/uploads\/2024\/11\/prevencion-riesgo-inundacion-granada-lluvias-dana-2-701x420.jpeg?resize=640%2C383&#038;ssl=1\" alt=\"\" class=\"wp-image-675670\"\/><\/figure>\n<\/div>\n\n\n<figure class=\"wp-block-image\"><img decoding=\"async\" src=\"https:\/\/granadadigitaladserver.granadadigital.es\/www\/delivery\/lg.php?bannerid=0&amp;campaignid=0&amp;zoneid=86&amp;loc=https%3A%2F%2Fwww.granadadigital.es%2Fgranada-activa-plan-territorial-emergencias-fase-prealerta-inundaciones%2F&amp;referer=https%3A%2F%2Fwww.granadadigital.es%2F&amp;cb=35a5abe937\" alt=\"\"\/><\/figure>\n\n\n\n<p><strong>Chema Ruiz Espa\u00f1a<\/strong><\/p>\n\n\n\n<p>Basado en la noticia publicada en Granada Digital<\/p>\n\n\n\n<p><a href=\"https:\/\/www.granadadigital.es\/granada-activa-plan-territorial-emergencias-fase-prealerta-inundaciones\/\">Granada activa el Plan Territorial de Emergencias en fase de prealerta por inundaciones (granadadigital.es)<\/a><\/p>\n\n\n\n\n","protected":false},"excerpt":{"rendered":"<p>Muchos Ayuntamientos han puesto en marcha este nivel \u00abante la notificaci\u00f3n de precipitaciones intensas en&#8230;<\/p>\n","protected":false},"author":1,"featured_media":72667,"comment_status":"closed","ping_status":"closed","sticky":false,"template":"","format":"standard","meta":{"_coblocks_attr":"","_coblocks_dimensions":"","_coblocks_responsive_height":"","_coblocks_accordion_ie_support":"","jetpack_post_was_ever_published":false,"_jetpack_newsletter_access":"","_jetpack_dont_email_post_to_subs":false,"_jetpack_newsletter_tier_id":0,"_jetpack_memberships_contains_paywalled_content":false,"_jetpack_memberships_contains_paid_content":false,"footnotes":"","jetpack_publicize_message":"","jetpack_publicize_feature_enabled":true,"jetpack_social_post_already_shared":true,"jetpack_social_options":{"image_generator_settings":{"template":"highway","default_image_id":0,"enabled":false},"version":2}},"categories":[2,186,44],"tags":[],"class_list":["post-72666","post","type-post","status-publish","format-standard","has-post-thumbnail","hentry","category-atarfe","category-instituciones","category-noticias-de-hoy"],"jetpack_publicize_connections":[],"jetpack_featured_media_url":"https:\/\/i0.wp.com\/miradordeatarfe.es\/wp-content\/uploads\/2024\/11\/granada-aemet-kQ5-U2201806091812ubG-1200x840%40Ideal.jpeg?fit=1200%2C840&ssl=1","jetpack_likes_enabled":true,"jetpack_sharing_enabled":true,"_links":{"self":[{"href":"https:\/\/miradordeatarfe.es\/index.php?rest_route=\/wp\/v2\/posts\/72666","targetHints":{"allow":["GET"]}}],"collection":[{"href":"https:\/\/miradordeatarfe.es\/index.php?rest_route=\/wp\/v2\/posts"}],"about":[{"href":"https:\/\/miradordeatarfe.es\/index.php?rest_route=\/wp\/v2\/types\/post"}],"author":[{"embeddable":true,"href":"https:\/\/miradordeatarfe.es\/index.php?rest_route=\/wp\/v2\/users\/1"}],"replies":[{"embeddable":true,"href":"https:\/\/miradordeatarfe.es\/index.php?rest_route=%2Fwp%2Fv2%2Fcomments&post=72666"}],"version-history":[{"count":1,"href":"https:\/\/miradordeatarfe.es\/index.php?rest_route=\/wp\/v2\/posts\/72666\/revisions"}],"predecessor-version":[{"id":72668,"href":"https:\/\/miradordeatarfe.es\/index.php?rest_route=\/wp\/v2\/posts\/72666\/revisions\/72668"}],"wp:featuredmedia":[{"embeddable":true,"href":"https:\/\/miradordeatarfe.es\/index.php?rest_route=\/wp\/v2\/media\/72667"}],"wp:attachment":[{"href":"https:\/\/miradordeatarfe.es\/index.php?rest_route=%2Fwp%2Fv2%2Fmedia&parent=72666"}],"wp:term":[{"taxonomy":"category","embeddable":true,"href":"https:\/\/miradordeatarfe.es\/index.php?rest_route=%2Fwp%2Fv2%2Fcategories&post=72666"},{"taxonomy":"post_tag","embeddable":true,"href":"https:\/\/miradordeatarfe.es\/index.php?rest_route=%2Fwp%2Fv2%2Ftags&post=72666"}],"curies":[{"name":"wp","href":"https:\/\/api.w.org\/{rel}","templated":true}]}}