{"id":72679,"date":"2024-11-19T10:40:00","date_gmt":"2024-11-19T09:40:00","guid":{"rendered":"https:\/\/miradordeatarfe.es\/?p=72679"},"modified":"2024-11-16T11:12:33","modified_gmt":"2024-11-16T10:12:33","slug":"dosis-de-munoz-molina-por-alberto-granados","status":"publish","type":"post","link":"https:\/\/miradordeatarfe.es\/?p=72679","title":{"rendered":"\u00abDOSIS DE MU\u00d1OZ MOLINA- 1\u00bb por Alberto Granados"},"content":{"rendered":"\n<p>COMENZAMOS UNA SERIE DE ART\u00cdCULOS SELECCIONADOS POR<strong> ALBERTO GRANADOS <\/strong>EN SU FACEBOOK QUE CONSIDERAMOS DE INTER\u00c9S PARA CONOCER AL ESCRITOR ANTONIO MU\u00d1OZ MOLINA <\/p>\n\n\n\n<p class=\"has-medium-font-size\">En una peque\u00f1a galer\u00eda del Soho especializada en fotos de m\u00fasicos hay una exposici\u00f3n dedicada a Herman Leonard, que fue el cronista en blanco y negro de los mejores a\u00f1os del jazz. <\/p>\n\n\n\n<p>Cuando uno invoca la imagen de un m\u00fasico es muy probable que lo que est\u00e9 recordando sea una foto de Herman Leonard: la cara tr\u00e1gica y ensimismada de Billie Holiday emergiendo de las sombras de un club; Louis Armstrong agotado de viajes, sentado en un camerino de Par\u00eds, muy serio, con sus calcetines blancos, con una expresi\u00f3n de soledad en la que muy pronto, cuando la alumbren los focos, se dibujar\u00e1 su enorme sonrisa profesional de entertainer; Miles Davis con sus p\u00f3mulos de pedernal, con su brillo de antracita en la piel; Dexter Gordon todav\u00eda muy joven, con las piernas cruzadas, sosteniendo un cigarrillo del que asciende una columna de humo tan vertical y a la vez tan hecha de volutas como su misma presencia; Lester Young en su postura cada vez m\u00e1s imposible, la cara torcida hacia un lado, el saxo hacia el otro, la mirada triste y penetrante. A Lester Young, precisamente, le hizo Herman Leonard un retrato parad\u00f3jico en el que Lester no posaba, la foto m\u00e1s fiel de aquel hombre siempre ausente: tan s\u00f3lo el saxo tenor, el sombrero aplastado pork pie, el cigarrillo humeando, el que alguien deja olvidado en un cenicero antes de marcharse.<\/p>\n\n\n\n<p>En una foto Ella Fitzgerald canta de espaldas en un club y en una mesa cercana la miran extasiados Duke Ellington, Benny Goodman y Count Basie: en el instante de un solo disparo del flash est\u00e1n juntos cuatro de los nombres mayores de una m\u00fasica que estaba viviendo, sin que nadie lo supiera, la cima de su edad de oro. En los mismos clubes, en el curso de una sola noche, un aficionado pod\u00eda abarcar el arco entero del desarrollo de un arte, desde sus or\u00edgenes hasta sus \u00faltimas vanguardias pasando por su clasicismo: el jazz, igual que el cine, hab\u00eda comprimido en el espacio de tres generaciones el equivalente de una historia completa, como si Gald\u00f3s estuviera escribiendo al mismo tiempo que Cervantes, como si las primeras obras de Beckett fueran contempor\u00e1neas de las \u00faltimas de Shakespeare o Alban Berg estrenara Wozzeck mientras Monteverdi todav\u00eda estaba en activo\u00bb.<\/p>\n\n\n\n<p>(A. Mu\u00f1oz Molina, \u00abUna edad de oro\u00bb, SCherzo n.\u00ba 231, JUN 2008)<\/p>\n","protected":false},"excerpt":{"rendered":"<p>COMENZAMOS UNA SERIE DE ART\u00cdCULOS SELECCIONADOS POR ALBERTO GRANADOS EN SU FACEBOOK QUE CONSIDERAMOS DE&#8230;<\/p>\n","protected":false},"author":1,"featured_media":72680,"comment_status":"closed","ping_status":"closed","sticky":false,"template":"","format":"standard","meta":{"_coblocks_attr":"","_coblocks_dimensions":"","_coblocks_responsive_height":"","_coblocks_accordion_ie_support":"","jetpack_post_was_ever_published":false,"_jetpack_newsletter_access":"","_jetpack_dont_email_post_to_subs":false,"_jetpack_newsletter_tier_id":0,"_jetpack_memberships_contains_paywalled_content":false,"_jetpack_memberships_contains_paid_content":false,"footnotes":"","jetpack_publicize_message":"","jetpack_publicize_feature_enabled":true,"jetpack_social_post_already_shared":true,"jetpack_social_options":{"image_generator_settings":{"template":"highway","default_image_id":0,"enabled":false},"version":2}},"categories":[39,1161,44],"tags":[],"class_list":["post-72679","post","type-post","status-publish","format-standard","has-post-thumbnail","hentry","category-opinion-de-alberto-granados","category-ciudadania","category-noticias-de-hoy"],"jetpack_publicize_connections":[],"jetpack_featured_media_url":"https:\/\/i0.wp.com\/miradordeatarfe.es\/wp-content\/uploads\/2024\/11\/462367860_10230599192177099_8562991393045178052_n.jpg?fit=474%2C379&ssl=1","jetpack_likes_enabled":true,"jetpack_sharing_enabled":true,"_links":{"self":[{"href":"https:\/\/miradordeatarfe.es\/index.php?rest_route=\/wp\/v2\/posts\/72679","targetHints":{"allow":["GET"]}}],"collection":[{"href":"https:\/\/miradordeatarfe.es\/index.php?rest_route=\/wp\/v2\/posts"}],"about":[{"href":"https:\/\/miradordeatarfe.es\/index.php?rest_route=\/wp\/v2\/types\/post"}],"author":[{"embeddable":true,"href":"https:\/\/miradordeatarfe.es\/index.php?rest_route=\/wp\/v2\/users\/1"}],"replies":[{"embeddable":true,"href":"https:\/\/miradordeatarfe.es\/index.php?rest_route=%2Fwp%2Fv2%2Fcomments&post=72679"}],"version-history":[{"count":4,"href":"https:\/\/miradordeatarfe.es\/index.php?rest_route=\/wp\/v2\/posts\/72679\/revisions"}],"predecessor-version":[{"id":72724,"href":"https:\/\/miradordeatarfe.es\/index.php?rest_route=\/wp\/v2\/posts\/72679\/revisions\/72724"}],"wp:featuredmedia":[{"embeddable":true,"href":"https:\/\/miradordeatarfe.es\/index.php?rest_route=\/wp\/v2\/media\/72680"}],"wp:attachment":[{"href":"https:\/\/miradordeatarfe.es\/index.php?rest_route=%2Fwp%2Fv2%2Fmedia&parent=72679"}],"wp:term":[{"taxonomy":"category","embeddable":true,"href":"https:\/\/miradordeatarfe.es\/index.php?rest_route=%2Fwp%2Fv2%2Fcategories&post=72679"},{"taxonomy":"post_tag","embeddable":true,"href":"https:\/\/miradordeatarfe.es\/index.php?rest_route=%2Fwp%2Fv2%2Ftags&post=72679"}],"curies":[{"name":"wp","href":"https:\/\/api.w.org\/{rel}","templated":true}]}}