{"id":7270,"date":"2016-03-14T09:23:21","date_gmt":"2016-03-14T08:23:21","guid":{"rendered":"http:\/\/miradordeatarfe.es\/?p=7270"},"modified":"2019-12-28T12:57:36","modified_gmt":"2019-12-28T11:57:36","slug":"7270","status":"publish","type":"post","link":"https:\/\/miradordeatarfe.es\/?p=7270","title":{"rendered":"\u00abLA AZUCARERA DE ATARFE\u00bb por Jos\u00e9 Enrique Granados"},"content":{"rendered":"<h3>PRIMERA F\u00c1BRICA DE AZUCAR DE REMOLACHA EN ESPA\u00d1A<\/h3>\n<p><!--more--><\/p>\n<p>En la Plaza del Duque de San Pedro de Galatino en Granada, junto a la m\u00e1quina de vapor que aparece en las ilustraciones, se coloc\u00f3 una placa de bronce con el siguiente texto del profesor D. Manuel Mart\u00edn Rodr\u00edguez:<\/p>\n<p>En 1882, Juan L\u00f3pez-Rubio y Juan Creus y Manso construyeron en Granada la primera f\u00e1brica de az\u00facar de remolacha en Espa\u00f1a llamada El Ingenio de San Juan. Gracias a las actividades azucareras la Vega de Granada conoci\u00f3 en los a\u00f1os siguientes una de las etapas de ma<span class=\"text_exposed_show\">yor prosperidad de su historia. Esta m\u00e1quina de vapor, donada por la Caja General de Ahorros y Monte de Piedad de Granada y restaurada e instalada e este lugar a expensas de su Ayuntamiento, perteneci\u00f3 a la f\u00e1brica azucarera La Vega, que fue construida en Atarfe en 1904 y dej\u00f3 de trabajar en 1983. \u00daltimo a\u00f1o de esta industria en la Vega de Granada.<\/span><\/p>\n<p><a href=\"https:\/\/i0.wp.com\/miradordeatarfe.es\/wp-content\/uploads\/2016\/03\/12650896_953292601423422_3620837824108771543_n.jpg?ssl=1\" rel=\"attachment wp-att-7271\"><img data-recalc-dims=\"1\" loading=\"lazy\" decoding=\"async\" class=\"alignnone size-full wp-image-7271\" src=\"https:\/\/i0.wp.com\/miradordeatarfe.es\/wp-content\/uploads\/2016\/03\/12650896_953292601423422_3620837824108771543_n.jpg?resize=480%2C295&#038;ssl=1\" alt=\"12650896_953292601423422_3620837824108771543_n\" width=\"480\" height=\"295\" srcset=\"https:\/\/i0.wp.com\/miradordeatarfe.es\/wp-content\/uploads\/2016\/03\/12650896_953292601423422_3620837824108771543_n.jpg?w=480&amp;ssl=1 480w, https:\/\/i0.wp.com\/miradordeatarfe.es\/wp-content\/uploads\/2016\/03\/12650896_953292601423422_3620837824108771543_n.jpg?resize=300%2C184&amp;ssl=1 300w\" sizes=\"auto, (max-width: 480px) 100vw, 480px\" \/><\/a><\/p>\n<div class=\"text_exposed_show\">\n<p>En la fotograf\u00eda podemos ver las instalaciones fabriles un a\u00f1o antes de su cierre definitivo.<\/p>\n<\/div>\n<div class=\"text_exposed_show\">\n<p>Curiosidades elvirenses.<\/p>\n<h3>EL FERROCARRIL Y EL AZUCAR<\/h3>\n<p>Ya nos hemos referido en varias ocasiones en nuestra Gacetilla al libro titulado \u201cMiradas desde el ferrocarril del az\u00facar. Paisaje y patrimonio industrial en la Vega de Granada\u201d, de los profesores Jos\u00e9 Miguel Reyes Mesa y Miguel Gim\u00e9nez Yanguas, del Grupo de Investigaci\u00f3n de Patrimonio Industrial de la Universidad de Granada.<\/p>\n<p>Fruto de un trabajo de investigaci\u00f3n que tiene una finalidad fundamentalmente divulgativa, el libro se presenta como un viaje en las antiguas locomotor<span class=\"text_exposed_show\">as de vapor que transitaban por el ferrocarril Granada a Bobadilla, realizando paradas en las distintas estaciones y en los principales recintos industriales relacionados con la l\u00ednea f\u00e9rrea, acerc\u00e1ndose a trav\u00e9s de fotograf\u00edas que muestran la situaci\u00f3n de las principales industrias que subsisten en la actualidad y otras im\u00e1genes in\u00e9ditas hasta ahora, con gran valor hist\u00f3rico y t\u00e9cnico que permiten recrear el pasado de estas instalaciones, a la vez que se ofrecen los datos m\u00e1s significativos de cada uno de ellas. <\/span><\/p>\n<div class=\"text_exposed_show\">\n<p>Todas estas instalaciones se emplazaron junto a la l\u00ednea f\u00e9rrea para aprovechar las ventajas en la llegada de materias primas y combustible (carb\u00f3n) hasta las f\u00e1bricas y para dar salida con mayor rapidez en el suministro a los mercados de los productos elaborados por estas industrias, entre las que se encontraban fundamentalmente f\u00e1bricas azucareras, destiler\u00edas de alcohol, f\u00e1bricas de abonos, de cemento, aserraderos de madera, harineras o aceiteras.<\/p>\n<p><a href=\"https:\/\/i0.wp.com\/miradordeatarfe.es\/wp-content\/uploads\/2016\/03\/10475462_965249803561035_1504814933658093673_n.jpg?ssl=1\" rel=\"attachment wp-att-7272\"><img data-recalc-dims=\"1\" loading=\"lazy\" decoding=\"async\" class=\"alignnone size-full wp-image-7272\" src=\"https:\/\/i0.wp.com\/miradordeatarfe.es\/wp-content\/uploads\/2016\/03\/10475462_965249803561035_1504814933658093673_n.jpg?resize=375%2C395&#038;ssl=1\" alt=\"10475462_965249803561035_1504814933658093673_n\" width=\"375\" height=\"395\" srcset=\"https:\/\/i0.wp.com\/miradordeatarfe.es\/wp-content\/uploads\/2016\/03\/10475462_965249803561035_1504814933658093673_n.jpg?w=375&amp;ssl=1 375w, https:\/\/i0.wp.com\/miradordeatarfe.es\/wp-content\/uploads\/2016\/03\/10475462_965249803561035_1504814933658093673_n.jpg?resize=285%2C300&amp;ssl=1 285w\" sizes=\"auto, (max-width: 375px) 100vw, 375px\" \/><\/a><\/p>\n<p>En la fotograf\u00eda de autor desconocido, sobre 1905,, locomotora de vapor y t\u00e9nder con carb\u00f3n circulando en la l\u00ednea Bobadilla a Granada, en el tramo Pinos Puente-Atarfe. Al fondo Sierra Elvira.<\/p>\n<\/div>\n<p>&nbsp;<\/p>\n<\/div>\n","protected":false},"excerpt":{"rendered":"<p>PRIMERA F\u00c1BRICA DE AZUCAR DE REMOLACHA EN ESPA\u00d1A<\/p>\n","protected":false},"author":1,"featured_media":7569,"comment_status":"closed","ping_status":"closed","sticky":false,"template":"","format":"standard","meta":{"_coblocks_attr":"","_coblocks_dimensions":"","_coblocks_responsive_height":"","_coblocks_accordion_ie_support":"","jetpack_post_was_ever_published":false,"_jetpack_newsletter_access":"","_jetpack_dont_email_post_to_subs":false,"_jetpack_newsletter_tier_id":0,"_jetpack_memberships_contains_paywalled_content":false,"_jetpack_memberships_contains_paid_content":false,"footnotes":"","jetpack_publicize_message":"","jetpack_publicize_feature_enabled":true,"jetpack_social_post_already_shared":false,"jetpack_social_options":{"image_generator_settings":{"template":"highway","default_image_id":0,"enabled":false},"version":2}},"categories":[2,1225,38,44,15],"tags":[2309],"class_list":["post-7270","post","type-post","status-publish","format-standard","has-post-thumbnail","hentry","category-atarfe","category-ha-de-atarfe","category-opinion-de-jose-enrique-granados","category-noticias-de-hoy","category-ultimas-noticias","tag-azucarera"],"jetpack_publicize_connections":[],"jetpack_featured_media_url":"https:\/\/i0.wp.com\/miradordeatarfe.es\/wp-content\/uploads\/2016\/03\/70_0100329.jpg?fit=1024%2C544&ssl=1","jetpack_likes_enabled":true,"jetpack_sharing_enabled":true,"_links":{"self":[{"href":"https:\/\/miradordeatarfe.es\/index.php?rest_route=\/wp\/v2\/posts\/7270","targetHints":{"allow":["GET"]}}],"collection":[{"href":"https:\/\/miradordeatarfe.es\/index.php?rest_route=\/wp\/v2\/posts"}],"about":[{"href":"https:\/\/miradordeatarfe.es\/index.php?rest_route=\/wp\/v2\/types\/post"}],"author":[{"embeddable":true,"href":"https:\/\/miradordeatarfe.es\/index.php?rest_route=\/wp\/v2\/users\/1"}],"replies":[{"embeddable":true,"href":"https:\/\/miradordeatarfe.es\/index.php?rest_route=%2Fwp%2Fv2%2Fcomments&post=7270"}],"version-history":[{"count":5,"href":"https:\/\/miradordeatarfe.es\/index.php?rest_route=\/wp\/v2\/posts\/7270\/revisions"}],"predecessor-version":[{"id":36468,"href":"https:\/\/miradordeatarfe.es\/index.php?rest_route=\/wp\/v2\/posts\/7270\/revisions\/36468"}],"wp:featuredmedia":[{"embeddable":true,"href":"https:\/\/miradordeatarfe.es\/index.php?rest_route=\/wp\/v2\/media\/7569"}],"wp:attachment":[{"href":"https:\/\/miradordeatarfe.es\/index.php?rest_route=%2Fwp%2Fv2%2Fmedia&parent=7270"}],"wp:term":[{"taxonomy":"category","embeddable":true,"href":"https:\/\/miradordeatarfe.es\/index.php?rest_route=%2Fwp%2Fv2%2Fcategories&post=7270"},{"taxonomy":"post_tag","embeddable":true,"href":"https:\/\/miradordeatarfe.es\/index.php?rest_route=%2Fwp%2Fv2%2Ftags&post=7270"}],"curies":[{"name":"wp","href":"https:\/\/api.w.org\/{rel}","templated":true}]}}