{"id":72702,"date":"2024-11-14T10:15:00","date_gmt":"2024-11-14T09:15:00","guid":{"rendered":"https:\/\/miradordeatarfe.es\/?p=72702"},"modified":"2024-11-14T11:19:47","modified_gmt":"2024-11-14T10:19:47","slug":"la-tormenta-paraliza-la-provincia","status":"publish","type":"post","link":"https:\/\/miradordeatarfe.es\/?p=72702","title":{"rendered":"La tormenta paraliza la provincia"},"content":{"rendered":"\n<h2 class=\"wp-block-heading\">Las medidas para reducir el tr\u00e1fico y la presencia de vecinos en las calles evitaron emergencias en unas lluvias que dejaron incidentes leves<\/h2>\n\n\n\n<p>Que llueva durante muchas horas y no haya incidencias graves tambi\u00e9n es noticia. La Agencia Estatal de Meteorolog\u00eda (Aemet) lanz\u00f3 para la jornada de ayer una alerta naranja por precipitaciones intensas en la Costa y la Cuenca del Genil. Con la impresi\u00f3n todav\u00eda en el cuerpo tras la tragedia de la Comunidad Valenciana, en ese baile con el miedo, las administraciones tomaron precauciones y decidieron pausar la actividad en la mayor parte de la provincia, a fin de no correr riesgos innecesarios.<\/p>\n\n\n\n<p>Protecci\u00f3n Civil recomend\u00f3 a los granadinos no salir de casa. Una petici\u00f3n habitual en estos casos, que esta vez escucharon los ayuntamientos e instituciones. A consecuencia, la UGR cancel\u00f3 actos y cerr\u00f3 las facultades; la Junta de Andaluc\u00eda suspendi\u00f3 las clases en los centros educativos de 94 pueblos con un aviso de madrugada; los edificios municipales se mantuvieron clausurados; muchas empresas volvieron al teletrabajo; el aeropuerto cancel\u00f3 el vuelo de la tarde a Melilla; y la flota pesquera se qued\u00f3 amarrada en el puerto de Motril, entre un sinf\u00edn de medidas preventivas que dejaron la sensaci\u00f3n de una Granada confinada y prepand\u00e9mica.<\/p>\n\n\n\n<p>La r\u00e1pida respuesta y la compresi\u00f3n social har\u00e1n que las lluvias sean memorables, aunque la DANA no llegase a provocar estragos como en M\u00e1laga. Los da\u00f1os ocasionados han sido leves. La A-92, a la altura de Santa Fe, a \u00faltima hora del d\u00eda present\u00f3 varios kil\u00f3metros de retenciones debido a la acumulaci\u00f3n de agua en la calzada. La balsa atrap\u00f3 a varios veh\u00edculos. Hubo que cortarla por completo durante varias horas hasta que pudo darse paso lentamente a camiones y coches, aunque algunos tuvieron que ser rescatados con gr\u00faas.<\/p>\n\n\n\n<h3 class=\"wp-block-heading\">Comunicaciones afectadas<\/h3>\n\n\n\n<p>En el resto de v\u00edas, las incidencias registradas fueron mayoritariamente cortes de carretera por inundaciones o desprendimientos en zonas secundarias como la A-385 a la altura de Alhend\u00edn, desde el kil\u00f3metro cuatro al seis en ambos sentidos; la A-336 en Pinos Puente; y la A-44 en Vegas del Genil. Otras calzadas, como la A-395 en Monachil o la A-4025, en G\u00fc\u00e9jar Sierra, tuvieron afectada la circulaci\u00f3n por la presencia de nieve o hielo.<\/p>\n\n\n\n<p>Las primeras incidencias llegaron al arrancar la tarde. Previamente, durante la madrugada, los municipios escalaron sus medidas preventivas. En la Costa, Motril, el primer pueblo en poner en marcha el plan de emergencia para hacer frente a la DANA, se acost\u00f3 y se levant\u00f3 con reuniones de la junta de seguridad. Aunque el d\u00eda estuvo tranquilo, a partir de las 21.00 horas empezaron a arreciar las lluvias y a registrarse calles inundadas.<\/p>\n\n\n\n<p>Por la ma\u00f1ana, Motril amanec\u00eda vac\u00eda. Los comerciantes confesaban que hab\u00edan acudido a apilar los muebles por precauci\u00f3n, por si al cielo le daba por tronar con intensidad y se encontraron una jornada sin apenas lluvia. El tiempo desapacible hizo que les cancelaran citas, una escena que repiti\u00f3 en la capital, donde las calles devolv\u00edan un susurro de agua y soledad. En los municipios costeros, Polic\u00eda Local, Protecci\u00f3n Civil y Bomberos se pasearon con insistencia. Los operativos de emergencia comprobaron todas las ramblas, cauces y barrancos, mientras que en la desembocadura de la motrile\u00f1a rambla de Las Brujas, donde apretaba el temporal de Levante en conjunci\u00f3n con la DANA, una m\u00e1quina limpiaba y retiraba sedimento para que hubiera margen de evacuaci\u00f3n si se desataba la tormenta.<\/p>\n\n\n\n<p>En la comarca de Alhama de Granada, Ventas de Zafarraya pidi\u00f3 a sus vecinos que sacaran los coches de los garajes, la Aemet pronosticaba m\u00e1s de 80 litros por metro cuadrado. El Ayuntamiento de Hu\u00e9tor T\u00e1jar avis\u00f3 tambi\u00e9n de la posible crecida del r\u00edo Cac\u00edn tras abrir el contraembalse de los Bermejales. El arroyo Salado a su paso por Riofr\u00edo aument\u00f3 su caudal y en algunas zonas de la localidad se prohibi\u00f3 el aparcamiento cerca de las torrenteras. De hecho, la Ca\u00f1ada del Franc\u00e9s y el arroyo del Salado, en Santa Fe, se desbordaron, lo que llev\u00f3 a activar el Plan Municipal de Emergencias. El Ayuntamiento cort\u00f3 el acceso al Pol\u00edgono Industrial por la inundaci\u00f3n de un paso bajo el puente.<\/p>\n\n\n\n<h3 class=\"wp-block-heading\">En el Cintur\u00f3n<\/h3>\n\n\n\n<p>En los municipios que activaron el plan de emergencias, los centros de salud y consultorios mantuvieron los servicios m\u00ednimos. En el \u00e1rea metropolitana, al menos cinco localidades redujeron su actividad y priorizaron el teletrabajo y la asistencia telef\u00f3nica. El SAS rog\u00f3 a los usuarios que no se desplazaran, en especial los m\u00e1s mayores. Adem\u00e1s, Og\u00edjares, Alhama de Granada, Fuente Vaqueros, Hu\u00e9tor T\u00e1jar y Chauchina funcionaron a medio gas, atendiendo solo Urgencias e incluso con un \u00fanico m\u00e9dico. Que el tr\u00e1fico se redujera considerablemente favoreci\u00f3 a los servicios de emergencias.<\/p>\n\n\n\n<p>Pero durante la tarde, Chauchina se llev\u00f3 la peor parte. Las mismas inundaciones que afectaron a la circulaci\u00f3n en la A-92 inundaron el centro del pueblo, que qued\u00f3 restringido para la circulaci\u00f3n. El Ayuntamiento pidi\u00f3 a los vecinos que se subieran a las plantas superiores de sus viviendas.<\/p>\n\n\n\n<p>Tambi\u00e9n el Cintur\u00f3n, el Consorcio Metropolitano decidi\u00f3 suprimir los autobuses durante la noche y hasta las ocho de la ma\u00f1ana por las tormentas previstas. Tambi\u00e9n se registraron suspensiones en las conexiones de Alsa con M\u00e1laga y el Levante. Y hubo cancelaciones puntuales de trenes que se vieron afectados, sobre todo, por las lluvias de M\u00e1laga que interrumpieron la circulaci\u00f3n.<\/p>\n\n\n\n<p>Las lluvias fueron tan intensas que a las ocho de la tarde ya se hab\u00edan batido los r\u00e9cords de precipitaciones hist\u00f3ricas, con 73,8 litros acumulados en 24 horas, el m\u00e1ximo desde el a\u00f1o 1986.<\/p>\n\n\n\n<p>Las lluvias eran tan copiosas a \u00faltima hora de la noche, que se anunciaba la apertura de compuertas del desag\u00fce de fondo de los Bermejales. Avisaba el 112 para que se tuviera en cuenta que pod\u00eda incrementarse el caudal del r\u00edo Cac\u00edn.<\/p>\n\n\n\n<h3 class=\"wp-block-heading\">Medidas proporcionadas<\/h3>\n\n\n\n<p>Para los expertos en Protecci\u00f3n Civil, las medidas que se tomaron son proporcionadas y las que deber\u00edan producirse ordinariamente ante estos fen\u00f3menos atmosf\u00e9ricos, con o sin miedo tras la calamidad valenciana. \u00abLas lluvias que se esperaban no eran de tales magnitudes como en la DANA que afect\u00f3 a Valencia. Gracias a que la gente est\u00e1 concienciada, hay poca densidad de ciudadanos en las calles y el tr\u00e1fico es escaso se han reducido las incidencias considerablemente. Es m\u00e1s, si hay alguna emergencias los servicios tienen facilidad de acceso\u00bb, comenta Sergio Iglesias, responsable de Protecci\u00f3n Civil del Ayuntamiento de Granada, una de las pocas ciudades en Espa\u00f1a con un plan espec\u00edfico en caso de inundaci\u00f3n.<\/p>\n\n\n\n<p>La &#8216;cara B&#8217; del esfuerzo colectivo que se produjo en la provincia para reducir la actividad es la de aquellos que desoyeron las recomendaciones. Este medio observ\u00f3 un goteo de ciudadanos que paseaban con despreocupaci\u00f3n por la playa o por la ciudad de la Alhambra.<\/p>\n\n\n\n<p>Una alerta estatal de meteorolog\u00eda no es una f\u00f3rmula exacta. El tiempo depende de muchas variables, pero jam\u00e1s hay que confiarse. La DANA, la gota fr\u00eda, ha existido siempre, y con el cambio clim\u00e1tico los fen\u00f3menos son m\u00e1s adversos y pronunciados. El reto es encontrar el equilibrio entre la actividad humana y la prevenci\u00f3n.<\/p>\n\n\n\n<h3 class=\"wp-block-heading\">\u00abToda medida es poca si se protege a los ciudadanos\u00bb<\/h3>\n\n\n\n<p>\u00abToda medida es poca si se protege a los ciudadanos\u00bb\u00abLa parte negativa es que si se queda en una lluvia convencional la gente asume un mensaje de que no ha pasado nada para la pr\u00f3xima, por lo que no prestan atenci\u00f3n e incluso se exponen\u00bb, lamenta Sergio Iglesias, jefe de Protecci\u00f3n Civil. \u00abSe debe actuar siempre en consecuencia. y tomar medidas contundentes. Si las administraciones o las empresas reh\u00fasan a actuar, los ciudadanos deben dar el paso para protegerse\u00bb, explica. \u00abNo es un d\u00eda normal aunque lo parezca. En Espa\u00f1a no estamos acostumbrados a la cat\u00e1strofe. Una concepci\u00f3n de una sociedad sana no escatima en prevenci\u00f3n y a la nuestra le falta muchos pasos que dar\u00bb, comenta. \u00abEsperamos que a las futuras generaciones se le forme para responder ante las emergencias\u00bb.<\/p>\n\n\n\n<p><strong>Pilar Garc\u00eda-Trevijano, Pepe Moreno y Carlos Mor\u00e1n<\/strong><\/p>\n\n\n\n<p>FOTO: La lluvia fue una constante en la capital. Pepe Mar\u00edn<\/p>\n\n\n\n<p><a href=\"https:\/\/www.ideal.es\/granada\/tormenta-paraliza-provincia-20241114010502-nt.html\">https:\/\/www.ideal.es\/granada\/tormenta-paraliza-provincia-20241114010502-nt.html<\/a><\/p>\n","protected":false},"excerpt":{"rendered":"<p>Las medidas para reducir el tr\u00e1fico y la presencia de vecinos en las calles evitaron&#8230;<\/p>\n","protected":false},"author":1,"featured_media":72703,"comment_status":"closed","ping_status":"closed","sticky":false,"template":"","format":"standard","meta":{"_coblocks_attr":"","_coblocks_dimensions":"","_coblocks_responsive_height":"","_coblocks_accordion_ie_support":"","jetpack_post_was_ever_published":false,"_jetpack_newsletter_access":"","_jetpack_dont_email_post_to_subs":true,"_jetpack_newsletter_tier_id":0,"_jetpack_memberships_contains_paywalled_content":false,"_jetpack_memberships_contains_paid_content":false,"footnotes":"","jetpack_publicize_message":"","jetpack_publicize_feature_enabled":true,"jetpack_social_post_already_shared":false,"jetpack_social_options":{"image_generator_settings":{"template":"highway","enabled":false},"version":2}},"categories":[1161,44,6937],"tags":[],"class_list":["post-72702","post","type-post","status-publish","format-standard","has-post-thumbnail","hentry","category-ciudadania","category-noticias-de-hoy","category-sociedad"],"jetpack_publicize_connections":[],"jetpack_featured_media_url":"https:\/\/i0.wp.com\/miradordeatarfe.es\/wp-content\/uploads\/2024\/11\/dana-cronica-scaled.webp?fit=2560%2C1706&ssl=1","jetpack_likes_enabled":true,"jetpack_sharing_enabled":true,"_links":{"self":[{"href":"https:\/\/miradordeatarfe.es\/index.php?rest_route=\/wp\/v2\/posts\/72702","targetHints":{"allow":["GET"]}}],"collection":[{"href":"https:\/\/miradordeatarfe.es\/index.php?rest_route=\/wp\/v2\/posts"}],"about":[{"href":"https:\/\/miradordeatarfe.es\/index.php?rest_route=\/wp\/v2\/types\/post"}],"author":[{"embeddable":true,"href":"https:\/\/miradordeatarfe.es\/index.php?rest_route=\/wp\/v2\/users\/1"}],"replies":[{"embeddable":true,"href":"https:\/\/miradordeatarfe.es\/index.php?rest_route=%2Fwp%2Fv2%2Fcomments&post=72702"}],"version-history":[{"count":1,"href":"https:\/\/miradordeatarfe.es\/index.php?rest_route=\/wp\/v2\/posts\/72702\/revisions"}],"predecessor-version":[{"id":72704,"href":"https:\/\/miradordeatarfe.es\/index.php?rest_route=\/wp\/v2\/posts\/72702\/revisions\/72704"}],"wp:featuredmedia":[{"embeddable":true,"href":"https:\/\/miradordeatarfe.es\/index.php?rest_route=\/wp\/v2\/media\/72703"}],"wp:attachment":[{"href":"https:\/\/miradordeatarfe.es\/index.php?rest_route=%2Fwp%2Fv2%2Fmedia&parent=72702"}],"wp:term":[{"taxonomy":"category","embeddable":true,"href":"https:\/\/miradordeatarfe.es\/index.php?rest_route=%2Fwp%2Fv2%2Fcategories&post=72702"},{"taxonomy":"post_tag","embeddable":true,"href":"https:\/\/miradordeatarfe.es\/index.php?rest_route=%2Fwp%2Fv2%2Ftags&post=72702"}],"curies":[{"name":"wp","href":"https:\/\/api.w.org\/{rel}","templated":true}]}}