{"id":72705,"date":"2024-11-15T10:45:00","date_gmt":"2024-11-15T09:45:00","guid":{"rendered":"https:\/\/miradordeatarfe.es\/?p=72705"},"modified":"2024-11-14T12:41:18","modified_gmt":"2024-11-14T11:41:18","slug":"rotunda-victoria-de-trump-por-juan-santaella","status":"publish","type":"post","link":"https:\/\/miradordeatarfe.es\/?p=72705","title":{"rendered":"\u00abRotunda victoria de Trump\u00bb por Juan Santaella"},"content":{"rendered":"\n<p class=\"has-medium-font-size\"><strong>Tras su victoria, Europa se siente m\u00e1s sola y el mundo, m\u00e1s convulso<\/strong><\/p>\n\n\n\n<p>De forma abrumadora, Trump ha vencido en las elecciones norteamericanas, a pesar de tener pendientes cuatro procesos judiciales, entre ellos el asalto al Capitolio, y estar acusado de 34 delitos. Dominar\u00e1 el Senado y la C\u00e1mara de Representantes; y, en el Tribunal Supremo, tiene una mayor\u00eda superconservadora. Estamos ante un Presidente que tiene el control de los tres poderes: ejecutivo, legislativo y judicial.<\/p>\n\n\n\n<p>Tras su victoria, Europa se encuentra m\u00e1s sola y el mundo m\u00e1s convulso. Adem\u00e1s, con la extrema derecha en auge (Holanda, Francia, Alemania, Austria, Hungr\u00eda, Italia, Espa\u00f1a\u2026), su triunfo alimentar\u00e1 esos movimientos populistas. Viktor Orban ya ha celebrado con champ\u00e1n \u00abuna victoria muy necesaria para el mundo\u00bb, y Meloni lo ha felicitado efusivamente: \u00ab\u00a1Buen trabajo, presidente Trump!\u00bb. Tambi\u00e9n corre el champ\u00e1n en Mosc\u00fa, Budapest y Jerusal\u00e9n.<\/p>\n\n\n\n<p>Trump fue a por el voto &#8216;macho&#8217; y lo ha logrado. Vuelve a la Casa Blanca aupado por los hombres: los blancos lo han votado un 59%, y las mujeres blancas un 52%; los negros un 20%, y las mujeres negras un 7%; los latinos un 54%, y las mujeres un 37%. Adem\u00e1s, tambi\u00e9n lo han votado los trabajadores, preocupados por su futuro; el pa\u00eds profundo, rural y evangelista por la prohibici\u00f3n del aborto; los ricos por su neoliberalismo exacerbado, sus desregulaciones y sus recortes de impuestos. Los musulmanes, por su parte, no han votado a Harris por su colaboraci\u00f3n en la guerra de Gaza\u2026<\/p>\n\n\n\n<p>Sus medidas inmediatas, seg\u00fan todos los analistas, ser\u00e1n: incrementar\u00e1 un 60% los aranceles de productos chinos, y un 20% los europeos y mejicanos. Apoyar\u00e1 a Putin, permitiendo anexionarse determinados territorios, y colaborar\u00e1 con Netanyahu para destruir el poder iran\u00ed. Realizar\u00e1 la mayor deportaci\u00f3n de inmigrantes ilegales de la historia de EEUU, y les prohibir\u00e1 cualquier tipo de ayudas sociales. Se opondr\u00e1 a los acuerdos clim\u00e1ticos de Par\u00eds: abaratar\u00e1 los combustibles f\u00f3siles, detendr\u00e1 las turbinas e\u00f3licas \u00abque matan ballenas\u00bb, expedir\u00e1 nuevos permisos para perforaciones petrol\u00edferas, y suspender\u00e1 la transici\u00f3n a los coches el\u00e9ctricos\u2026<\/p>\n\n\n\n<p>Seg\u00fan Paul Krugman, Premio Nobel de Econom\u00eda, m\u00e1s que un demagogo, que lo es, Trump es un extremista de derechas, que, desde el principio, denigr\u00f3 y margin\u00f3 a la prensa que no le era af\u00edn, salpic\u00f3 su primer mandato de mentiras y falsedades, demoniz\u00f3 a cuantos le fueron cr\u00edticos, defendi\u00f3 el machismo, la xenofobia y el racismo, expuls\u00f3 y elev\u00f3 muros contra los extranjeros, y practic\u00f3 un nacionalismo americano, basado en himnos y banderas, que puso en cuesti\u00f3n las relaciones comerciales, militares, econ\u00f3micas y pol\u00edticas con los dem\u00e1s Estados, adem\u00e1s de ser un negacionista de la pandemia.<\/p>\n\n\n\n<p>Hoy, el orden est\u00e1 sustentado en el desorden. Y eso se refleja en la vida cotidiana. Solo existen el yo sin el yo (un yo vac\u00edo), y el yo sin nosotros (insolidario). Quiz\u00e1, por eso, el soci\u00f3logo americano R. Putnam, en &#8216;El declive del capital social&#8217;, habla del fracaso de la sociedad civil, algo muy peligroso para cualquier democracia. Eso significa que el yo p\u00fablico se ha inhibido de los problemas colectivos, y solo mira su inter\u00e9s inmediato. Por eso es tan dif\u00edcil hablar de verdades o de valores, y tan f\u00e1cil caer en el populismo. Ojal\u00e1 las nuevas generaciones, frustradas por un mundo tan absurdo e insolidario, descubran pronto la importancia del otro, y contemplen en su rostro la dignidad que posee.<\/p>\n\n\n\n<p><a href=\"https:\/\/www.ideal.es\/opinion\/juan-santaella-rotunda-victoria-trump-20241114230447-nt.html\">https:\/\/www.ideal.es\/opinion\/juan-santaella-rotunda-victoria-trump-20241114230447-nt.html<\/a><\/p>\n\n\n\n<p>FOTO: EL ECONOMISTA<\/p>\n\n\n\n\n","protected":false},"excerpt":{"rendered":"<p>Tras su victoria, Europa se siente m\u00e1s sola y el mundo, m\u00e1s convulso De forma&#8230;<\/p>\n","protected":false},"author":1,"featured_media":72706,"comment_status":"closed","ping_status":"closed","sticky":false,"template":"","format":"standard","meta":{"_coblocks_attr":"","_coblocks_dimensions":"","_coblocks_responsive_height":"","_coblocks_accordion_ie_support":"","jetpack_post_was_ever_published":false,"_jetpack_newsletter_access":"","_jetpack_dont_email_post_to_subs":true,"_jetpack_newsletter_tier_id":0,"_jetpack_memberships_contains_paywalled_content":false,"_jetpack_memberships_contains_paid_content":false,"footnotes":"","jetpack_publicize_message":"","jetpack_publicize_feature_enabled":true,"jetpack_social_post_already_shared":true,"jetpack_social_options":{"image_generator_settings":{"template":"highway","enabled":false},"version":2}},"categories":[1161,44,7671],"tags":[],"class_list":["post-72705","post","type-post","status-publish","format-standard","has-post-thumbnail","hentry","category-ciudadania","category-noticias-de-hoy","category-politica"],"jetpack_publicize_connections":[],"jetpack_featured_media_url":"https:\/\/i0.wp.com\/miradordeatarfe.es\/wp-content\/uploads\/2024\/11\/donald-trump-victoria-1200.jpg?fit=1200%2C655&ssl=1","jetpack_likes_enabled":true,"jetpack_sharing_enabled":true,"_links":{"self":[{"href":"https:\/\/miradordeatarfe.es\/index.php?rest_route=\/wp\/v2\/posts\/72705","targetHints":{"allow":["GET"]}}],"collection":[{"href":"https:\/\/miradordeatarfe.es\/index.php?rest_route=\/wp\/v2\/posts"}],"about":[{"href":"https:\/\/miradordeatarfe.es\/index.php?rest_route=\/wp\/v2\/types\/post"}],"author":[{"embeddable":true,"href":"https:\/\/miradordeatarfe.es\/index.php?rest_route=\/wp\/v2\/users\/1"}],"replies":[{"embeddable":true,"href":"https:\/\/miradordeatarfe.es\/index.php?rest_route=%2Fwp%2Fv2%2Fcomments&post=72705"}],"version-history":[{"count":1,"href":"https:\/\/miradordeatarfe.es\/index.php?rest_route=\/wp\/v2\/posts\/72705\/revisions"}],"predecessor-version":[{"id":72707,"href":"https:\/\/miradordeatarfe.es\/index.php?rest_route=\/wp\/v2\/posts\/72705\/revisions\/72707"}],"wp:featuredmedia":[{"embeddable":true,"href":"https:\/\/miradordeatarfe.es\/index.php?rest_route=\/wp\/v2\/media\/72706"}],"wp:attachment":[{"href":"https:\/\/miradordeatarfe.es\/index.php?rest_route=%2Fwp%2Fv2%2Fmedia&parent=72705"}],"wp:term":[{"taxonomy":"category","embeddable":true,"href":"https:\/\/miradordeatarfe.es\/index.php?rest_route=%2Fwp%2Fv2%2Fcategories&post=72705"},{"taxonomy":"post_tag","embeddable":true,"href":"https:\/\/miradordeatarfe.es\/index.php?rest_route=%2Fwp%2Fv2%2Ftags&post=72705"}],"curies":[{"name":"wp","href":"https:\/\/api.w.org\/{rel}","templated":true}]}}