{"id":72708,"date":"2024-11-18T10:29:00","date_gmt":"2024-11-18T09:29:00","guid":{"rendered":"https:\/\/miradordeatarfe.es\/?p=72708"},"modified":"2024-11-15T17:01:43","modified_gmt":"2024-11-15T16:01:43","slug":"el-juego-de-tronos-de-la-cop29","status":"publish","type":"post","link":"https:\/\/miradordeatarfe.es\/?p=72708","title":{"rendered":"El &#8216;Juego de Tronos&#8217; de la COP29"},"content":{"rendered":"\n<h1 class=\"wp-block-heading\" id=\"m63-62-64\">El gran conflicto de intereses geopol\u00edtico que frena la soluci\u00f3n a la emergencia clim\u00e1tica<br \/><\/h1>\n\n\n\n<h2 class=\"wp-block-heading\" id=\"m69-68-70\">Las negociaciones internacionales a menudo chocan con los intereses nacionales de las Partes, por lo que los agentes ambientalistas temen que los acuerdos puedan carecer de objetivos verdaderamente ambiciosos.<\/h2>\n\n\n\n<p id=\"m95-94-96\">Unos 25 pa\u00edses han suscrito este mi\u00e9rcoles la declaraci\u00f3n del <strong>Comit\u00e9 de Alto Nivel <\/strong>durante la tercera\u00a0jornada de la COP29 en Bak\u00fa, capital de Azerbaiy\u00e1n. Espa\u00f1a, Irlanda, Chile, Guatemala, Kenia y Nepal, entre otros, se\u00a0comprometen as\u00ed a reducir las emisiones y alcanzar <a href=\"https:\/\/www.publico.es\/sociedad\/nuevo-record-global-emisiones-fosiles-co2-retrata-inaccion-mandatarios-reunidos-cop29.html#analytics-noticia:contenido-enlace\">un nuevo objetivo de financiaci\u00f3n para el clima<\/a>. Las negociaciones avanzan, pero los agentes sociales vigilan con lupa que estas no queden en papel mojado, ya que a menudo los pa\u00edses presionan para que los acuerdos logrados carezcan de un gran alcance, ya sea para evitar reducir emisiones f\u00f3siles o aumentar la financiaci\u00f3n contra la emergencia ambiental.\u00a0As\u00ed es el tablero de ajedrez que configura la actual cumbre del clima.<\/p>\n\n\n\n<p id=\"m338-1-339\">En este sentido, el negacionismo clim\u00e1tico de <strong>Donald Trump<\/strong> ha hecho saltar las alarmas <a href=\"https:\/\/www.publico.es\/internacional\/victoria-trump-problema-anadido-sahara-occidental.html#analytics-noticia:contenido-enlace\">tras su victoria electoral<\/a> y es el fantasma que recorre la actual cumbre del clima. Durante su mandato anterior, de 2017 a 2021, el derechista retir\u00f3 a EEUU del <strong>Acuerdo de Par\u00eds<\/strong>, por el cual los pa\u00edses se comprometen a trabajar para que la temperatura de la Tierra no supere los 1,5\u00baC por encima de los niveles preindustriales. Trump ha prometido volverlo a hacer.<\/p>\n\n\n\n<p id=\"m343-2-344\">Sin embargo, los expertos dejan claro que, si bien la pol\u00edtica clim\u00e1tica que defiende el magnate obstaculiza cualquier avance ecologista, EEUU nunca ha destacado por su ambici\u00f3n en confrontar la crisis ambiental. \u00abLa administraci\u00f3n <strong>Clinton<\/strong> negoci\u00f3 el Protocolo de Kioto, pero finalmente no fue ratificado por el Senado de los EEUU. La administraci\u00f3n <strong>Bush Jr.<\/strong> no fue ambiciosa. Tampoco es que destacara la administraci\u00f3n <strong>Obama <\/strong>en esta materia\u00bb, recuerda a <em>P\u00fablico<\/em> <strong>Ana Barreira<\/strong>,&nbsp;directora del Instituto Internacional de Derecho y Medioambiente y presente en la COP29.<\/p>\n\n\n\n<p id=\"m348-3-349\">\u00abCuando Joe Biden&nbsp;lleg\u00f3 al <strong>Despacho Oval<\/strong>, reincorpor\u00f3 a Estados Unidos al Acuerdo de Par\u00eds tras la retirada de Trump, pero ha faltado a las dos \u00faltimas ediciones\u00bb, a\u00f1ade a este diario <strong>Mario S\u00e1nchez-Herrero<\/strong>, presidente de la cooperativa ambientalista Ecooo Energ\u00eda Ciudadana. Con la vuelta de Trump, el experto alerta sobre su defensa de \u00abla <a href=\"https:\/\/www.publico.es\/sociedad\/contamina-paga-brecha-norte-sur-determina-gran-reto-financiacion-cop29.html#analytics-noticia:contenido-enlace\">extracci\u00f3n de combustibles f\u00f3siles<\/a> y muy en particular por la muy contaminante <strong>t\u00e9cnica del <em>fracking<\/em><\/strong>, quereafirma <a href=\"https:\/\/www.publico.es\/internacional\/izquierdas-muro-trump-aprender-nueva-derrota-frente-ultraderecha.html#analytics-noticia:contenido-enlace\">la apuesta puramente ideol\u00f3gica e irracional<\/a> de la nueva administraci\u00f3n estadounidense por <strong>un modelo energ\u00e9tico obsoleto y suicida<\/strong>\u00ab.<\/p>\n\n\n\n<h2 class=\"wp-block-heading\" id=\"m353-4-354\">Las barreras del sur global<\/h2>\n\n\n\n<p id=\"m358-5-359\">Tambi\u00e9n muchos pa\u00edses del sur global son grandes emisores de gases derivados de combustibles f\u00f3siles.&nbsp;Para estos territorios, \u00abla exportaci\u00f3n de carb\u00f3n, gas o petr\u00f3leo es la \u00fanica v\u00eda posible para pagar su <strong>enorme deuda externa<\/strong>, casi siempre injusta, adquirida ante acreedores internacionales\u00bb, describe un informe de Ecologistas en Acci\u00f3n al que <em>P\u00fablico<\/em>&nbsp;ha tenido acceso. De este modo, \u00ablos pa\u00edses productores de <a href=\"https:\/\/www.publico.es\/sociedad\/50-personas-mas-ricas-del-mundo-emiten-mas-carbono-90-minutos-persona-media-vida.html#analytics-noticia:contenido-enlace\">combustibles f\u00f3siles<\/a> son muy reticentes a incluir menciones sobre la reducci\u00f3n de su uso o su cese\u00bb, apunta Barreira.<\/p>\n\n\n\n<p id=\"m363-6-364\">Estos estados \u00absufren enormes restricciones fiscales\u00bb, destaca a este diario <strong>Alex Scott<\/strong>, responsable de Diplomacia medioambiental en el <em>think tank<\/em> italiano ECCO Climate, presente en la COP29. Seg\u00fan&nbsp;<strong>Pedro Zorrilla<\/strong>, representante de Greenpeace Espa\u00f1a en Bak\u00fa,&nbsp;\u00abcarecen de <a href=\"https:\/\/www.publico.es\/sociedad\/mujer-territorio-cuidados-han-ensenado-50-anos-ecofeminismos-falta.html#analytics-noticia:contenido-enlace\">recursos econ\u00f3micos, de conocimiento o de capacidad humana<\/a> o infraestructuras\u00bb para alcanzar las metas m\u00e1s ambiciosas en materia clim\u00e1tica.<\/p>\n\n\n\n<p id=\"m368-7-369\">Por ejemplo, \u00abpa\u00edses como la India, donde hay <strong>una gran pobreza energ\u00e9tica<\/strong>, no es que est\u00e9n cerrando estas centrales, sino que las est\u00e1n abriendo\u00bb, indica a este medio <strong>Olga Alcaraz<\/strong>, directora del Grup Governament del Canvi Clim\u00e0tic en la Universitat Polit\u00e8cnica de Catalunya (UPC).<\/p>\n\n\n\n<p id=\"m373-8-374\">Tambi\u00e9n <strong>Nigeria <\/strong>es un territorio que ha sufrido el extractivismo colonialista de Europa, seg\u00fan destaca el informe de Ecologistas en Acci\u00f3n. Se trata del \u00abprincipal suministrador de petr\u00f3leo a Espa\u00f1a en 2023\u00bb, subraya el documento, y ocupa el puesto 161 de 189 en el<strong> \u00cdndice de Desarrollo Humano<\/strong>. Los hidrocarburos suponen cerca del 90% de sus exportaciones, lo cual lo convierte en \u00abun pa\u00eds reticente al abandono de combustibles f\u00f3siles\u00bb.&nbsp;<\/p>\n\n\n\n<p id=\"m378-9-379\">Los l\u00edderes de Pakist\u00e1n, Bangladesh y Tuvalu han subrayado este mi\u00e9rcoles la importancia de un mayor compromiso en las negociaciones, destacando los riesgos de <strong>no movilizar suficiente financiaci\u00f3n<\/strong> para los pa\u00edses en desarrollo.&nbsp;\u00abLa financiaci\u00f3n es una gran barrera y eso es lo que esta COP puede abordar con el <strong>Nuevo Objetivo Colectivo Cuantificado<\/strong> (NCQG, por sus siglas en ingl\u00e9s)\u00bb, remarca Scott.&nbsp;Se trata del instrumento financiero que sustituir\u00e1 al actual <strong>Fondo Verde para el Clima<\/strong> a partir de 2025. Su prop\u00f3sito \u00abes dar a estos pa\u00edses la confianza para llevar la acci\u00f3n clim\u00e1tica al siguiente nivel\u00bb, a\u00f1ade la experta de&nbsp;ECCO Climate.<\/p>\n\n\n\n<p id=\"m383-10-384\">Un nuevo texto del NCQG ha visto la luz en la jornada del mi\u00e9rcoles. Su extensi\u00f3n es superior a la versi\u00f3n anterior, con&nbsp;m\u00e1s de 30 p\u00e1ginas. Los ministros debatir\u00e1n el documento en unos d\u00edas y se espera que este jueves se presente un nuevo proyecto de texto m\u00e1s reducido, seg\u00fan informan fuentes sobre el terreno.<\/p>\n\n\n\n<h2 class=\"wp-block-heading\" id=\"m388-11-389\">Europa, \u00bflos buenos de la pel\u00edcula?<\/h2>\n\n\n\n<p id=\"m393-12-394\">Los pa\u00edses europeos tienen la fama de ser los m\u00e1s ambiciosos en materia clim\u00e1tica. La <strong>Uni\u00f3n Europea<\/strong> \u00absiempre ha puesto sobre la mesa de negociaci\u00f3n posiciones m\u00e1s ambiciosas que el resto del norte global\u00bb, valora Barreira. Por su parte, el representante de Greenpeace coincide con la experta, aunque matiza que \u00abno lo es de manera suficiente\u00bb.<\/p>\n\n\n\n<p id=\"m398-13-399\">La UE ha marcado el objetivo de <strong>reducir las emisiones un 55%<\/strong> con respecto 1990 para el a\u00f1o 2030. Sin embargo, \u00ab<a href=\"https:\/\/www.publico.es\/politica\/vox-ignora-evidencia-cientifica-aisla-negacionismo-climatico-frente-consenso-resto-partidos.html#analytics-noticia:contenido-enlace\">la ciencia establece que esta cifra deber\u00eda ser, como m\u00ednimo, un 65%<\/a>\u00ab, critica Zorrilla, una diferencia que considera importante para evitar alcanzar el l\u00edmite de los 1,5\u00baC que define el Acuerdo de Par\u00eds.<\/p>\n\n\n\n<p id=\"m403-14-404\">\u00abEuropa presume de bajas emisiones&nbsp;desde una postura c\u00ednica e hip\u00f3crita, replicando patrones coloniales que <strong>generan dependencia en los pa\u00edses del sur global<\/strong>\u00ab, denuncia S\u00e1nchez-Herrero. Adem\u00e1s, a\u00f1ade que \u00abla financiaci\u00f3n que el norte global ofrece al sur genera nuevas formas de subordinaci\u00f3n, perpetuando la desigualdad estructural y la acumulaci\u00f3n de riqueza, cuando esta deber\u00eda estar distribuida\u00bb.<\/p>\n\n\n\n<h2 class=\"wp-block-heading\" id=\"m408-15-409\">Un bill\u00f3n de d\u00f3lares para combatir la crisis clim\u00e1tica<\/h2>\n\n\n\n<p id=\"m413-16-414\">Habemus cifra: <strong>1,3 billones<\/strong> (<em>trillions<\/em>, seg\u00fan la terminolog\u00eda anglosajona). Esta es la meta de financiaci\u00f3n que varios pa\u00edses pusieron este martes sobre la mesa en la COP29 para <a href=\"https:\/\/www.publico.es\/sociedad\/soluciones-basadas-naturaleza-no-morir-calor-ciudades.html#analytics-noticia:contenido-enlace\">negociar el NCQG<\/a>.&nbsp;La propuesta de los 1,3 billones viene por parte del <strong>Grupo de los 77 <\/strong>(G77), que lidera la Rep\u00fablica Popular China.<\/p>\n\n\n\n<p id=\"m418-17-419\">Este grupo se cre\u00f3 en 1964 por las partes que firmaron la <em>Declaraci\u00f3n Conjunta de los Setenta y Siete Pa\u00edses en Desarrollo<\/em> y que ahora conforman 134 estados. Su objetivo es \u00abproporcionar los medios para que los pa\u00edses del sur <strong>articulen y promuevan sus intereses econ\u00f3micos colectivos<\/strong>\u00ab, as\u00ed como fomentar el desarrollo, seg\u00fan explica el informe de Ecologistas en Acci\u00f3n.<\/p>\n\n\n\n<p id=\"m423-18-424\">Los l\u00edderes mundiales negociar\u00e1n alrededor de esa cifra los pr\u00f3ximos d\u00edas. En este contexto, varios agentes ambientalistas temen que los pa\u00edses m\u00e1s ricos, a quienes consideran responsables hist\u00f3ricos de la crisis clim\u00e1tica, traten de desviar el foco hacia instrumentos alternativos de financiaci\u00f3n, como empresas privadas, en lugar de asumir la cuant\u00eda del NCQG con dinero p\u00fablico.&nbsp;El desarrollo de las negociaciones los pr\u00f3ximos d\u00edas ser\u00e1 crucial para dilucidar el futuro de la lucha contra la crisis clim\u00e1tica.<\/p>\n\n\n\n<p><a href=\"https:\/\/www.publico.es\/author\/adhik-arrilucea#analytics-noticia:autor\"><strong>Adhik Arrilucea<\/strong><\/a><a href=\"https:\/\/twitter.com\/adhikarrilucea\" target=\"_blank\" rel=\"noreferrer noopener\"><strong>  @adhikarrilucea<\/strong><\/a><\/p>\n\n\n\n<p>FOTO: De izquierda a derecha, Donald Trump, Ursula von der Leyen y Pedro S\u00e1nchez.REUTERS<\/p>\n\n\n\n<p><a href=\"https:\/\/www.publico.es\/internacional\/juego-tronos-cop29-gran-conflicto-intereses-geopolitico-frena-solucion-emergencia-climatica.html#md=modulo-portada-bloque:2col-t1;mm=mobile-big\">https:\/\/www.publico.es\/internacional\/juego-tronos-cop29-gran-conflicto-intereses-geopolitico-frena-solucion-emergencia-climatica.html#md=modulo-portada-bloque:2col-t1;mm=mobile-big<\/a><\/p>\n\n\n\n\n","protected":false},"excerpt":{"rendered":"<p>El gran conflicto de intereses geopol\u00edtico que frena la soluci\u00f3n a la emergencia clim\u00e1tica Las&#8230;<\/p>\n","protected":false},"author":1,"featured_media":72709,"comment_status":"closed","ping_status":"closed","sticky":false,"template":"","format":"standard","meta":{"_coblocks_attr":"","_coblocks_dimensions":"","_coblocks_responsive_height":"","_coblocks_accordion_ie_support":"","jetpack_post_was_ever_published":false,"_jetpack_newsletter_access":"","_jetpack_dont_email_post_to_subs":true,"_jetpack_newsletter_tier_id":0,"_jetpack_memberships_contains_paywalled_content":false,"_jetpack_memberships_contains_paid_content":false,"footnotes":"","jetpack_publicize_message":"","jetpack_publicize_feature_enabled":true,"jetpack_social_post_already_shared":true,"jetpack_social_options":{"image_generator_settings":{"template":"highway","enabled":false},"version":2}},"categories":[1161,9,44,7671],"tags":[],"class_list":["post-72708","post","type-post","status-publish","format-standard","has-post-thumbnail","hentry","category-ciudadania","category-medio-ambiente","category-noticias-de-hoy","category-politica"],"jetpack_publicize_connections":[],"jetpack_featured_media_url":"https:\/\/i0.wp.com\/miradordeatarfe.es\/wp-content\/uploads\/2024\/11\/6734ed33dfa32.webp?fit=990%2C660&ssl=1","jetpack_likes_enabled":true,"jetpack_sharing_enabled":true,"_links":{"self":[{"href":"https:\/\/miradordeatarfe.es\/index.php?rest_route=\/wp\/v2\/posts\/72708","targetHints":{"allow":["GET"]}}],"collection":[{"href":"https:\/\/miradordeatarfe.es\/index.php?rest_route=\/wp\/v2\/posts"}],"about":[{"href":"https:\/\/miradordeatarfe.es\/index.php?rest_route=\/wp\/v2\/types\/post"}],"author":[{"embeddable":true,"href":"https:\/\/miradordeatarfe.es\/index.php?rest_route=\/wp\/v2\/users\/1"}],"replies":[{"embeddable":true,"href":"https:\/\/miradordeatarfe.es\/index.php?rest_route=%2Fwp%2Fv2%2Fcomments&post=72708"}],"version-history":[{"count":1,"href":"https:\/\/miradordeatarfe.es\/index.php?rest_route=\/wp\/v2\/posts\/72708\/revisions"}],"predecessor-version":[{"id":72710,"href":"https:\/\/miradordeatarfe.es\/index.php?rest_route=\/wp\/v2\/posts\/72708\/revisions\/72710"}],"wp:featuredmedia":[{"embeddable":true,"href":"https:\/\/miradordeatarfe.es\/index.php?rest_route=\/wp\/v2\/media\/72709"}],"wp:attachment":[{"href":"https:\/\/miradordeatarfe.es\/index.php?rest_route=%2Fwp%2Fv2%2Fmedia&parent=72708"}],"wp:term":[{"taxonomy":"category","embeddable":true,"href":"https:\/\/miradordeatarfe.es\/index.php?rest_route=%2Fwp%2Fv2%2Fcategories&post=72708"},{"taxonomy":"post_tag","embeddable":true,"href":"https:\/\/miradordeatarfe.es\/index.php?rest_route=%2Fwp%2Fv2%2Ftags&post=72708"}],"curies":[{"name":"wp","href":"https:\/\/api.w.org\/{rel}","templated":true}]}}