{"id":72714,"date":"2024-11-15T11:22:00","date_gmt":"2024-11-15T10:22:00","guid":{"rendered":"https:\/\/miradordeatarfe.es\/?p=72714"},"modified":"2024-11-14T13:57:27","modified_gmt":"2024-11-14T12:57:27","slug":"atarfe-34-nuevos-puestos-de-trabajo","status":"publish","type":"post","link":"https:\/\/miradordeatarfe.es\/?p=72714","title":{"rendered":"ATARFE: 34 Nuevos Puestos de Trabajo"},"content":{"rendered":"\n<p class=\"has-medium-font-size\"><strong>EL AYUNTAMIENTO DE ATARFE SE ACOGE AL PROGRAMA ANDALUC\u00cdA ACTIVA Y VA A CONTRATAR 34 PERSONAS PARA TRABAJAR EN PROYECTOS QUE VAN DESTINADOS A MEJORAR EL MUNICIPIO<\/strong><\/p>\n\n\n\n<p>Nuestra Alcaldesa, Yolanda Fern\u00e1ndez, ha asistido al acto de entrega de la subvenci\u00f3n para el Fomento del Empleo Local. Gracias a esta ayuda, Atarfe contar\u00e1 con 34 nuevos empleos para impulsar el trabajo en nuestro pueblo<\/p>\n\n\n\n<figure class=\"wp-block-image size-full\"><img data-recalc-dims=\"1\" loading=\"lazy\" decoding=\"async\" width=\"600\" height=\"603\" src=\"https:\/\/i0.wp.com\/miradordeatarfe.es\/wp-content\/uploads\/2024\/11\/Imagen-de-WhatsApp-2024-11-13-a-las-19.05.34_cfc80385.jpg?resize=600%2C603&#038;ssl=1\" alt=\"\" class=\"wp-image-72725\" srcset=\"https:\/\/i0.wp.com\/miradordeatarfe.es\/wp-content\/uploads\/2024\/11\/Imagen-de-WhatsApp-2024-11-13-a-las-19.05.34_cfc80385.jpg?w=600&amp;ssl=1 600w, https:\/\/i0.wp.com\/miradordeatarfe.es\/wp-content\/uploads\/2024\/11\/Imagen-de-WhatsApp-2024-11-13-a-las-19.05.34_cfc80385.jpg?resize=150%2C150&amp;ssl=1 150w\" sizes=\"auto, (max-width: 600px) 100vw, 600px\" \/><\/figure>\n\n\n\n<p class=\"has-medium-font-size\">Las subvenciones para fomentar la inserci\u00f3n laboral de personas desempleadas en el \u00e1mbito local est\u00e1n dise\u00f1adas para ayudar a personas desempleadas a adquirir experiencia laboral. <\/p>\n\n\n\n<p> De esta manera, los desempleados ganan experiencia pr\u00e1ctica en un entorno real, lo que aumenta sus posibilidades de encontrar empleo en el futuro, mientras que la comunidad se beneficia de los trabajos realizados.<\/p>\n\n\n\n<p>En el programa Andaluc\u00eda Activa las subvenciones a conceder podr\u00e1n financiar las siguientes l\u00edneas:<\/p>\n\n\n\n<p>a) L\u00ednea 1:<strong> Dirigida a ayuntamientos con hasta 50.000 habitantes, permite la contrataci\u00f3n de personas de entre 18 y 35 a\u00f1os, as\u00ed como de aquellos de 45 a\u00f1os o m\u00e1s. Esto ayuda a los j\u00f3venes a adquirir experiencia y a los mayores a reintegrarse al mercado laboral.<\/strong><\/p>\n\n\n\n<p>b) L\u00ednea 2: Dirigida a ayuntamientos con m\u00e1s de 50.000 habitantes, est\u00e1 destinada a la contrataci\u00f3n de personas de 45 a\u00f1os o m\u00e1s.<\/p>\n\n\n\n<p>Ambas l\u00edneas tienen como objetivo mejorar la empleabilidad y ofrecer oportunidades laborales que beneficien a la comunidad.<\/p>\n\n\n\n<p class=\"has-medium-font-size\"><strong>\u00bfA qui\u00e9n va dirigido? <\/strong><\/p>\n\n\n\n<p>A personas<em><strong> desempleadas, inscritas como demandantes de emple<\/strong><\/em>o no ocupadas en el Servicio Andaluz de Empleo, y cuyo domicilio conste para el SAE en Atarfe, y dentro de los siguientes grupos de edad:<\/p>\n\n\n\n<ul class=\"wp-block-list\">\n<li>Entre <em>18 y 35 a\u00f1o<\/em>s, ambos inclusive<\/li>\n\n\n\n<li><em>45 a\u00f1os o m\u00e1s<\/em><\/li>\n<\/ul>\n\n\n\n<p class=\"has-medium-font-size\"><strong>Duraci\u00f3n del contrato: 6 meses<\/strong><\/p>\n\n\n\n<p class=\"has-medium-font-size\"><strong>Puestos disponibles \/ C\u00f3digos de Ocupaci\u00f3n:<\/strong><\/p>\n\n\n\n<p class=\"has-medium-font-size\"><mark style=\"background-color:rgba(0, 0, 0, 0)\" class=\"has-inline-color has-vivid-red-color\">11 Alba\u00f1iles\/as \/ 71211015<br \/>7 Peones\/as de Horticultura, Jardiner\u00eda \/ 95121019<br \/>5 Jardineros\/as en General \/ 61201028<br \/>3 Pintores\/as y\/o Empapeladores\/as \/ 72311035<br \/>1 Herrero\/a, Forjadores en General \/ 73211020<br \/>5 Peones\/as de Construcci\u00f3n de Edificios \/ 96021013<br \/>2 Fontaneros\/as \/ 72211012<\/mark><\/p>\n\n\n\n<p> Importante: <strong>La selecci\u00f3n de candidatos ser\u00e1 realizada por el SAE.<\/strong><\/p>\n\n\n\n<p><strong>M\u00e1s Informaci\u00f3n:<\/strong><br \/>Departamento de Recursos Humanos del Ayuntamiento de Atarfe<br \/>Lunes y Jueves, de 8:00 a 15:00<\/p>\n\n\n\n<figure class=\"wp-block-image size-full is-resized\"><img data-recalc-dims=\"1\" loading=\"lazy\" decoding=\"async\" width=\"600\" height=\"849\" src=\"https:\/\/i0.wp.com\/miradordeatarfe.es\/wp-content\/uploads\/2024\/11\/Imagen-de-WhatsApp-2024-11-14-a-las-12.21.33_03e45359.jpg?resize=600%2C849&#038;ssl=1\" alt=\"\" class=\"wp-image-72716\" style=\"width:723px;height:auto\" srcset=\"https:\/\/i0.wp.com\/miradordeatarfe.es\/wp-content\/uploads\/2024\/11\/Imagen-de-WhatsApp-2024-11-14-a-las-12.21.33_03e45359.jpg?w=600&amp;ssl=1 600w, https:\/\/i0.wp.com\/miradordeatarfe.es\/wp-content\/uploads\/2024\/11\/Imagen-de-WhatsApp-2024-11-14-a-las-12.21.33_03e45359.jpg?resize=212%2C300&amp;ssl=1 212w\" sizes=\"auto, (max-width: 600px) 100vw, 600px\" \/><\/figure>\n","protected":false},"excerpt":{"rendered":"<p>EL AYUNTAMIENTO DE ATARFE SE ACOGE AL PROGRAMA ANDALUC\u00cdA ACTIVA Y VA A CONTRATAR 34&#8230;<\/p>\n","protected":false},"author":1,"featured_media":72715,"comment_status":"closed","ping_status":"closed","sticky":false,"template":"","format":"standard","meta":{"_coblocks_attr":"","_coblocks_dimensions":"","_coblocks_responsive_height":"","_coblocks_accordion_ie_support":"","jetpack_post_was_ever_published":false,"_jetpack_newsletter_access":"","_jetpack_dont_email_post_to_subs":true,"_jetpack_newsletter_tier_id":0,"_jetpack_memberships_contains_paywalled_content":false,"_jetpack_memberships_contains_paid_content":false,"footnotes":"","jetpack_publicize_message":"","jetpack_publicize_feature_enabled":true,"jetpack_social_post_already_shared":true,"jetpack_social_options":{"image_generator_settings":{"template":"highway","enabled":false},"version":2}},"categories":[6916,1161,44],"tags":[],"class_list":["post-72714","post","type-post","status-publish","format-standard","has-post-thumbnail","hentry","category-ayuntamiento-de-atarfe","category-ciudadania","category-noticias-de-hoy"],"jetpack_publicize_connections":[],"jetpack_featured_media_url":"https:\/\/i0.wp.com\/miradordeatarfe.es\/wp-content\/uploads\/2024\/11\/como-darse-alta-como-demandante-empleo_98.webp?fit=1900%2C1069&ssl=1","jetpack_likes_enabled":true,"jetpack_sharing_enabled":true,"_links":{"self":[{"href":"https:\/\/miradordeatarfe.es\/index.php?rest_route=\/wp\/v2\/posts\/72714","targetHints":{"allow":["GET"]}}],"collection":[{"href":"https:\/\/miradordeatarfe.es\/index.php?rest_route=\/wp\/v2\/posts"}],"about":[{"href":"https:\/\/miradordeatarfe.es\/index.php?rest_route=\/wp\/v2\/types\/post"}],"author":[{"embeddable":true,"href":"https:\/\/miradordeatarfe.es\/index.php?rest_route=\/wp\/v2\/users\/1"}],"replies":[{"embeddable":true,"href":"https:\/\/miradordeatarfe.es\/index.php?rest_route=%2Fwp%2Fv2%2Fcomments&post=72714"}],"version-history":[{"count":3,"href":"https:\/\/miradordeatarfe.es\/index.php?rest_route=\/wp\/v2\/posts\/72714\/revisions"}],"predecessor-version":[{"id":72736,"href":"https:\/\/miradordeatarfe.es\/index.php?rest_route=\/wp\/v2\/posts\/72714\/revisions\/72736"}],"wp:featuredmedia":[{"embeddable":true,"href":"https:\/\/miradordeatarfe.es\/index.php?rest_route=\/wp\/v2\/media\/72715"}],"wp:attachment":[{"href":"https:\/\/miradordeatarfe.es\/index.php?rest_route=%2Fwp%2Fv2%2Fmedia&parent=72714"}],"wp:term":[{"taxonomy":"category","embeddable":true,"href":"https:\/\/miradordeatarfe.es\/index.php?rest_route=%2Fwp%2Fv2%2Fcategories&post=72714"},{"taxonomy":"post_tag","embeddable":true,"href":"https:\/\/miradordeatarfe.es\/index.php?rest_route=%2Fwp%2Fv2%2Ftags&post=72714"}],"curies":[{"name":"wp","href":"https:\/\/api.w.org\/{rel}","templated":true}]}}