{"id":72718,"date":"2024-11-17T08:47:00","date_gmt":"2024-11-17T07:47:00","guid":{"rendered":"https:\/\/miradordeatarfe.es\/?p=72718"},"modified":"2024-11-14T13:28:30","modified_gmt":"2024-11-14T12:28:30","slug":"por-primera-vez-en-la-historia-contamos-nosotras","status":"publish","type":"post","link":"https:\/\/miradordeatarfe.es\/?p=72718","title":{"rendered":"Por primera vez en la historia, contamos nosotras"},"content":{"rendered":"\n<p class=\"has-medium-font-size\"><a href=\"https:\/\/blogs.publico.es\/cristina-fallaras\/author\/cristina-fallaras\/\"><\/a><strong>Es la primera vez en toda la historia que las mujeres nos relatamos p\u00fablicamente, una a una y por millones. <\/strong><\/p>\n\n\n\n<p>Si sumamos el alcance del gran movimiento #MeToo, del #Cu\u00e9ntalo, los franceses #BalanceTonPorc y #MeTooIncest o el #SeAcab\u00f3, contamos con un enorme archivo que contiene millones de voces contando la violencia machista, y muy en particular la violencia sexual que sufrimos y hemos sufrido. Es una barbaridad de tal calibre que modifica la sociedad entera, todas las sociedades. Jam\u00e1s antes hab\u00eda sucedido. Todos los relatos sobre nosotras mismas, los personajes que nos representaban, estaban creados por hombres. Muy especialmente los m\u00e1s simb\u00f3licos, desde Eva y la Virgen hasta Madame Bovary, desde Julieta o Pen\u00e9lope hasta Lolita, desde Caperucita a la Bella Durmiente. Por supuesto, conocemos algunas autoras, y otras han quedado tapadas, pero podemos enumerarlas precisamente porque son una excepci\u00f3n.<\/p>\n\n\n\n<p>No me parece casual en absoluto que la primera vez que las mujeres tenemos los mecanismos para&nbsp; narrarnos todas a una, lo primero que emerja sea la violencia. Hab\u00eda una urgencia por contarlo. \u00bfPor qu\u00e9? Porque no lo hab\u00edan narrado quienes s\u00ed pod\u00edan hacerlo. Porque lo hab\u00edan escondido. Porque la violencia contra las mujeres, que es algo habitual, constante y omnipresente, parece que hab\u00eda pasado inadvertida \u2014oh. casualidad\u2014 a los ojos de los que manejaban el relato. Y el relato no solo nos lo han dejado los escritores y los predicadores, tambi\u00e9n los medios de comunicaci\u00f3n. Todos los mecanismos de comunicaci\u00f3n de masas \u2014prensa, adem\u00e1s audiovisuales, industrias culturales, el cine, los libros&#8230;\u2014, todos han relatado gestas, guerras, partidos de f\u00fatbol, dietas, tendencias de moda, motor y bolsa, estrenos, vida de la gente \u00abfamosa\u00bb, supuestas historias de amor o de terror. Y, mira t\u00fa por d\u00f3nde, ahora, esos mismos medios de comunicaci\u00f3n que tan prolijamente dicen haber retratado la sociedad y la actualidad, se sorprenden ahora con lo que contamos las mujeres. Se sorprenden de que seamos tant\u00edsimas, todas. Se sorprenden de que hayamos encontrado un hueco, una brecha en el silencio, y la hayamos aprovechado. \u00bfPara qu\u00e9? Para gritarle a la sociedad que esto somos y esto nos hacen, y nos lo han hecho desde que nacimos.<\/p>\n\n\n\n<p>Deber\u00edan preguntarse los se\u00f1ores de los libros y los se\u00f1ores de los medios por qu\u00e9 durante tantos siglos se ha callado la violencia contra las mujeres. Por qu\u00e9 han tenido que llegar las redes sociales \u2014para cuyo uso no es necesario invertir capital\u2014 para que nosotras las okupemos con el relato de nuestras violencias. Por qu\u00e9 hemos invadido y estamos pobl\u00e1ndolas de narraciones donde contamos \u2014insisto: una a una\u2014 lo que no hab\u00eda sido contado. Porque no se trata de que no existiera. Imaginemos la vida de una mujer a principios del XX, del XIX, del XVII&#8230; Se trata de que ninguno de los hombres que ha manejado el relato de nuestra sociedad jamas hab\u00eda tenido a bien fijarse en las violencias machistas. Mucho menos, narrarlas como lo que son: el pan nuestro de cada d\u00eda.<\/p>\n\n\n\n<p>Esto que estamos haciendo las mujeres es hist\u00f3rico, revolucionario, y por supuesto, por todo ello genera en la sociedad una crisis de un tama\u00f1o que a\u00fan no somos capaces de calibrar. Eso s\u00ed, quede claro que esta crisis, esta revoluci\u00f3n, no la estamos provocando con armas o dolor, ni es fruto del capital, la estamos llevando a cabo solo con palabras. As\u00ed que un respeto por las que narran. Lo hacen por todas, y tambi\u00e9n por todos, y sobre todo por quienes nos suceder\u00e1n.<\/p>\n\n\n\n<p><a href=\"https:\/\/blogs.publico.es\/cristina-fallaras\/author\/cristina-fallaras\/\"><strong>Cristina Fallar\u00e1s<\/strong><\/a><\/p>\n\n\n\n<p>FOTO: Manifestaci\u00f3n del 8M en La Rioja. Imagen de archivo. Alberto Ruiz \/ Europa Press<\/p>\n\n\n\n<p><a href=\"https:\/\/blogs.publico.es\/cristina-fallaras\/2024\/11\/14\/por-primera-vez-en-la-historia-contamos-nosotras\/?doing_wp_cron=1731584546.0915091037750244140625\">https:\/\/blogs.publico.es\/cristina-fallaras\/2024\/11\/14\/por-primera-vez-en-la-historia-contamos-nosotras\/?doing_wp_cron=1731584546.0915091037750244140625<\/a><\/p>\n","protected":false},"excerpt":{"rendered":"<p>Es la primera vez en toda la historia que las mujeres nos relatamos p\u00fablicamente, una&#8230;<\/p>\n","protected":false},"author":1,"featured_media":72719,"comment_status":"closed","ping_status":"closed","sticky":false,"template":"","format":"standard","meta":{"_coblocks_attr":"","_coblocks_dimensions":"","_coblocks_responsive_height":"","_coblocks_accordion_ie_support":"","jetpack_post_was_ever_published":false,"_jetpack_newsletter_access":"","_jetpack_dont_email_post_to_subs":true,"_jetpack_newsletter_tier_id":0,"_jetpack_memberships_contains_paywalled_content":false,"_jetpack_memberships_contains_paid_content":false,"footnotes":"","jetpack_publicize_message":"","jetpack_publicize_feature_enabled":true,"jetpack_social_post_already_shared":true,"jetpack_social_options":{"image_generator_settings":{"template":"highway","enabled":false},"version":2}},"categories":[14,186,44],"tags":[],"class_list":["post-72718","post","type-post","status-publish","format-standard","has-post-thumbnail","hentry","category-feminismo","category-instituciones","category-noticias-de-hoy"],"jetpack_publicize_connections":[],"jetpack_featured_media_url":"https:\/\/i0.wp.com\/miradordeatarfe.es\/wp-content\/uploads\/2024\/11\/EuropaPress_5813202_decenas_personas_manifestacion_8m_marzo_logrono_rioja_espana_dia-1024x683-1.jpg?fit=1024%2C683&ssl=1","jetpack_likes_enabled":true,"jetpack_sharing_enabled":true,"_links":{"self":[{"href":"https:\/\/miradordeatarfe.es\/index.php?rest_route=\/wp\/v2\/posts\/72718","targetHints":{"allow":["GET"]}}],"collection":[{"href":"https:\/\/miradordeatarfe.es\/index.php?rest_route=\/wp\/v2\/posts"}],"about":[{"href":"https:\/\/miradordeatarfe.es\/index.php?rest_route=\/wp\/v2\/types\/post"}],"author":[{"embeddable":true,"href":"https:\/\/miradordeatarfe.es\/index.php?rest_route=\/wp\/v2\/users\/1"}],"replies":[{"embeddable":true,"href":"https:\/\/miradordeatarfe.es\/index.php?rest_route=%2Fwp%2Fv2%2Fcomments&post=72718"}],"version-history":[{"count":1,"href":"https:\/\/miradordeatarfe.es\/index.php?rest_route=\/wp\/v2\/posts\/72718\/revisions"}],"predecessor-version":[{"id":72720,"href":"https:\/\/miradordeatarfe.es\/index.php?rest_route=\/wp\/v2\/posts\/72718\/revisions\/72720"}],"wp:featuredmedia":[{"embeddable":true,"href":"https:\/\/miradordeatarfe.es\/index.php?rest_route=\/wp\/v2\/media\/72719"}],"wp:attachment":[{"href":"https:\/\/miradordeatarfe.es\/index.php?rest_route=%2Fwp%2Fv2%2Fmedia&parent=72718"}],"wp:term":[{"taxonomy":"category","embeddable":true,"href":"https:\/\/miradordeatarfe.es\/index.php?rest_route=%2Fwp%2Fv2%2Fcategories&post=72718"},{"taxonomy":"post_tag","embeddable":true,"href":"https:\/\/miradordeatarfe.es\/index.php?rest_route=%2Fwp%2Fv2%2Ftags&post=72718"}],"curies":[{"name":"wp","href":"https:\/\/api.w.org\/{rel}","templated":true}]}}