{"id":72728,"date":"2024-11-16T11:02:00","date_gmt":"2024-11-16T10:02:00","guid":{"rendered":"https:\/\/miradordeatarfe.es\/?p=72728"},"modified":"2024-11-14T13:13:00","modified_gmt":"2024-11-14T12:13:00","slug":"el-ayuntamiento-de-atarfe-convoca-un-concurso-de-tarjetas-de-navidad","status":"publish","type":"post","link":"https:\/\/miradordeatarfe.es\/?p=72728","title":{"rendered":"EL AYUNTAMIENTO DE ATARFE CONVOCA UN CONCURSO DE TARJETAS DE NAVIDAD"},"content":{"rendered":"\n<p class=\"has-medium-font-size\"><strong>Podr\u00e1n participar todos los ni\u00f1os y ni\u00f1as de Atarfe de la edad comprendida entre 6 y 12 a\u00f1os incluidos, siempre que se acojan a lo establecido en LAS BASES  DEL CONCURSO. <\/strong><\/p>\n\n\n\n<p class=\"has-medium-font-size\">El Ayuntamiento de ATARFE invita a todo el alumnado de primaria a participar en este Concurso de Tarjetas Navide\u00f1as. \u00a1Comparte tu creatividad y celebra la magia de la Navidad! <\/p>\n\n\n\n<p>El contenido de cada postal tendr\u00e1 como tem\u00e1tica central la Navidad y podr\u00e1 contener elementos caracter\u00edsticos de Atarfe. Quedar\u00e1n excluidos los trabajos cuyo contenido sea sexista, hom\u00f3fobo, racista o cualquier expresi\u00f3n violenta que pueda afectar o da\u00f1ar la integridad y el bienestar de otras personas.<\/p>\n\n\n\n<p>Los trabajos deber\u00e1n presentarse en formato A4 sobre papel o cartulina de color blanco, o tama\u00f1o 20 x 30 cm si es sobre lienzo. Puede utilizarse todo tipo de materiales o pinturas, con la \u00fanica condici\u00f3n de no presentar relieves.<br \/>El contenido del dibujo deber\u00e1 ser original e in\u00e9dito y de t\u00e9cnica libre, siempre que se posibilite su reproducci\u00f3n impresa.<\/p>\n\n\n\n<p> <strong>Categor\u00edas:<\/strong><\/p>\n\n\n\n<p>1\u00ba, 2\u00ba y 3\u00ba de Primaria<br \/>4\u00ba, 5\u00ba y 6\u00ba de Primaria<\/p>\n\n\n\n<p> <strong>Premios para la adquisici\u00f3n de material escolar:<\/strong><\/p>\n\n\n\n<p>1\u00ba Premio: 50\u20ac<br \/>2\u00ba Premio: 30\u20ac<br \/>3\u00ba Premio: 20\u20ac<\/p>\n\n\n\n<p><strong>Premio especial:<\/strong> <\/p>\n\n\n\n<p>La tarjeta ganadora de la categor\u00eda de 4\u00ba, 5\u00ba y 6\u00ba ser\u00e1 la felicitaci\u00f3n oficial del Ayuntamiento para esta Navidad.<\/p>\n\n\n\n<p><em>Los ganadores de ambas categor\u00edas encender\u00e1n las luces navide\u00f1as junto a nuestra Alcaldesa<\/em>. <\/p>\n\n\n\n<p>&#x1f4c5;<strong> Fecha l\u00edmite: 25 de Noviembre<br \/>&#x1f4cd; Entrega: Centro Cultural<\/strong><\/p>\n\n\n\n<p>Importante: La participaci\u00f3n ser\u00e1 an\u00f3nima. Tu tarjeta y tu inscripci\u00f3n ir\u00e1n en sobres separados.<\/p>\n\n\n\n<p>\u00a1No pierdas esta oportunidad de ser protagonista de la Navidad de Atarfe!<\/p>\n\n\n\n<p>Bases<br \/><a href=\"https:\/\/drive.google.com\/file\/d\/1jejf4nJfRl7Z33QGBV2iBlUYIYWGeIwG\/view?usp=sharing\">https:\/\/drive.google.com\/file\/d\/1jejf4nJfRl7Z33QGBV2iBlUYIYWGeIwG\/view?usp=sharing<\/a><\/p>\n\n\n\n<p>Inscripci\u00f3n<br \/><a href=\"https:\/\/drive.google.com\/file\/d\/1Wd9UAQwH9ixs02Cm8y7TEoId2wnlJk9f\/view?usp=sharing\">https:\/\/drive.google.com\/file\/d\/1Wd9UAQwH9ixs02Cm8y7TEoId2wnlJk9f\/view?usp=sharing<\/a><\/p>\n\n\n\n<figure class=\"wp-block-image size-full\"><img data-recalc-dims=\"1\" loading=\"lazy\" decoding=\"async\" width=\"600\" height=\"849\" src=\"https:\/\/i0.wp.com\/miradordeatarfe.es\/wp-content\/uploads\/2024\/11\/Imagen-de-WhatsApp-2024-11-13-a-las-13.49.19_4544aef9.jpg?resize=600%2C849&#038;ssl=1\" alt=\"\" class=\"wp-image-72729\" srcset=\"https:\/\/i0.wp.com\/miradordeatarfe.es\/wp-content\/uploads\/2024\/11\/Imagen-de-WhatsApp-2024-11-13-a-las-13.49.19_4544aef9.jpg?w=600&amp;ssl=1 600w, https:\/\/i0.wp.com\/miradordeatarfe.es\/wp-content\/uploads\/2024\/11\/Imagen-de-WhatsApp-2024-11-13-a-las-13.49.19_4544aef9.jpg?resize=212%2C300&amp;ssl=1 212w\" sizes=\"auto, (max-width: 600px) 100vw, 600px\" \/><\/figure>\n","protected":false},"excerpt":{"rendered":"<p>Podr\u00e1n participar todos los ni\u00f1os y ni\u00f1as de Atarfe de la edad comprendida entre 6&#8230;<\/p>\n","protected":false},"author":1,"featured_media":72730,"comment_status":"closed","ping_status":"closed","sticky":false,"template":"","format":"standard","meta":{"_coblocks_attr":"","_coblocks_dimensions":"","_coblocks_responsive_height":"","_coblocks_accordion_ie_support":"","jetpack_post_was_ever_published":false,"_jetpack_newsletter_access":"","_jetpack_dont_email_post_to_subs":true,"_jetpack_newsletter_tier_id":0,"_jetpack_memberships_contains_paywalled_content":false,"_jetpack_memberships_contains_paid_content":false,"footnotes":"","jetpack_publicize_message":"","jetpack_publicize_feature_enabled":true,"jetpack_social_post_already_shared":true,"jetpack_social_options":{"image_generator_settings":{"template":"highway","enabled":false},"version":2}},"categories":[6916,187,44],"tags":[],"class_list":["post-72728","post","type-post","status-publish","format-standard","has-post-thumbnail","hentry","category-ayuntamiento-de-atarfe","category-centros-educativos","category-noticias-de-hoy"],"jetpack_publicize_connections":[],"jetpack_featured_media_url":"https:\/\/i0.wp.com\/miradordeatarfe.es\/wp-content\/uploads\/2024\/11\/Imagen-de-WhatsApp-2024-11-13-a-las-13.49.19_4544aef9-1.jpg?fit=599%2C404&ssl=1","jetpack_likes_enabled":true,"jetpack_sharing_enabled":true,"_links":{"self":[{"href":"https:\/\/miradordeatarfe.es\/index.php?rest_route=\/wp\/v2\/posts\/72728","targetHints":{"allow":["GET"]}}],"collection":[{"href":"https:\/\/miradordeatarfe.es\/index.php?rest_route=\/wp\/v2\/posts"}],"about":[{"href":"https:\/\/miradordeatarfe.es\/index.php?rest_route=\/wp\/v2\/types\/post"}],"author":[{"embeddable":true,"href":"https:\/\/miradordeatarfe.es\/index.php?rest_route=\/wp\/v2\/users\/1"}],"replies":[{"embeddable":true,"href":"https:\/\/miradordeatarfe.es\/index.php?rest_route=%2Fwp%2Fv2%2Fcomments&post=72728"}],"version-history":[{"count":1,"href":"https:\/\/miradordeatarfe.es\/index.php?rest_route=\/wp\/v2\/posts\/72728\/revisions"}],"predecessor-version":[{"id":72731,"href":"https:\/\/miradordeatarfe.es\/index.php?rest_route=\/wp\/v2\/posts\/72728\/revisions\/72731"}],"wp:featuredmedia":[{"embeddable":true,"href":"https:\/\/miradordeatarfe.es\/index.php?rest_route=\/wp\/v2\/media\/72730"}],"wp:attachment":[{"href":"https:\/\/miradordeatarfe.es\/index.php?rest_route=%2Fwp%2Fv2%2Fmedia&parent=72728"}],"wp:term":[{"taxonomy":"category","embeddable":true,"href":"https:\/\/miradordeatarfe.es\/index.php?rest_route=%2Fwp%2Fv2%2Fcategories&post=72728"},{"taxonomy":"post_tag","embeddable":true,"href":"https:\/\/miradordeatarfe.es\/index.php?rest_route=%2Fwp%2Fv2%2Ftags&post=72728"}],"curies":[{"name":"wp","href":"https:\/\/api.w.org\/{rel}","templated":true}]}}