{"id":72732,"date":"2024-11-15T08:25:00","date_gmt":"2024-11-15T07:25:00","guid":{"rendered":"https:\/\/miradordeatarfe.es\/?p=72732"},"modified":"2024-11-14T13:28:07","modified_gmt":"2024-11-14T12:28:07","slug":"salvar-a-mazon-y-a-feijoo-aun-a-costa-de-europa","status":"publish","type":"post","link":"https:\/\/miradordeatarfe.es\/?p=72732","title":{"rendered":"Salvar a Maz\u00f3n y a Feij\u00f3o, aun a costa de Europa"},"content":{"rendered":"\n<p class=\"has-medium-font-size\"><strong>El filibusterismo del PP en Bruselas contra Ribera forma parte de una estrategia para tapar su responsabilidad en la gesti\u00f3n de la dana<\/strong><\/p>\n\n\n\n<p>Las grandes crisis sacan lo mejor y lo peor de cada pa\u00eds; de su ciudadan\u00eda y de su clase pol\u00edtica. El pasado <a href=\"https:\/\/elpais.com\/eps\/2024-03-03\/el-gran-bulo-asi-se-fabrico-la-teoria-de-la-conspiracion-tras-los-atentados-del-11-m.html\" target=\"_blank\" rel=\"noreferrer noopener\">marzo se cumplieron 20 a\u00f1os del mayor bulo jam\u00e1s contado en la joven democracia espa\u00f1ola: el 11-M<\/a> de 2004, un atentado yihadista revent\u00f3 varios trenes y caus\u00f3 192 muertos en v\u00edsperas de unas elecciones generales. \u201cTengo la certeza de que ha sido ETA\u201d, dijo el entonces presidente del Gobierno, Jos\u00e9 Mar\u00eda Aznar, a varios directores de peri\u00f3dicos, incluido EL PA\u00cdS. Despu\u00e9s se arm\u00f3 toda <a href=\"https:\/\/elpais.com\/diario\/2006\/09\/30\/espana\/1159567203_850215.html\" target=\"_blank\" rel=\"noreferrer noopener\">una teor\u00eda de la conspiraci\u00f3n totalmente ajena a la evidencia<\/a> y a lo que acab\u00f3 dictaminando la sentencia judicial. Todo para tapar una mentira pol\u00edtica. No sirvi\u00f3.<\/p>\n\n\n\n<p>Esa din\u00e1mica vuelve a aparecer en el horizonte. Hace dos semanas, el cielo se abati\u00f3 en forma de agua sobre Valencia y caus\u00f3 m\u00e1s de 200 muertos. Con un aviso rojo de la Aemet desde el amanecer, la Generalitat presidida por Carlos Maz\u00f3n fue incapaz de alertar en tiempo y forma a sus ciudadanos ante la cat\u00e1strofe clim\u00e1tica; <a href=\"https:\/\/elpais.com\/espana\/comunidad-valenciana\/2024-11-08\/la-respuesta-de-la-generalitat-el-dia-de-la-dana-ocho-horas-en-las-que-desdeno-los-avisos-de-aemet-alcaldes-112-y-la-confederacion-del-jucar.html\" target=\"_blank\" rel=\"noreferrer noopener\">las negligencias de Maz\u00f3n son cada vez m\u00e1s claras<\/a> y son incomparables a los fallos que pueda haber protagonizado el Gobierno central. Generalitat y Gobierno consiguieron durante unos d\u00edas mantener la unidad con encendidos elogios del presidente valenciano a la rapidez y disponibilidad del Ejecutivo central. Pero la err\u00e1tica estrategia de los populares ha conectado finalmente con su tradici\u00f3n y ha decidido tapar un error catastr\u00f3fico pasando al ataque. <a href=\"https:\/\/elpais.com\/internacional\/2024-11-12\/el-ppe-y-los-ultras-aprovechan-el-examen-europeo-de-ribera-para-criticarla-duramente-por-la-gestion-de-la-dana.html\" target=\"_blank\" rel=\"noreferrer noopener\">El PP ha elegido a la vicepresidenta Teresa Ribera como v\u00edctima propiciatoria para tapar su mala gesti\u00f3n<\/a>. El debate est\u00e1 ya definitivamente embarrado. Y no solo en Espa\u00f1a: tambi\u00e9n en Bruselas.<\/p>\n\n\n\n<p>El bloqueo que el Partido Popular Europeo, a trav\u00e9s del PP espa\u00f1ol, est\u00e1 imponiendo para que se constituya la pr\u00f3xima Comisi\u00f3n Europea, en un momento en que las instituciones comunitarias debieran ser m\u00e1s estables que nunca, tiene pocos precedentes. Dilatar (aun a riesgo de frustrar) el nombramiento de todo el Ejecutivo comunitario con el argumento de que <a href=\"https:\/\/elpais.com\/internacional\/elecciones-europeas\/2024-09-17\/von-der-leyen-presenta-la-nueva-comision-europea-con-teresa-ribera-como-pieza-clave.html\" target=\"_blank\" rel=\"noreferrer noopener\">Ribera, llamada a ser la n\u00famero dos de Ursula von der Leyen,<\/a> tiene que rendir cuentas en el Congreso espa\u00f1ol sobre la dana resulta impropio de un partido serio que, adem\u00e1s, se define como europe\u00edsta. Ning\u00fan otro partido de oposici\u00f3n en la UE con posibilidades de gobernar hace ejercicios de filibusterismo de ese calibre.<\/p>\n\n\n\n<p>La desafortunada novedad ahora es que el primer grupo de la Euroc\u00e1mara se preste a desestabilizar la instituci\u00f3n con m\u00e1s poder de la UE para sacar r\u00e9dito pol\u00edtico en uno solo de los Estados miembros (Espa\u00f1a) y, en el fondo, para enmascarar su propia responsabilidad pol\u00edtica en la tragedia.<\/p>\n\n\n\n<p>El movimiento del PP espa\u00f1ol tiene profundas consecuencias sobre el proyecto europeo. El PPE parece decidido a poner fin en esta legislatura a la alianza entre conservadores, socialistas y liberales que ha codirigido la UE desde su fundaci\u00f3n. La mayor\u00eda proeuropea se resquebraja: los populares acusan a liberales y socialdem\u00f3cratas de no entender que la aritm\u00e9tica del Parlamento Europeo ha cambiado. Y <a href=\"https:\/\/elpais.com\/internacional\/2024-11-13\/los-socialistas-europeos-amenazan-con-romper-la-coalicion-proeuropea-y-acusan-al-ppe-de-aliarse-con-los-ultras-y-maniobrar-contra-ribera.html\" target=\"_blank\" rel=\"noreferrer noopener\">socialistas y verdes advierten al PPE del riesgo de bloqueo si prosigue su acercamiento a la ultraderecha.<\/a> La evaluaci\u00f3n de Ribera en la Euroc\u00e1mara se ha convertido en la prueba de fuego de la estrategia del l\u00edder popular en el Parlamento, el alem\u00e1n Manfred Weber, enfrentado a su compa\u00f1era de grupo Von der Leyen. El arriesgado movimiento de Weber toma como palanca la fuga hacia adelante del l\u00edder del PP espa\u00f1ol, <a href=\"https:\/\/elpais.com\/espana\/2024-11-13\/feijoo-pide-al-gobierno-que-retire-la-candidatura-de-teresa-ribera-a-la-comision-europea.html\" target=\"_blank\" rel=\"noreferrer noopener\">Alberto N\u00fa\u00f1ez Feij\u00f3o, que en su intento por salvar al presidente de la Generalitat, y su propio liderazgo,<\/a> ha ido buscando chivos expiatorios hasta dar con Ribera. Esta marruller\u00eda cortoplacista, unida a la temeraria visi\u00f3n de largo plazo de Weber, puede abocar a la Uni\u00f3n a una crisis de gobernabilidad, hasta el punto de condenar al fracaso a la Comisi\u00f3n de Von der Leyen o de obligar a la alemana a basar su segundo mandato en el apoyo de fuerzas claramente contrarias a la integraci\u00f3n europea como el grupo Patriotas por Europa (encabezado por Orb\u00e1n y con Vox entre sus miembros) o los ultraconservadores (ECR) de la neofascista Giorgia Meloni.<\/p>\n\n\n\n<p>La derecha europea se adentrar\u00eda as\u00ed en <em>terra incognita<\/em> justo cuando en la otra orilla del Atl\u00e1ntico aparece Donald Trump. En la corta andadura de esta legislatura, iniciada en julio, <a href=\"https:\/\/elpais.com\/espana\/2024-06-06\/pp-y-vox-convierten-el-parlamento-europeo-en-una-tercera-camara-para-hacer-oposicion-a-pedro-sanchez.html\" target=\"_blank\" rel=\"noreferrer noopener\">el PPE ya se ha saltado varias veces el cord\u00f3n sanitario y ha pactado con la ultraderecha<\/a> aun a costa de dejar a los socialistas y verdes en la estacada. Ese riesgo estaba ah\u00ed desde el 9-J, ante el empuje de la marea ultra, y ahora se materializa n\u00edtidamente. Pero la UE es una estructura pol\u00edtica demasiado valiosa y delicada como para aplicarle una mera aritm\u00e9tica de suma de esca\u00f1os. La integraci\u00f3n comunitaria ha avanzado gracias al impulso de partidos que, m\u00e1s all\u00e1 de sus diferencias ideol\u00f3gicas, pon\u00edan por encima de todo el inter\u00e9s com\u00fan de mantener una Europa unida, pr\u00f3spera y en paz.<a href=\"https:\/\/elpais.com\/opinion\/2024-03-09\/shame-on-manfred-weber.html\" target=\"_blank\" rel=\"noreferrer noopener\"> Weber y el PPE, empujados por el PP espa\u00f1ol,<\/a> parecen despreciar el valor intangible de esa gran coalici\u00f3n entre las principales fuerzas del continente de derecha e izquierda. Su ceguera puede condenar al continente a una crisis pol\u00edtica justo cuando deber\u00eda estar cerrando filas para hacer frente al segundo mandato de Trump, a\u00fan m\u00e1s imprevisible y potencialmente peligroso para Europa que el primero.<\/p>\n\n\n\n<p>EDITORIAL DEL PAIS<\/p>\n\n\n\n<p>FOTO: La ministra Teresa Ribera participa en la audiencia ante el Parlamento Europeo para confirmar su cargo como vicepresidenta para una Transici\u00f3n Limpia, Justa y Competitiva, este mi\u00e9rcoles en Bruselas.OLIVIER HOSLET (EFE)<\/p>\n\n\n\n<p><a href=\"https:\/\/elpais.com\/opinion\/2024-11-14\/salvar-a-mazon-y-a-feijoo-aun-a-costa-de-europa.html\">https:\/\/elpais.com\/opinion\/2024-11-14\/salvar-a-mazon-y-a-feijoo-aun-a-costa-de-europa.html<\/a><\/p>\n","protected":false},"excerpt":{"rendered":"<p>El filibusterismo del PP en Bruselas contra Ribera forma parte de una estrategia para tapar&#8230;<\/p>\n","protected":false},"author":1,"featured_media":72733,"comment_status":"closed","ping_status":"closed","sticky":false,"template":"","format":"standard","meta":{"_coblocks_attr":"","_coblocks_dimensions":"","_coblocks_responsive_height":"","_coblocks_accordion_ie_support":"","jetpack_post_was_ever_published":false,"_jetpack_newsletter_access":"","_jetpack_dont_email_post_to_subs":true,"_jetpack_newsletter_tier_id":0,"_jetpack_memberships_contains_paywalled_content":false,"_jetpack_memberships_contains_paid_content":false,"footnotes":"","jetpack_publicize_message":"","jetpack_publicize_feature_enabled":true,"jetpack_social_post_already_shared":true,"jetpack_social_options":{"image_generator_settings":{"template":"highway","enabled":false},"version":2}},"categories":[10803,44,7671],"tags":[],"class_list":["post-72732","post","type-post","status-publish","format-standard","has-post-thumbnail","hentry","category-europa","category-noticias-de-hoy","category-politica"],"jetpack_publicize_connections":[],"jetpack_featured_media_url":"https:\/\/miradordeatarfe.es\/wp-content\/uploads\/2024\/11\/QPQ4Z52S7744V6TQF2BWS5ETQ4.avif","jetpack_likes_enabled":true,"jetpack_sharing_enabled":true,"_links":{"self":[{"href":"https:\/\/miradordeatarfe.es\/index.php?rest_route=\/wp\/v2\/posts\/72732","targetHints":{"allow":["GET"]}}],"collection":[{"href":"https:\/\/miradordeatarfe.es\/index.php?rest_route=\/wp\/v2\/posts"}],"about":[{"href":"https:\/\/miradordeatarfe.es\/index.php?rest_route=\/wp\/v2\/types\/post"}],"author":[{"embeddable":true,"href":"https:\/\/miradordeatarfe.es\/index.php?rest_route=\/wp\/v2\/users\/1"}],"replies":[{"embeddable":true,"href":"https:\/\/miradordeatarfe.es\/index.php?rest_route=%2Fwp%2Fv2%2Fcomments&post=72732"}],"version-history":[{"count":1,"href":"https:\/\/miradordeatarfe.es\/index.php?rest_route=\/wp\/v2\/posts\/72732\/revisions"}],"predecessor-version":[{"id":72734,"href":"https:\/\/miradordeatarfe.es\/index.php?rest_route=\/wp\/v2\/posts\/72732\/revisions\/72734"}],"wp:featuredmedia":[{"embeddable":true,"href":"https:\/\/miradordeatarfe.es\/index.php?rest_route=\/wp\/v2\/media\/72733"}],"wp:attachment":[{"href":"https:\/\/miradordeatarfe.es\/index.php?rest_route=%2Fwp%2Fv2%2Fmedia&parent=72732"}],"wp:term":[{"taxonomy":"category","embeddable":true,"href":"https:\/\/miradordeatarfe.es\/index.php?rest_route=%2Fwp%2Fv2%2Fcategories&post=72732"},{"taxonomy":"post_tag","embeddable":true,"href":"https:\/\/miradordeatarfe.es\/index.php?rest_route=%2Fwp%2Fv2%2Ftags&post=72732"}],"curies":[{"name":"wp","href":"https:\/\/api.w.org\/{rel}","templated":true}]}}