{"id":72738,"date":"2024-11-18T09:48:00","date_gmt":"2024-11-18T08:48:00","guid":{"rendered":"https:\/\/miradordeatarfe.es\/?p=72738"},"modified":"2024-11-15T16:58:34","modified_gmt":"2024-11-15T15:58:34","slug":"requiem-por-los-arboles-de-la-avenida-de-calvo-sotelo","status":"publish","type":"post","link":"https:\/\/miradordeatarfe.es\/?p=72738","title":{"rendered":"R\u00e9quiem por los \u00e1rboles de la Avenida de Calvo Sotelo"},"content":{"rendered":"\n<p class=\"has-medium-font-size\"><strong>Efem\u00e9rides de @LaHemeroteca \u00b7 En enero de 1974 la destrucci\u00f3n del hist\u00f3rico bulevar se encontr\u00f3 con la oposici\u00f3n de los vecinos del barrio<\/strong><\/p>\n\n\n\n<p>Se hizo en nombre del futuro, en nombre de la modernidad que obligaba a dejar espacio a los coches para que tuvieran acceso r\u00e1pido y f\u00e1cil hasta el mismo coraz\u00f3n de la ciudad. Por eso se tach\u00f3 de reaccionarios a quienes se opon\u00edan al progreso que, en la avenida de Calvo Sotelo, signific\u00f3 destrozar un hist\u00f3rico bulevar y arrancar de cuajo sus \u00e1rboles.<\/p>\n\n\n\n<p>Con lo que no contaban las autoridades de aquel momento era con un grupo de rebeldes se\u00f1oras que, despu\u00e9s de prepararles la merienda a sus ni\u00f1os, les cogieron de la mano y se los llevaron a manifestarse para salvar aquellos pl\u00e1tanos de indias a cuya sombra hab\u00eda crecido.<\/p>\n\n\n\n<p>Muchos de los lectores de este art\u00edculo recordar\u00e1n aquel bonito bulevar. Era un agradable paseo muy cuidado por ser uno de los principales accesos a la ciudad desde que, all\u00e1 por el siglo XIX, llegara el ferrocarril a la estaci\u00f3n de Andaluces (apeadero de las l\u00edneas de M\u00e1laga y Sevilla), o a la del Sur (de donde sal\u00edan los trenes hacia Madrid y Levante por Moreda). A principios del siglo XX, por all\u00ed circulaban los land\u00f3s en direcci\u00f3n a la flamante Gran V\u00eda tras pasar por la legendaria Cruz Blanca y el Campo del Triunfo con su coso taurino.<\/p>\n\n\n\n<p>De acuerdo con la \u00e9poca en la que fue trazada, se dise\u00f1\u00f3 a modo de bulevar, con una v\u00eda central para el tr\u00e1fico de veh\u00edculos, dos aceras laterales para los peatones y dos calzadas m\u00e1s por los que m\u00e1s tarde circular\u00edan los tranv\u00edas. Los \u00e1rboles plantados a lo largo de todo el recorrido le daban sombra y solera a la avenida.<\/p>\n\n\n\n<p>Primero Real de San L\u00e1zaro, m\u00e1s tarde de Alfonso XIII hasta que, por motivos obvios, en 1931 pas\u00f3 a llamarse de la II Rep\u00fablica, volver\u00eda a cambiar de nombre en 1937 por el de avenida de Calvo Sotelo,y, a partir de 1981, la conocemos como de la Constituci\u00f3n.<\/p>\n\n\n\n<h3 class=\"wp-block-heading\">Las madres de Calvo Sotelo<\/h3>\n\n\n\n<p>En los a\u00f1os setenta, fecha en la que transcurri\u00f3 la efem\u00e9ride que hoy recordamos, Calvo Sotelo era una calle bonita y acogedora. Las empresas, que ten\u00edan sus almacenes en la zona, se hab\u00edan ido desplazando al norte de la ciudad y la avenida se qued\u00f3 como residencia de familias acomodadas que viv\u00edan en elegantes edificios proyectados por arquitectos como \u00c1ngel Casas, Fern\u00e1ndez F\u00edgares o Garc\u00eda de Paredes, el autor del Auditorio Manuel de Falla.<\/p>\n\n\n\n<p>Por aquel elegante bulevar sol\u00edan pasear los vecinos y los del antiguo San L\u00e1zaro antes o despu\u00e9s de la cena: \u00abUna de las cosas que m\u00e1s me gustaban de esa calle era ver los tranv\u00edas que circulaban por los laterales\u00bb, explica Fernando Carlos Rodr\u00edguez L\u00f3pez, que creci\u00f3 en la que conocemos hoy como &#8216;<a href=\"https:\/\/www.ideal.es\/hemerotecadegranada\/vida-casa-galleta-20180207111955-nt.html\">La casa de la Galleta<\/a>&#8216;, \u00abrecuerdo los juegos en aquellos paseos centrales, y en las aceras sol\u00edamos patinar\u00bb. En este recuerdo coincide con un vecino de su infancia, Manuel Orozco Redondo. El padre de Manuel, colaborador de este diario, fue muy cr\u00edtico con aquella tala, pero lo fue m\u00e1s su madre, que no dud\u00f3 incluso en encadenarse a aquellos \u00e1rboles para evitar que los talaran: \u00abfue una protesta abanderada por las mujeres del barrio que vieron como una traici\u00f3n la idea de cambiar la fisonom\u00eda de la calle a golpe de sierra\u00bb, explica Manuel Orozco que recuerda como su madre, Carmen Redondo, no dudaba en llamar a las vecinas en cuanto o\u00edan que las m\u00e1quinas de acercaban. \u00abFueron protestas pac\u00edficas, apunta Fernando Carlos, creo que porque entonces a las mujeres se las trataba con m\u00e1s condescendencia, y amablemente, la polic\u00eda les ped\u00edan que se marcharan\u00bb, aunque no hay que olvidar que a\u00fan Franco estaba vivo, y no estaba acostumbrada la sociedad, ni sus pol\u00edticos, a desaf\u00edos de ning\u00fan tipo.<\/p>\n\n\n\n<p>A las protestas se unieron destacadas personalidades de la sociedad y cultura granadina, y el gesto \u00e9pico de Eulalia Dolores de la Higuera, abrazada a un pl\u00e1tano de indias, se extendi\u00f3 por la ciudad como una leyenda. Mariluz Escribano, fue otra de las defensoras de aquella alameda.<\/p>\n\n\n\n<p>Ante el revuelo el alcalde, en un intento de congraciarse con los medios de comunicaci\u00f3n, reuni\u00f3 a sus responsables una noche en su despacho: se iban a destruir 430 \u00e1rboles, s\u00ed, pero se sustituir\u00edan por otros 620, entre palmeras, magnolios, cedros y pinos m\u00e1s 5000 metros cuadrados de jard\u00edn donde se plantar\u00edan rosales, tulipanes, petunias, mimosas, pensamientos o alhel\u00edes, explic\u00f3 Jos\u00e9 Luis P\u00e9rez Serrabona \u00abNo s\u00e9 hacer pol\u00edtica con los \u00e1rboles\u00bb, dijo.<\/p>\n\n\n\n<figure class=\"wp-block-image size-full\"><img data-recalc-dims=\"1\" loading=\"lazy\" decoding=\"async\" width=\"640\" height=\"404\" src=\"https:\/\/i0.wp.com\/miradordeatarfe.es\/wp-content\/uploads\/2024\/11\/Screenshot-2024-11-15-at-16-55-07-Requiem-por-los-arboles-de-la-Avenida-de-Calvo-Sotelo-Ideal.png?resize=640%2C404&#038;ssl=1\" alt=\"\" class=\"wp-image-72739\" srcset=\"https:\/\/i0.wp.com\/miradordeatarfe.es\/wp-content\/uploads\/2024\/11\/Screenshot-2024-11-15-at-16-55-07-Requiem-por-los-arboles-de-la-Avenida-de-Calvo-Sotelo-Ideal.png?w=820&amp;ssl=1 820w, https:\/\/i0.wp.com\/miradordeatarfe.es\/wp-content\/uploads\/2024\/11\/Screenshot-2024-11-15-at-16-55-07-Requiem-por-los-arboles-de-la-Avenida-de-Calvo-Sotelo-Ideal.png?resize=300%2C189&amp;ssl=1 300w, https:\/\/i0.wp.com\/miradordeatarfe.es\/wp-content\/uploads\/2024\/11\/Screenshot-2024-11-15-at-16-55-07-Requiem-por-los-arboles-de-la-Avenida-de-Calvo-Sotelo-Ideal.png?resize=768%2C484&amp;ssl=1 768w, https:\/\/i0.wp.com\/miradordeatarfe.es\/wp-content\/uploads\/2024\/11\/Screenshot-2024-11-15-at-16-55-07-Requiem-por-los-arboles-de-la-Avenida-de-Calvo-Sotelo-Ideal.png?resize=540%2C340&amp;ssl=1 540w\" sizes=\"auto, (max-width: 640px) 100vw, 640px\" \/><\/figure>\n\n\n\n<p>La tala sac\u00f3 a la luz el grave problema que ten\u00eda Granada por la falta de zonas verdes y no fue la primera protesta en este sentido. Algo parecido hab\u00eda ocurrido con las obras del Camino de Ronda, con las espl\u00e9ndidas acacias de Plaza Nueva y con los cipreses de la huerta de los Escolapios. Aquellos d\u00edas, adem\u00e1s de por el arbolado de Calvo Sotelo, los granadinos se preguntaban qu\u00e9 pasar\u00eda con el Carmen de los M\u00e1rtires, pues el ayuntamiento hab\u00eda manifestado su intenci\u00f3n de convertirlo en un hotel de 5 estrellas.<\/p>\n\n\n\n<p>Calvo Sotelo fue la muestra de lo que significaba el implacable desarrollismo de los a\u00f1os sesenta y setenta. Lo curioso es que, treinta a\u00f1os despu\u00e9s, en 2006, volvieron a talarse los \u00e1rboles plantados por Serrabona para construir el bulevar que hoy conocemos.<\/p>\n\n\n\n<p><strong>Amanda Mart\u00ednez<\/strong><\/p>\n\n\n\n<p>FOTO; Protesta para salvar la alameda de Calvo Sotelo Torres Molina\/Archivo de Ideal<\/p>\n\n\n\n<p><a href=\"https:\/\/www.ideal.es\/hemerotecadegranada\/requiem-arboles-avenida-20190126132839-nt.html\">https:\/\/www.ideal.es\/hemerotecadegranada\/requiem-arboles-avenida-20190126132839-nt.html<\/a><\/p>\n","protected":false},"excerpt":{"rendered":"<p>Efem\u00e9rides de @LaHemeroteca \u00b7 En enero de 1974 la destrucci\u00f3n del hist\u00f3rico bulevar se encontr\u00f3&#8230;<\/p>\n","protected":false},"author":1,"featured_media":72740,"comment_status":"closed","ping_status":"closed","sticky":false,"template":"","format":"standard","meta":{"_coblocks_attr":"","_coblocks_dimensions":"","_coblocks_responsive_height":"","_coblocks_accordion_ie_support":"","jetpack_post_was_ever_published":false,"_jetpack_newsletter_access":"","_jetpack_dont_email_post_to_subs":false,"_jetpack_newsletter_tier_id":0,"_jetpack_memberships_contains_paywalled_content":false,"_jetpack_memberships_contains_paid_content":false,"footnotes":"","jetpack_publicize_message":"","jetpack_publicize_feature_enabled":true,"jetpack_social_post_already_shared":true,"jetpack_social_options":{"image_generator_settings":{"template":"highway","default_image_id":0,"enabled":false},"version":2}},"categories":[10781,44,6937],"tags":[],"class_list":["post-72738","post","type-post","status-publish","format-standard","has-post-thumbnail","hentry","category-granada","category-noticias-de-hoy","category-sociedad"],"jetpack_publicize_connections":[],"jetpack_featured_media_url":"https:\/\/i0.wp.com\/miradordeatarfe.es\/wp-content\/uploads\/2024\/11\/4_manifa_tala-keT-U70395847844jNI-624x385%40Ideal.webp?fit=621%2C385&ssl=1","jetpack_likes_enabled":true,"jetpack_sharing_enabled":true,"_links":{"self":[{"href":"https:\/\/miradordeatarfe.es\/index.php?rest_route=\/wp\/v2\/posts\/72738","targetHints":{"allow":["GET"]}}],"collection":[{"href":"https:\/\/miradordeatarfe.es\/index.php?rest_route=\/wp\/v2\/posts"}],"about":[{"href":"https:\/\/miradordeatarfe.es\/index.php?rest_route=\/wp\/v2\/types\/post"}],"author":[{"embeddable":true,"href":"https:\/\/miradordeatarfe.es\/index.php?rest_route=\/wp\/v2\/users\/1"}],"replies":[{"embeddable":true,"href":"https:\/\/miradordeatarfe.es\/index.php?rest_route=%2Fwp%2Fv2%2Fcomments&post=72738"}],"version-history":[{"count":2,"href":"https:\/\/miradordeatarfe.es\/index.php?rest_route=\/wp\/v2\/posts\/72738\/revisions"}],"predecessor-version":[{"id":72743,"href":"https:\/\/miradordeatarfe.es\/index.php?rest_route=\/wp\/v2\/posts\/72738\/revisions\/72743"}],"wp:featuredmedia":[{"embeddable":true,"href":"https:\/\/miradordeatarfe.es\/index.php?rest_route=\/wp\/v2\/media\/72740"}],"wp:attachment":[{"href":"https:\/\/miradordeatarfe.es\/index.php?rest_route=%2Fwp%2Fv2%2Fmedia&parent=72738"}],"wp:term":[{"taxonomy":"category","embeddable":true,"href":"https:\/\/miradordeatarfe.es\/index.php?rest_route=%2Fwp%2Fv2%2Fcategories&post=72738"},{"taxonomy":"post_tag","embeddable":true,"href":"https:\/\/miradordeatarfe.es\/index.php?rest_route=%2Fwp%2Fv2%2Ftags&post=72738"}],"curies":[{"name":"wp","href":"https:\/\/api.w.org\/{rel}","templated":true}]}}