{"id":72752,"date":"2024-11-18T11:03:54","date_gmt":"2024-11-18T10:03:54","guid":{"rendered":"https:\/\/miradordeatarfe.es\/?p=72752"},"modified":"2024-11-16T11:12:04","modified_gmt":"2024-11-16T10:12:04","slug":"tiempos-reciospor-remedios-sanchez","status":"publish","type":"post","link":"https:\/\/miradordeatarfe.es\/?p=72752","title":{"rendered":"\u00abTIEMPOS RECIOS\u00bbpor Remedios S\u00e1nchez"},"content":{"rendered":"\n<p class=\"has-medium-font-size\"><strong>Sucede que el fr\u00edo ha llegado, que en Estados Unidos han elegido -democr\u00e1ticamente- a un presidente que va contra sus propios intereses, contra las libertades y contra el sentido com\u00fan.<\/strong><\/p>\n\n\n\n<p> Mientras, en Espa\u00f1a, Maz\u00f3n no se da por enterado de que en Valencia han muerto m\u00e1s de 224 personas, pero no por un constipado o una operaci\u00f3n a coraz\u00f3n abierto, sino por no tomar decisiones a tiempo; por apagar el m\u00f3vil en horas de trabajo aunado a una incapacidad evidente para gestionar una crisis que ha dejado una comunidad entera sumergida en la desesperaci\u00f3n y el barro.<\/p>\n\n\n\n<p> Ocurre tambi\u00e9n que se quiere utilizar la desgracia para frustrar el nombramiento como Comisaria Europea de Teresa Ribera, una ministra espa\u00f1ola que hizo lo previsto en el protocolo: llamar insistentemente al presidente valenciano para saber qu\u00e9 medidas se estaban tomando en una situaci\u00f3n de extrema gravedad. L\u00e1stima que no tuviera tiempo de cogerle el tel\u00e9fono. Y conste que si el Gobierno de Espa\u00f1a se hubiera entrometido en la gesti\u00f3n del caos con mayor o menor fortuna -que traducido implica: con m\u00e1s o menos fallecidos-, \u00a0le hubiera ca\u00eddo encima una querella. Fijo.<\/p>\n\n\n\n<p>Porque lo que subyace, en s\u00edntesis, es que aqu\u00ed todo est\u00e1 ideologizado: los juzgados, los muertos, la tragedia, la desesperaci\u00f3n y, si nos descuidamos, hasta la carta de ajuste televisiva, caso de que existiera. Por politizar, est\u00e1n intentando dome\u00f1ar hasta la creatividad, que los intelectuales libres siempre han sido gente peligrosa y conviene atarlos en corto, vayamos a que digan lo que no conviene en las tertulias y aclaren algo en esta situaci\u00f3n de desconcierto generalizado que padece la ciudadan\u00eda.<\/p>\n\n\n\n<p>Hemos llegado a un punto en que cuesta distinguir la verdad de tanta falsificaci\u00f3n por el grado extremo de desinformaci\u00f3n creado por unos y otros a trav\u00e9s de sus voceros, de los pseudo-periodistas kamikazes o de los youtubers\/instagrammers; mientras, los medios tradicionales serios que llevaban d\u00e9cadas contando \u00a0lo noticiable (cada cual, evidentemente, con su corazoncito de izquierda\/derecha), han quedado postergados frente a estos alarmistas medi\u00e1ticos que han hecho de la vileza infamante y del populismo barato una forma de ganar audiencia televisivas o en sus redes dej\u00e1ndonos indefensos. Y esta gente, gracias a sus miles de seguidores, a la masa municipal y espesa machadiana que no piensa y s\u00f3lo embiste (y sigo con don Antonio), perpet\u00faa y acrecienta la tensi\u00f3n social impidiendo el di\u00e1logo coherente, ese modo razonable de discrepar que hemos tenido en los m\u00e1s de cuarenta a\u00f1os de democracia. <\/p>\n\n\n\n<p>De ello se aprovechan los radicales de izquierda y derecha para lanzar bulos, mentiras que acaban por anidar en el pensamiento colectivo. Es dif\u00edcil mantener una conversaci\u00f3n constructiva ahora, hacer pa\u00eds con este mar de fondo de crispaci\u00f3n, porque lo que no implique vapulear a un personaje, al margen del argumentario o de la veracidad de las afirmaciones, no interesa. Queremos culpables para calmar la rabia, aunque atacarlos se fundamente en invenciones interesadas. As\u00ed la verdad pasa desapercibida entre tanto insulto y descr\u00e9dito como impiden analizar los problemas que padecemos y buscar soluciones coherentes desde un consenso en lo m\u00ednimamente razonable. Convendr\u00eda frenar un instante, pararse a pensar hacia d\u00f3nde estamos derivando y tomar decisiones l\u00f3gicas. La primera, exigir responsabilidades a estos falsarios da\u00f1inos y, \u00a0la segunda, lograr que profesionales cualificados tomen las riendas de los partidos pol\u00edticos para afrontar dignamente lo que se nos viene, estos tiempos recios.<\/p>\n\n\n\n<p>FOTO: <a href=\"https:\/\/bloglaboral.garrigues.com\/difundir-fake-news-sobre-la-empresa-puede-costar-el-despido\">https:\/\/bloglaboral.garrigues.com\/difundir-fake-news-sobre-la-empresa-puede-costar-el-despido<\/a><\/p>\n","protected":false},"excerpt":{"rendered":"<p>Sucede que el fr\u00edo ha llegado, que en Estados Unidos han elegido -democr\u00e1ticamente- a un&#8230;<\/p>\n","protected":false},"author":1,"featured_media":72753,"comment_status":"closed","ping_status":"closed","sticky":false,"template":"","format":"standard","meta":{"_coblocks_attr":"","_coblocks_dimensions":"","_coblocks_responsive_height":"","_coblocks_accordion_ie_support":"","jetpack_post_was_ever_published":false,"_jetpack_newsletter_access":"","_jetpack_dont_email_post_to_subs":true,"_jetpack_newsletter_tier_id":0,"_jetpack_memberships_contains_paywalled_content":false,"_jetpack_memberships_contains_paid_content":false,"footnotes":"","jetpack_publicize_message":"","jetpack_publicize_feature_enabled":true,"jetpack_social_post_already_shared":true,"jetpack_social_options":{"image_generator_settings":{"template":"highway","enabled":false},"version":2}},"categories":[1161,44,7671,6914],"tags":[],"class_list":["post-72752","post","type-post","status-publish","format-standard","has-post-thumbnail","hentry","category-ciudadania","category-noticias-de-hoy","category-politica","category-opinion-de-reme-sanchez"],"jetpack_publicize_connections":[],"jetpack_featured_media_url":"https:\/\/i0.wp.com\/miradordeatarfe.es\/wp-content\/uploads\/2024\/11\/old-fashioned-pinocchio-news-boy-holding-fake-newspaper-picture-id893110848.jpg?fit=1024%2C512&ssl=1","jetpack_likes_enabled":true,"jetpack_sharing_enabled":true,"_links":{"self":[{"href":"https:\/\/miradordeatarfe.es\/index.php?rest_route=\/wp\/v2\/posts\/72752","targetHints":{"allow":["GET"]}}],"collection":[{"href":"https:\/\/miradordeatarfe.es\/index.php?rest_route=\/wp\/v2\/posts"}],"about":[{"href":"https:\/\/miradordeatarfe.es\/index.php?rest_route=\/wp\/v2\/types\/post"}],"author":[{"embeddable":true,"href":"https:\/\/miradordeatarfe.es\/index.php?rest_route=\/wp\/v2\/users\/1"}],"replies":[{"embeddable":true,"href":"https:\/\/miradordeatarfe.es\/index.php?rest_route=%2Fwp%2Fv2%2Fcomments&post=72752"}],"version-history":[{"count":1,"href":"https:\/\/miradordeatarfe.es\/index.php?rest_route=\/wp\/v2\/posts\/72752\/revisions"}],"predecessor-version":[{"id":72754,"href":"https:\/\/miradordeatarfe.es\/index.php?rest_route=\/wp\/v2\/posts\/72752\/revisions\/72754"}],"wp:featuredmedia":[{"embeddable":true,"href":"https:\/\/miradordeatarfe.es\/index.php?rest_route=\/wp\/v2\/media\/72753"}],"wp:attachment":[{"href":"https:\/\/miradordeatarfe.es\/index.php?rest_route=%2Fwp%2Fv2%2Fmedia&parent=72752"}],"wp:term":[{"taxonomy":"category","embeddable":true,"href":"https:\/\/miradordeatarfe.es\/index.php?rest_route=%2Fwp%2Fv2%2Fcategories&post=72752"},{"taxonomy":"post_tag","embeddable":true,"href":"https:\/\/miradordeatarfe.es\/index.php?rest_route=%2Fwp%2Fv2%2Ftags&post=72752"}],"curies":[{"name":"wp","href":"https:\/\/api.w.org\/{rel}","templated":true}]}}