{"id":72755,"date":"2024-11-19T09:00:00","date_gmt":"2024-11-19T08:00:00","guid":{"rendered":"https:\/\/miradordeatarfe.es\/?p=72755"},"modified":"2024-11-17T19:55:24","modified_gmt":"2024-11-17T18:55:24","slug":"como-impactan-las-noticias-falsas-en-la-democracia-y-en-la-confianza-ciudadana-en-los-medios","status":"publish","type":"post","link":"https:\/\/miradordeatarfe.es\/?p=72755","title":{"rendered":"\u00bfC\u00f3mo impactan las noticias falsas en la democracia y en la confianza ciudadana en los medios?"},"content":{"rendered":"\n<p>En un contexto <strong>marcado por la proliferaci\u00f3n de las noticias falsas y la tergiversaci\u00f3n de la informaci\u00f3n<\/strong>, dos estudios recientes, liderados por <a href=\"https:\/\/scholar.google.es\/citations?user=Nkzwm4IAAAAJ&amp;hl=es\"><strong>Livia Garc\u00eda Faroldi de la Universidad de M\u00e1laga<\/strong><\/a>, arrojan luz sobre la percepci\u00f3n ciudadana respecto a la desinformaci\u00f3n y la confianza en los medios de comunicaci\u00f3n en Espa\u00f1a. El primero, <strong><a href=\"https:\/\/www.researchgate.net\/publication\/372457732_Noticias_falsas_y_percepcion_ciudadana_el_papel_del_periodismo_de_calidad_contra_la_desinformacion\">\u2018Noticias falsas y percepci\u00f3n ciudadana: el papel del periodismo de calidad contra la desinformaci\u00f3n\u2019<\/a><\/strong>, que ha contado con la <strong>participaci\u00f3n de <a href=\"https:\/\/scholar.google.es\/citations?hl=es&amp;user=-T3Z6ZgAAAAJ\">la investigadora Elena Blanco<\/a><\/strong>, se ha centrado en c\u00f3mo los ciudadanos europeos, especialmente en Espa\u00f1a, enfrentan y perciben la desinformaci\u00f3n, destacando que <strong>m\u00e1s del 80% de los espa\u00f1oles se siente expuesto a noticias falsas<\/strong>, viendo en el periodismo de calidad una herramienta crucial para combatir este fen\u00f3meno.<\/p>\n\n\n\n<p>Por otro lado, el segundo estudio, <a href=\"https:\/\/dialnet.unirioja.es\/servlet\/articulo?codigo=9239342\">que lleva por t\u00edtulo <strong>\u2018Imagen de los medios de comunicaci\u00f3n ante la creciente complejidad informativa: an\u00e1lisis de la opini\u00f3n p\u00fablica espa\u00f1ola (2018-2021)\u2019<\/strong><\/a><strong>,<\/strong> se sumerge en la crisis de confianza que afecta a los medios de comunicaci\u00f3n tradicionales en Espa\u00f1a, evidenciando un descenso notable en la confianza del p\u00fablico hacia estos, en contraste con una mayor confianza depositada en el periodismo de calidad. Este trabajo pone de manifiesto no solo la disminuci\u00f3n de la credibilidad en los medios tradicionales frente a las redes sociales, sino tambi\u00e9n la percepci\u00f3n de la ciudadan\u00eda sobre la fiabilidad y la diversidad de puntos de vista que los medios tradicionales ofrecen, a pesar de reconocer las presiones comerciales y pol\u00edticas a las que est\u00e1n sujetos.<\/p>\n\n\n\n<h3 class=\"wp-block-heading\">La noticias falsas y el ecosistema informativo<\/h3>\n\n\n\n<p>Ambas investigaciones subrayan la <strong>creciente <a href=\"https:\/\/www.disinformationresearch.uma.es\/2023\/11\/28\/llega-a-espana-la-oficina-editorial-de-la-teen-fact-checking-network\/\">complejidad del ecosistema informativo<\/a> y la importancia de fomentar la alfabetizaci\u00f3n medi\u00e1tica entre la ciudadan\u00eda<\/strong> para mejorar la capacidad de discernir entre <strong>informaci\u00f3n fiable y desinformaci\u00f3n<\/strong>. Los resultados revelan una demanda clara por parte de la poblaci\u00f3n de un periodismo que no solo sea diverso y de calidad, sino tambi\u00e9n libre de influencias indebidas, junto con un apoyo decidido a los servicios de verificaci\u00f3n de contenidos. Este enfoque resalta la responsabilidad compartida entre medios, profesionales de la informaci\u00f3n y autoridades p\u00fablicas para asegurar un entorno informativo saludable y democr\u00e1tico.<\/p>\n\n\n\n<p>La convergencia de estos estudios apunta hacia un escenario en el que, pese a los desaf\u00edos presentes, existe un reconocimiento del <strong>papel vital que el periodismo de calidad juega en la preservaci\u00f3n de la democracia<\/strong> y en la lucha contra la desinformaci\u00f3n, subrayando la necesidad de estrategias integrales que refuercen la confianza p\u00fablica en los medios de comunicaci\u00f3n.<\/p>\n\n\n\n<p><a href=\"https:\/\/www.disinformationresearch.uma.es\/2024\/02\/15\/impacto-noticias-falsas-democracia-confianza-ciudadania\">https:\/\/www.disinformationresearch.uma.es\/2024\/02\/15\/impacto-noticias-falsas-democracia-confianza-ciudadania<\/a><\/p>\n","protected":false},"excerpt":{"rendered":"<p>En un contexto marcado por la proliferaci\u00f3n de las noticias falsas y la tergiversaci\u00f3n de&#8230;<\/p>\n","protected":false},"author":1,"featured_media":72756,"comment_status":"closed","ping_status":"closed","sticky":false,"template":"","format":"standard","meta":{"_coblocks_attr":"","_coblocks_dimensions":"","_coblocks_responsive_height":"","_coblocks_accordion_ie_support":"","jetpack_post_was_ever_published":false,"_jetpack_newsletter_access":"","_jetpack_dont_email_post_to_subs":true,"_jetpack_newsletter_tier_id":0,"_jetpack_memberships_contains_paywalled_content":false,"_jetpack_memberships_contains_paid_content":false,"footnotes":"","jetpack_publicize_message":"","jetpack_publicize_feature_enabled":true,"jetpack_social_post_already_shared":true,"jetpack_social_options":{"image_generator_settings":{"template":"highway","enabled":false},"version":2}},"categories":[1161,44,7671],"tags":[],"class_list":["post-72755","post","type-post","status-publish","format-standard","has-post-thumbnail","hentry","category-ciudadania","category-noticias-de-hoy","category-politica"],"jetpack_publicize_connections":[],"jetpack_featured_media_url":"https:\/\/i0.wp.com\/miradordeatarfe.es\/wp-content\/uploads\/2024\/11\/DALL%C2%B7E-2024-02-15-13.05.04-Una-ilustracion-conceptual-que-representa-el-desafio-de-la-desinformacion-en-la-sociedad-con-imagenes-simbolicas-como-noticias-falsas-volando-por-el-.webp?fit=1200%2C686&ssl=1","jetpack_likes_enabled":true,"jetpack_sharing_enabled":true,"_links":{"self":[{"href":"https:\/\/miradordeatarfe.es\/index.php?rest_route=\/wp\/v2\/posts\/72755","targetHints":{"allow":["GET"]}}],"collection":[{"href":"https:\/\/miradordeatarfe.es\/index.php?rest_route=\/wp\/v2\/posts"}],"about":[{"href":"https:\/\/miradordeatarfe.es\/index.php?rest_route=\/wp\/v2\/types\/post"}],"author":[{"embeddable":true,"href":"https:\/\/miradordeatarfe.es\/index.php?rest_route=\/wp\/v2\/users\/1"}],"replies":[{"embeddable":true,"href":"https:\/\/miradordeatarfe.es\/index.php?rest_route=%2Fwp%2Fv2%2Fcomments&post=72755"}],"version-history":[{"count":2,"href":"https:\/\/miradordeatarfe.es\/index.php?rest_route=\/wp\/v2\/posts\/72755\/revisions"}],"predecessor-version":[{"id":72758,"href":"https:\/\/miradordeatarfe.es\/index.php?rest_route=\/wp\/v2\/posts\/72755\/revisions\/72758"}],"wp:featuredmedia":[{"embeddable":true,"href":"https:\/\/miradordeatarfe.es\/index.php?rest_route=\/wp\/v2\/media\/72756"}],"wp:attachment":[{"href":"https:\/\/miradordeatarfe.es\/index.php?rest_route=%2Fwp%2Fv2%2Fmedia&parent=72755"}],"wp:term":[{"taxonomy":"category","embeddable":true,"href":"https:\/\/miradordeatarfe.es\/index.php?rest_route=%2Fwp%2Fv2%2Fcategories&post=72755"},{"taxonomy":"post_tag","embeddable":true,"href":"https:\/\/miradordeatarfe.es\/index.php?rest_route=%2Fwp%2Fv2%2Ftags&post=72755"}],"curies":[{"name":"wp","href":"https:\/\/api.w.org\/{rel}","templated":true}]}}