{"id":72762,"date":"2024-11-17T10:30:00","date_gmt":"2024-11-17T09:30:00","guid":{"rendered":"https:\/\/miradordeatarfe.es\/?p=72762"},"modified":"2024-11-17T09:44:33","modified_gmt":"2024-11-17T08:44:33","slug":"informacion-del-ayuntamiento-del-homenaje-a-enrique-morente","status":"publish","type":"post","link":"https:\/\/miradordeatarfe.es\/?p=72762","title":{"rendered":"INFORMACI\u00d3N DEL AYUNTAMIENTO DEL HOMENAJE A ENRIQUE MORENTE"},"content":{"rendered":"\n<p class=\"has-medium-font-size\"><strong>Tras el aplazamiento debido a la Alerta Meteorol\u00f3gica, retomamos esta actividad el 10 de diciembre, para celebrar el D\u00eda Internacional del Flamenco y conmemorar los 14 a\u00f1os del fallecimiento de Enrique Morente.<\/strong><\/p>\n\n\n\n<p>Importante: Si ya tienes tu invitaci\u00f3n previa, esta no es v\u00e1lida. Puedes conseguir una nueva en &#x1f449; https:\/\/www.giglon.com\/todos?idEvent=homenaje-a-enrique-morente-omega o en la taquilla del Centro Cultural Medina Elvira.<\/p>\n\n\n\n<p class=\"has-medium-font-size\"><strong>Actividades:<\/strong><\/p>\n\n\n\n<p><strong> Charla-Coloquio <\/strong>con <strong>Aurora Carbonell y Sole\u00e1 Morente<\/strong> (esposa e hija de Enrique) junto a <strong>Cristina Cruces<\/strong>, antrop\u00f3loga. Reflexionar\u00e1n sobre el impacto de Morente y su disco \u00abOmega\u00bb.<\/p>\n\n\n\n<p><strong>Proyecci\u00f3n del documental \u00abOMEGA\u00bb<\/strong>, nominada al Goya 2017, que explora la fusi\u00f3n del flamenco y el rock.<\/p>\n\n\n\n<p>&#x1f4c5; Fecha: 10 de diciembre<br \/>&#x1f554; Hora: 18:00<br \/>&#x1f4cd; Lugar: Centro Cultural Medina Elvira<\/p>\n\n\n\n<p><strong>Organiza Concejal\u00eda de Participaci\u00f3n Ciudadana, Fundaci\u00f3n Enrique Morente y PICGA.<\/strong> <\/p>\n\n\n\n<figure class=\"wp-block-image size-full\"><img data-recalc-dims=\"1\" loading=\"lazy\" decoding=\"async\" width=\"600\" height=\"849\" src=\"https:\/\/i0.wp.com\/miradordeatarfe.es\/wp-content\/uploads\/2024\/11\/Imagen-de-WhatsApp-2024-11-15-a-las-12.46.06_42290aba.jpg?resize=600%2C849&#038;ssl=1\" alt=\"\" class=\"wp-image-72763\" srcset=\"https:\/\/i0.wp.com\/miradordeatarfe.es\/wp-content\/uploads\/2024\/11\/Imagen-de-WhatsApp-2024-11-15-a-las-12.46.06_42290aba.jpg?w=600&amp;ssl=1 600w, https:\/\/i0.wp.com\/miradordeatarfe.es\/wp-content\/uploads\/2024\/11\/Imagen-de-WhatsApp-2024-11-15-a-las-12.46.06_42290aba.jpg?resize=212%2C300&amp;ssl=1 212w\" sizes=\"auto, (max-width: 600px) 100vw, 600px\" \/><\/figure>\n\n\n\n\n","protected":false},"excerpt":{"rendered":"<p>Tras el aplazamiento debido a la Alerta Meteorol\u00f3gica, retomamos esta actividad el 10 de diciembre,&#8230;<\/p>\n","protected":false},"author":1,"featured_media":0,"comment_status":"closed","ping_status":"closed","sticky":false,"template":"","format":"standard","meta":{"_coblocks_attr":"","_coblocks_dimensions":"","_coblocks_responsive_height":"","_coblocks_accordion_ie_support":"","jetpack_post_was_ever_published":false,"_jetpack_newsletter_access":"","_jetpack_dont_email_post_to_subs":true,"_jetpack_newsletter_tier_id":0,"_jetpack_memberships_contains_paywalled_content":false,"_jetpack_memberships_contains_paid_content":false,"footnotes":"","jetpack_publicize_message":"","jetpack_publicize_feature_enabled":true,"jetpack_social_post_already_shared":true,"jetpack_social_options":{"image_generator_settings":{"template":"highway","enabled":false},"version":2}},"categories":[2,6916,1161,44],"tags":[],"class_list":["post-72762","post","type-post","status-publish","format-standard","hentry","category-atarfe","category-ayuntamiento-de-atarfe","category-ciudadania","category-noticias-de-hoy"],"jetpack_publicize_connections":[],"jetpack_featured_media_url":"","jetpack_likes_enabled":true,"jetpack_sharing_enabled":true,"_links":{"self":[{"href":"https:\/\/miradordeatarfe.es\/index.php?rest_route=\/wp\/v2\/posts\/72762","targetHints":{"allow":["GET"]}}],"collection":[{"href":"https:\/\/miradordeatarfe.es\/index.php?rest_route=\/wp\/v2\/posts"}],"about":[{"href":"https:\/\/miradordeatarfe.es\/index.php?rest_route=\/wp\/v2\/types\/post"}],"author":[{"embeddable":true,"href":"https:\/\/miradordeatarfe.es\/index.php?rest_route=\/wp\/v2\/users\/1"}],"replies":[{"embeddable":true,"href":"https:\/\/miradordeatarfe.es\/index.php?rest_route=%2Fwp%2Fv2%2Fcomments&post=72762"}],"version-history":[{"count":1,"href":"https:\/\/miradordeatarfe.es\/index.php?rest_route=\/wp\/v2\/posts\/72762\/revisions"}],"predecessor-version":[{"id":72764,"href":"https:\/\/miradordeatarfe.es\/index.php?rest_route=\/wp\/v2\/posts\/72762\/revisions\/72764"}],"wp:attachment":[{"href":"https:\/\/miradordeatarfe.es\/index.php?rest_route=%2Fwp%2Fv2%2Fmedia&parent=72762"}],"wp:term":[{"taxonomy":"category","embeddable":true,"href":"https:\/\/miradordeatarfe.es\/index.php?rest_route=%2Fwp%2Fv2%2Fcategories&post=72762"},{"taxonomy":"post_tag","embeddable":true,"href":"https:\/\/miradordeatarfe.es\/index.php?rest_route=%2Fwp%2Fv2%2Ftags&post=72762"}],"curies":[{"name":"wp","href":"https:\/\/api.w.org\/{rel}","templated":true}]}}