{"id":72768,"date":"2024-11-20T08:25:00","date_gmt":"2024-11-20T07:25:00","guid":{"rendered":"https:\/\/miradordeatarfe.es\/?p=72768"},"modified":"2024-11-17T20:20:30","modified_gmt":"2024-11-17T19:20:30","slug":"como-condicionan-las-redes-y-los-bulos-nuestro-modelo-de-convivencia","status":"publish","type":"post","link":"https:\/\/miradordeatarfe.es\/?p=72768","title":{"rendered":"\u00bfC\u00f3mo condicionan las redes y los bulos nuestro modelo de convivencia?"},"content":{"rendered":"\n<h2 class=\"wp-block-heading has-medium-font-size\">La tragedia de la dana y la campa\u00f1a electoral en EE UU han puesto en evidencia el descarado papel de las plataformas en la propagaci\u00f3n de desinformaci\u00f3n y su capacidad para amenazar la seguridad ciudadana y, a la larga, la propia democracia<\/h2>\n\n\n\n<p>X, antes Twitter, ha marcado la era de las redes sociales como pocas. No hay plataforma que tenga tanta influencia en la difusi\u00f3n de informaci\u00f3n y el intercambio de ideas, y su presencia ha sido esencial para revoluciones como la Primavera \u00c1rabe. Sin embargo, despu\u00e9s de que el magnate Elon Musk se hiciera con ella en 2022 a cambio de 44.000 millones de d\u00f3lares, no solo ha empeorado cualitativamente en su utilidad como herramienta informativa, sino que tambi\u00e9n se ha convertido en una plataforma de difusi\u00f3n masiva de bulos y consignas extremistas conforme su propietario se ha radicalizado en sus ideas pol\u00edticas. Sin embargo, sigue siendo el lugar donde instituciones, pol\u00edticos y empresas divulgan informaci\u00f3n y contactan con los ciudadanos, a la par que una forma de entretenimiento imprescindible para millones de personas. \u00bfHa terminado la era de Twitter? \u00bfHay que marcharse de la plataforma? El periodista <strong>Thiago Ferrer <\/strong>y el ensayista y comunicador pol\u00edtico <strong>Roger Senserrich<\/strong> debaten sobre el tema.<\/p>\n\n\n\n<hr class=\"wp-block-separator has-alpha-channel-opacity\"\/>\n\n\n\n<h3 class=\"wp-block-heading\">Tu contenido le da cr\u00e9dito a Elon Musk<\/h3>\n\n\n\n<h6 class=\"wp-block-heading\">THIAGO FERRER MORINI<\/h6>\n\n\n\n<p>Antes de nada: esto no es un reproche. Twitter, lo que fue Twitter, fue para mucha gente una parte important\u00edsima de sus vidas, un sitio en el que hicieron amigos o formaron parejas e incluso familias, un lugar donde encontrar una comunidad o montar una, descubrir canciones, compartir pasiones, levantarse en armas. Algo tan fundamental para la vida de uno no se abandona a la ligera. Cada uno lleva el duelo como puede y le deja el cuerpo.<\/p>\n\n\n\n<p>Y s\u00ed, la palabra es duelo. Y de Twitter se habla en pasado. Porque cuando Elon Musk le cambi\u00f3 el nombre a la plataforma <a href=\"https:\/\/elpais.com\/economia\/2022-04-25\/twitter-y-elon-musk-llegan-a-un-acuerdo-para-la-compra-de-la-red-social-por-44000-millones-de-dolares.html\" target=\"_blank\" rel=\"noreferrer noopener\">que hab\u00eda comprado por 44.000 millones de d\u00f3lares hizo algo m\u00e1s que rebautizarla<\/a>. Le cambi\u00f3 el prop\u00f3sito.<\/p>\n\n\n\n<p>Es dif\u00edcil saber para qu\u00e9 quer\u00eda Elon Musk hacerse con Twitter y qu\u00e9 quiere hacer de X, porque su opini\u00f3n parece cambiar cada rato, pero la sensaci\u00f3n que da es que lo que quiere es no solo ser el hombre m\u00e1s rico del mundo, sino el m\u00e1s influyente por ser el m\u00e1s rico. Es por eso, quiz\u00e1s, que ha abrazado con tanto \u00edmpetu el trumpismo, que al fin y al cabo es un movimiento que celebra la falta de l\u00edmites de los multimillonarios. \u201cTe dejan hacerlo. Puedes hacerles lo que quieras\u201d, dijo el propio Trump cuando pensaba que nadie le estaba oyendo.<\/p>\n\n\n\n<p>Es esa la tirria que Musk dejaba entrever en el viejo Twitter. Nadie le trataba especialmente por ser el hombre m\u00e1s rico del mundo. Su chip azul de verificaci\u00f3n era el mismo que el de otra gente. Y, lo que es peor, las burlas contra \u00e9l obten\u00edan tanta repercusi\u00f3n o m\u00e1s que sus propios tuits. Todo eso, sin duda, pes\u00f3 mucho en su decisi\u00f3n de comprar la empresa.<\/p>\n\n\n\n<p>Musk promete que a largo plazo su objetivo es que X sea \u201cla aplicaci\u00f3n para todo\u201d, igual que ha prometido el Hyperloop o colonizar Marte. Pero, mientras ese d\u00eda llega, el objetivo de la aplicaci\u00f3n es que su due\u00f1o pueda presumir de que tiene la plataforma m\u00e1s influyente del planeta y esparcir en ella sus ideas. \u00bfY por qu\u00e9 no iba a hacerlo? <a href=\"https:\/\/elpais.com\/internacional\/elecciones-usa\/2024-07-21\/biden-anuncia-que-no-se-presenta-a-la-reeleccion.html\" target=\"_blank\" rel=\"noreferrer noopener\">La decisi\u00f3n m\u00e1s importante de la carrera pol\u00edtica de Joe Biden, presidente de Estados Unidos, fue anunciada en X<\/a>. Las redes de transporte p\u00fablico advierten en ella de sus incidencias, mientras que las agencias gubernamentales avisan de terremotos y tempestades. Ministros, famosos, deportistas, todos sueltan sus novedades en la red de Musk. Y cada uno de ellos confirma la relevancia de su propietario.<\/p>\n\n\n\n<p>\u00bfPero qui\u00e9n est\u00e1 leyendo? Pues un p\u00fablico cada vez m\u00e1s impacientado con las deficiencias de la plataforma, toneladas de bots y sufridos periodistas que, para encontrar las noticias, tienen que entrar con un machete para encontrar las novedades entre anuncios, personalidades creadas con IA, cualquiera que tenga cinco euros y ganas de casito <a href=\"https:\/\/elpais.com\/espana\/2024-08-25\/anatomia-de-un-meme-racista-tres-ensayos-para-una-falsa-revolucion.html\" target=\"_blank\" rel=\"noreferrer noopener\">y los desvar\u00edos del propio Musk, cuyo contenido es m\u00e1s racista, sexista y trumpista cada d\u00eda que pasa<\/a>.<\/p>\n\n\n\n<p>Esto es para lo que sirve X hoy en d\u00eda. Y publicar en ella es obligar a todo aquel que quiera saber qu\u00e9 es lo que est\u00e1 ocurriendo a tragarse, quiera o no, todo ese cenagal. Cualquier instituci\u00f3n, medio, pol\u00edtico o periodista deber\u00eda preguntarse si es eso lo que quiere, si quiere que, para que sepan lo que quiere decir, sus amigos, sus clientes, sus lectores, <a href=\"https:\/\/elpais.com\/opinion\/2024-08-15\/elon-musk-despeja-la-incognita-de-x.html\" target=\"_blank\" rel=\"noreferrer noopener\">tengan que pasar para leerlo por un <em>deepfake<\/em> de Kamala Harris<\/a> y un anuncio de criptomonedas. Y eso en el ya no tan seguro caso de que los algoritmos le dejen siquiera aparecer en el <em>timeline<\/em>.<\/p>\n\n\n\n<p>Es la pregunta que se est\u00e1n haciendo los departamentos de Marketing de miles de empresas: si, por razones obvias, no tienen una presencia institucional en p\u00e1ginas como 4Chan o Forocoches, \u00bfpor qu\u00e9 siguen en X, que se est\u00e1 convirtiendo en un equivalente de sus contenidos a pasos agigantados?<\/p>\n\n\n\n<p>No compensa. <a href=\"https:\/\/x.com\/jaumecollboni\/status\/1832312912569876864\" target=\"_blank\" rel=\"noreferrer noopener\">Los alcaldes de Barcelona<\/a> y <a href=\"https:\/\/x.com\/Anne_Hidalgo\/status\/1729079696464257441\" target=\"_blank\" rel=\"noreferrer noopener\">Par\u00eds han dejado de publicar<\/a>. Las alternativas ya existen (<a href=\"https:\/\/elpais.com\/tecnologia\/2022-11-26\/mastodon-que-es-y-como-funciona-la-red-social-en-la-que-los-usuarios-deciden-que-esta-permitido.html\" target=\"_blank\" rel=\"noreferrer noopener\">algunas de ellas, como Mastodon<\/a>, tienen la ventaja adicional de que est\u00e1n aseguradas ante la posibilidad de que aparezca otro Musk en el futuro) y ya hay instituciones, <a href=\"https:\/\/ec.social-network.europa.eu\/explore\" target=\"_blank\" rel=\"noreferrer noopener\">como la Comisi\u00f3n Europea<\/a>, en ellas. Los mismos procesos de creaci\u00f3n de comunidades, de difusi\u00f3n de historias, de encontrar amistades e intereses, ya est\u00e1n en marcha.<\/p>\n\n\n\n<p>Twitter ya no existe. Los que lo conocimos lo echamos de menos. Pero ya estamos a otra cosa.<\/p>\n\n\n\n<p><a href=\"https:\/\/elpais.com\/autor\/thiago-ferrer-morini\/#?rel=author_top\"><strong>Thiago Ferrer Morini<\/strong><\/a><a href=\"https:\/\/elpais.com\/autor\/roger-senserrich-sogues\/#?rel=author_top\"><strong>Roger Senserrich<\/strong><\/a><\/p>\n\n\n\n<p>Stanislav Kogiku (SOPA Images\/ LightRocket\/ Getty)<\/p>\n\n\n\n\n","protected":false},"excerpt":{"rendered":"<p>La tragedia de la dana y la campa\u00f1a electoral en EE UU han puesto en&#8230;<\/p>\n","protected":false},"author":1,"featured_media":0,"comment_status":"closed","ping_status":"closed","sticky":false,"template":"","format":"standard","meta":{"_coblocks_attr":"","_coblocks_dimensions":"","_coblocks_responsive_height":"","_coblocks_accordion_ie_support":"","jetpack_post_was_ever_published":false,"_jetpack_newsletter_access":"","_jetpack_dont_email_post_to_subs":true,"_jetpack_newsletter_tier_id":0,"_jetpack_memberships_contains_paywalled_content":false,"_jetpack_memberships_contains_paid_content":false,"footnotes":"","jetpack_publicize_message":"","jetpack_publicize_feature_enabled":true,"jetpack_social_post_already_shared":true,"jetpack_social_options":{"image_generator_settings":{"template":"highway","enabled":false},"version":2}},"categories":[1161,44,6937],"tags":[],"class_list":["post-72768","post","type-post","status-publish","format-standard","hentry","category-ciudadania","category-noticias-de-hoy","category-sociedad"],"jetpack_publicize_connections":[],"jetpack_featured_media_url":"","jetpack_likes_enabled":true,"jetpack_sharing_enabled":true,"_links":{"self":[{"href":"https:\/\/miradordeatarfe.es\/index.php?rest_route=\/wp\/v2\/posts\/72768","targetHints":{"allow":["GET"]}}],"collection":[{"href":"https:\/\/miradordeatarfe.es\/index.php?rest_route=\/wp\/v2\/posts"}],"about":[{"href":"https:\/\/miradordeatarfe.es\/index.php?rest_route=\/wp\/v2\/types\/post"}],"author":[{"embeddable":true,"href":"https:\/\/miradordeatarfe.es\/index.php?rest_route=\/wp\/v2\/users\/1"}],"replies":[{"embeddable":true,"href":"https:\/\/miradordeatarfe.es\/index.php?rest_route=%2Fwp%2Fv2%2Fcomments&post=72768"}],"version-history":[{"count":1,"href":"https:\/\/miradordeatarfe.es\/index.php?rest_route=\/wp\/v2\/posts\/72768\/revisions"}],"predecessor-version":[{"id":72769,"href":"https:\/\/miradordeatarfe.es\/index.php?rest_route=\/wp\/v2\/posts\/72768\/revisions\/72769"}],"wp:attachment":[{"href":"https:\/\/miradordeatarfe.es\/index.php?rest_route=%2Fwp%2Fv2%2Fmedia&parent=72768"}],"wp:term":[{"taxonomy":"category","embeddable":true,"href":"https:\/\/miradordeatarfe.es\/index.php?rest_route=%2Fwp%2Fv2%2Fcategories&post=72768"},{"taxonomy":"post_tag","embeddable":true,"href":"https:\/\/miradordeatarfe.es\/index.php?rest_route=%2Fwp%2Fv2%2Ftags&post=72768"}],"curies":[{"name":"wp","href":"https:\/\/api.w.org\/{rel}","templated":true}]}}