{"id":72780,"date":"2024-11-19T10:00:00","date_gmt":"2024-11-19T09:00:00","guid":{"rendered":"https:\/\/miradordeatarfe.es\/?p=72780"},"modified":"2024-11-18T13:02:02","modified_gmt":"2024-11-18T12:02:02","slug":"serio-reves-para-el-atarfe-que-vuelve-a-perder-en-casa-0-1","status":"publish","type":"post","link":"https:\/\/miradordeatarfe.es\/?p=72780","title":{"rendered":"Serio rev\u00e9s para el Atarfe que vuelve a perder en casa, 0-1"},"content":{"rendered":"\n<h2 class=\"wp-block-heading\">El conjunto verdiblanco perdi\u00f3 ante el Cantoria en un partido con pocas ocasiones<\/h2>\n\n\n\n<p>Ante un rival directo, a priori, era el partido indicado para que los atarfe\u00f1os logras en su primer y necesario triunfo en casa. Enfrente tuvo un Cantoria en una situaci\u00f3n tambi\u00e9n complicada con los mismos puntos que el Atarfe y que tan solo hab\u00eda sumado un punto a domicilio.&nbsp;<\/p>\n\n\n\n<p>A los almerienses les bast\u00f3 muy poquito para llevarse un triunfo que alivia su panorama y que agrava el de los verdiblancos.&nbsp;<br \/>Tal vez por la necesidad de ambos, la primera parte fue aburrida. Poco que destacar en las \u00e1reas, demasiado juego directo, muchas imprecisiones y nada de f\u00fatbol. En la primera y \u00fanica aproximaci\u00f3n visitante a la porter\u00eda de \u00c1lvaro en el 31 tambi\u00e9n qued\u00f3 patente los calificativos antes mencionados. Fue un bal\u00f3n en largo que intent\u00f3 proteger Borja para la llegada del meta \u00c1lvaro, que se qued\u00f3 a media salida y Reyes se aprovech\u00f3 para establecer el 0-1. Que a la postre ser\u00eda el resultado definitivo.&nbsp;<\/p>\n\n\n\n<p>Quedaba una hora por delante, incluida la reestructuraci\u00f3n de los de \u00c1ngel Ruiz con hasta seis cambios en un lapsus de quince minutos. Los locales siguieron lo mismo de inoperantes e imprecisos. En el primer cuarto de hora se la reanudaci\u00f3n, el Atarfe mejor\u00f3 e hizo albergar algunas esperanzas para al menos lograr el empate. El portero, Javi Garc\u00eda, en el 55 y en el 60, se tuvo que emplear a fondo para enviar a c\u00f3rner un tiro de Juanillo y un libre directo de Perea. Pero fue solo un espejismo porque el choque volvi\u00f3 a las andadas y el Cantoria con su oficio y orden pudo controlar la situaci\u00f3n para mantener esa m\u00ednima ventaja que incluso pudo ampliar en la recta final con dos paradas de \u00c1lvaro a Reche.&nbsp;<\/p>\n\n\n\n<p><strong>ATARFE INDUSTRIAL: <\/strong>\u00c1lvaro, Perea, Raci (Borja, m. 58), Carlos Espejo (Rodr\u00edguez, m. 58), Bordi, Marcos (Juanjo, m. 45), Bruno (Joseca, m. 45), V\u00edctor D\u00edaz (Adri\u00e1n, m. 45), Serigne, Marcley y Javi Rodelas (Emilio, m. 58).&nbsp;<\/p>\n\n\n\n<p><strong>CD CANTORIA:<\/strong>&nbsp;Javi Garc\u00eda, Reyes, Bernab\u00e9, Carlos Teruel (Paco G\u00f3mez, m. 89), Agu G\u00f3mez (Ram\u00f3n, m. 61), Castillejo, Lisandro ((Piolo, m. 76)(Juanma Blesa, m. 86)), Luisma, Mario Carmona (Reche, m. 80), Quintero y David Sim\u00f3n.&nbsp;<\/p>\n\n\n\n<p><strong>GOLES<\/strong>: 0-1, m. 31, Reyes;&nbsp;<\/p>\n\n\n\n<p><strong>\u00c1RBITRO<\/strong>: Garc\u00eda Mart\u00edn (M\u00e1laga). Amonest\u00f3 por los locales a Marcos, Javi Rodelas, Emilio y Borja y por los visitantes a Quintero, Paco G\u00f3mez, Luisma, Castillejo y Reche. Expuls\u00f3 al visitante Christopher (73\u2019) por roja directa.&nbsp;<\/p>\n\n\n\n<p><strong>INCIDENCIAS<\/strong>: Encuentro de la jornada 10\u00aa en Divisi\u00f3n de Honor en el Municipal de Atarfe ante 150 aficionados .&nbsp;<\/p>\n\n\n\n<p><strong>Jes\u00fas Rosillo \/ <\/strong><\/p>\n\n\n\n<p>FOTO: <a href=\"https:\/\/www.granadaenjuego.com\/ficheros\/202411\/imagen58285_0_original.jpg\"><\/a><em>El Atarfe sigue sin ganar en casa (JOS\u00c9 M. BALDOMERO \/ARCHIVO)<\/em><\/p>\n\n\n\n<p><a href=\"https:\/\/www.granadaenjuego.com\/atarfe-industrial-\/serio-reves-para-el-atarfe-que-vuelve-a-perder-en-casa--0-1\">https:\/\/www.granadaenjuego.com\/atarfe-industrial-\/serio-reves-para-el-atarfe-que-vuelve-a-perder-en-casa&#8211;0-1<\/a><\/p>\n","protected":false},"excerpt":{"rendered":"<p>El conjunto verdiblanco perdi\u00f3 ante el Cantoria en un partido con pocas ocasiones Ante un&#8230;<\/p>\n","protected":false},"author":1,"featured_media":72781,"comment_status":"closed","ping_status":"closed","sticky":false,"template":"","format":"standard","meta":{"_coblocks_attr":"","_coblocks_dimensions":"","_coblocks_responsive_height":"","_coblocks_accordion_ie_support":"","jetpack_post_was_ever_published":false,"_jetpack_newsletter_access":"","_jetpack_dont_email_post_to_subs":true,"_jetpack_newsletter_tier_id":0,"_jetpack_memberships_contains_paywalled_content":false,"_jetpack_memberships_contains_paid_content":false,"footnotes":"","jetpack_publicize_message":"","jetpack_publicize_feature_enabled":true,"jetpack_social_post_already_shared":true,"jetpack_social_options":{"image_generator_settings":{"template":"highway","enabled":false},"version":2}},"categories":[182,186,44],"tags":[],"class_list":["post-72780","post","type-post","status-publish","format-standard","has-post-thumbnail","hentry","category-deportes","category-instituciones","category-noticias-de-hoy"],"jetpack_publicize_connections":[],"jetpack_featured_media_url":"https:\/\/i0.wp.com\/miradordeatarfe.es\/wp-content\/uploads\/2024\/11\/imagen58285_0_original.jpg?fit=1100%2C735&ssl=1","jetpack_likes_enabled":true,"jetpack_sharing_enabled":true,"_links":{"self":[{"href":"https:\/\/miradordeatarfe.es\/index.php?rest_route=\/wp\/v2\/posts\/72780","targetHints":{"allow":["GET"]}}],"collection":[{"href":"https:\/\/miradordeatarfe.es\/index.php?rest_route=\/wp\/v2\/posts"}],"about":[{"href":"https:\/\/miradordeatarfe.es\/index.php?rest_route=\/wp\/v2\/types\/post"}],"author":[{"embeddable":true,"href":"https:\/\/miradordeatarfe.es\/index.php?rest_route=\/wp\/v2\/users\/1"}],"replies":[{"embeddable":true,"href":"https:\/\/miradordeatarfe.es\/index.php?rest_route=%2Fwp%2Fv2%2Fcomments&post=72780"}],"version-history":[{"count":1,"href":"https:\/\/miradordeatarfe.es\/index.php?rest_route=\/wp\/v2\/posts\/72780\/revisions"}],"predecessor-version":[{"id":72782,"href":"https:\/\/miradordeatarfe.es\/index.php?rest_route=\/wp\/v2\/posts\/72780\/revisions\/72782"}],"wp:featuredmedia":[{"embeddable":true,"href":"https:\/\/miradordeatarfe.es\/index.php?rest_route=\/wp\/v2\/media\/72781"}],"wp:attachment":[{"href":"https:\/\/miradordeatarfe.es\/index.php?rest_route=%2Fwp%2Fv2%2Fmedia&parent=72780"}],"wp:term":[{"taxonomy":"category","embeddable":true,"href":"https:\/\/miradordeatarfe.es\/index.php?rest_route=%2Fwp%2Fv2%2Fcategories&post=72780"},{"taxonomy":"post_tag","embeddable":true,"href":"https:\/\/miradordeatarfe.es\/index.php?rest_route=%2Fwp%2Fv2%2Ftags&post=72780"}],"curies":[{"name":"wp","href":"https:\/\/api.w.org\/{rel}","templated":true}]}}